{"id":55837,"date":"2023-09-14T21:17:44","date_gmt":"2023-09-14T19:17:44","guid":{"rendered":"https:\/\/www.schiebener.net\/wordpress\/?p=55837"},"modified":"2023-09-14T21:41:28","modified_gmt":"2023-09-14T19:41:28","slug":"umleitung-meteorologen-werden-von-wissenschaftsleugnern-angegriffen-cdu-fdp-arbeiten-mit-afd-zusammen-zeitgeist-radikalisierung-denunziation-antisemitismus-und-mehr","status":"publish","type":"post","link":"https:\/\/www.schiebener.net\/wordpress\/umleitung-meteorologen-werden-von-wissenschaftsleugnern-angegriffen-cdu-fdp-arbeiten-mit-afd-zusammen-zeitgeist-radikalisierung-denunziation-antisemitismus-und-mehr\/","title":{"rendered":"Umleitung: Meteorologen werden von Wissenschaftsleugnern angegriffen, CDU &#038; FDP arbeiten mit AfD zusammen, Zeitgeist &#8222;Radikalisierung&#8220;, Denunziation, Antisemitismus und mehr&#8230;"},"content":{"rendered":"<div class=\"wp-block-image\">\n<figure class=\"aligncenter size-large is-resized\"><a href=\"https:\/\/www.schiebener.net\/wordpress\/wp-content\/uploads\/2023\/09\/2023091401Neuschwanstein.jpg\" target=\"_blank\" rel=\"noreferrer noopener\"><img decoding=\"async\" src=\"https:\/\/www.schiebener.net\/wordpress\/wp-content\/uploads\/2023\/09\/2023091401Neuschwanstein-1024x768.jpg\" alt=\"\" class=\"wp-image-55839\" style=\"width:700px\" width=\"700\" srcset=\"https:\/\/www.schiebener.net\/wordpress\/wp-content\/uploads\/2023\/09\/2023091401Neuschwanstein-1024x768.jpg 1024w, https:\/\/www.schiebener.net\/wordpress\/wp-content\/uploads\/2023\/09\/2023091401Neuschwanstein-300x225.jpg 300w, https:\/\/www.schiebener.net\/wordpress\/wp-content\/uploads\/2023\/09\/2023091401Neuschwanstein-768x576.jpg 768w, https:\/\/www.schiebener.net\/wordpress\/wp-content\/uploads\/2023\/09\/2023091401Neuschwanstein-1536x1152.jpg 1536w, https:\/\/www.schiebener.net\/wordpress\/wp-content\/uploads\/2023\/09\/2023091401Neuschwanstein-1200x900.jpg 1200w, https:\/\/www.schiebener.net\/wordpress\/wp-content\/uploads\/2023\/09\/2023091401Neuschwanstein.jpg 2048w\" sizes=\"(max-width: 709px) 85vw, (max-width: 909px) 67vw, (max-width: 1362px) 62vw, 840px\" \/><\/a><figcaption class=\"wp-element-caption\">Ob es ausreicht, Nazi-Sticker zu \u00fcberkleben? Die vielen Tabubr\u00fcche der CDU machen mir Angst. Nazi-Denke breitet sich vermehrt in der b\u00fcrgerlichen Mitte aus. Was tun? (foto: zoom)<\/figcaption><\/figure>\n<\/div>\n\n\n<p><strong>Fernseh-Meteorologen k\u00e4mpfen um die Wahrheit:<\/strong> Weil sie \u00fcber die Zusammenh\u00e4nge von Wetter und Klimakrise aufkl\u00e4ren, sehen sie sich immer h\u00e4ufiger Angriffen von Wissenschaftsleugnern ausgesetzt &#8230; <a href=\"https:\/\/www.tagesschau.de\/inland\/gesellschaft\/angriffe-wettermoderatoren-100.html\" data-type=\"link\" data-id=\"https:\/\/www.tagesschau.de\/inland\/gesellschaft\/angriffe-wettermoderatoren-100.html\" target=\"_blank\" rel=\"noreferrer noopener\">tagesschau<\/a><\/p>\n\n\n\n<p><strong>Zusammenarbeit von CDU, FDP und Nazis*:<\/strong> Mit den Stimmen von CDU, AfD und FDP hat der th\u00fcringische Landtag eine Steuersenkung beschlossen &#8211; und damit die rot-rot-gr\u00fcne Regierung \u00fcberstimmt &#8230; <a rel=\"noreferrer noopener\" href=\"https:\/\/www.tagesschau.de\/inland\/innenpolitik\/thueringen-opposition-steuersenkung-100.html\" data-type=\"link\" data-id=\"https:\/\/www.tagesschau.de\/inland\/innenpolitik\/thueringen-opposition-steuersenkung-100.html\" target=\"_blank\">tagesschau<\/a><\/p>\n\n\n\n<p><strong>Brandmauer br\u00f6ckelt in Th\u00fcringen:<\/strong> AfD verhilft CDU zu Steuersenkung &#8230; <a href=\"https:\/\/taz.de\/Brandmauer-broeckelt-in-Thueringen\/!5960403\/\" data-type=\"link\" data-id=\"https:\/\/taz.de\/Brandmauer-broeckelt-in-Thueringen\/!5960403\/\" target=\"_blank\" rel=\"noreferrer noopener\">taz<\/a><\/p>\n\n\n\n<p><strong>Zeitgeist \u201eRadikalisierung\u201c:<\/strong> Wissen, Denken, F\u00fchlen, Wut &#8230; <a href=\"https:\/\/www.endoplast.de\/2023\/09\/02\/zeitgeist-radikalisierung-wissen-denken-fuehlen-wut\/\" data-type=\"link\" data-id=\"https:\/\/www.endoplast.de\/2023\/09\/02\/zeitgeist-radikalisierung-wissen-denken-fuehlen-wut\/\" target=\"_blank\" rel=\"noreferrer noopener\">endoplast<\/a><\/p>\n\n\n\n<p><strong>&#8222;St\u00f6rt den Schwaan&#8220;:<\/strong> Musikfestival nach rechten Drohungen abgesagt &#8230; <a href=\"https:\/\/www.endstation-rechts.de\/news\/musikfestival-nach-rechten-drohungen-abgesagt\" data-type=\"link\" data-id=\"https:\/\/www.endstation-rechts.de\/news\/musikfestival-nach-rechten-drohungen-abgesagt\" target=\"_blank\" rel=\"noreferrer noopener\">endstationrechts<\/a><\/p>\n\n\n\n<p><strong>Warum klingt der Familienname Blume j\u00fcdisch?<\/strong> Es war fr\u00fch klar, dass es dem bayerischen Staatsminister und populistischen Bierzeltredner Hubert Aiwanger zun\u00e4chst gelingen w\u00fcrde, in der Flugblatt-Aff\u00e4re eine T\u00e4ter-Opfer-Umkehr vorzunehmen  &#8230; <a rel=\"noreferrer noopener\" href=\"https:\/\/scilogs.spektrum.de\/natur-des-glaubens\/warum-klingt-der-familienname-blume-juedisch\/\" data-type=\"link\" data-id=\"https:\/\/scilogs.spektrum.de\/natur-des-glaubens\/warum-klingt-der-familienname-blume-juedisch\/\" target=\"_blank\">scilogs<\/a><\/p>\n\n\n\n<p><strong>Beschwerdebriefe aus M\u00fcnchner Archiven:<\/strong> \u201e\u2026 so mu\u00df ich hierzu leider nochmals auf den heutigen Antisemitismus hinweisen\u201c &#8230; <a rel=\"noreferrer noopener\" href=\"https:\/\/amuc.hypotheses.org\/12404\" data-type=\"link\" data-id=\"https:\/\/amuc.hypotheses.org\/12404\" target=\"_blank\">hypothes<\/a><a href=\"https:\/\/amuc.hypotheses.org\/12404\" data-type=\"link\" data-id=\"https:\/\/amuc.hypotheses.org\/12404\" target=\"_blank\" rel=\"noreferrer noopener\">e<\/a><a rel=\"noreferrer noopener\" href=\"https:\/\/amuc.hypotheses.org\/12404\" data-type=\"link\" data-id=\"https:\/\/amuc.hypotheses.org\/12404\" target=\"_blank\">s<\/a><\/p>\n\n\n\n<p><strong>Freitag ist wieder globaler Klimastreik &#8211; Motto: #EndFossilFuels:<\/strong> \u201eFridays For Future Dortmund\u201c fordert rasche Umsetzung lokaler Klimaschutzma\u00dfnahmen &#8230; <a href=\"https:\/\/www.nordstadtblogger.de\/fridays-for-future-dortmund-fordert-rasche-umsetzung-lokaler-klimaschutzmassnahmen\/\" data-type=\"link\" data-id=\"https:\/\/www.nordstadtblogger.de\/fridays-for-future-dortmund-fordert-rasche-umsetzung-lokaler-klimaschutzmassnahmen\/\" target=\"_blank\" rel=\"noreferrer noopener\">nordstadtblogger<\/a><\/p>\n\n\n\n<p><strong>Hochwasser (Satire):<\/strong> \u201e\u2026 als linksfaschistische Schei\u00dfdreckschweine bezeichnet habe, die den Arsch offen h\u00e4tten. Die Empfehlung, sich nicht mutwillig in \u00fcberflutete Gebiete zu begeben, k\u00f6nne nur von einer gr\u00fcnen Verbotspartei kommen, der Aiwanger mit dem Ma\u00dfkrug pers\u00f6nlich ihre \u00f6koterroristischen\u2026\u201c &#8230; <a href=\"https:\/\/zynaesthesie.wordpress.com\/2023\/09\/14\/hochwasser\/\" data-type=\"link\" data-id=\"https:\/\/zynaesthesie.wordpress.com\/2023\/09\/14\/hochwasser\/\" target=\"_blank\" rel=\"noreferrer noopener\">zynaesthesie<\/a><\/p>\n\n\n\n<hr class=\"wp-block-separator has-alpha-channel-opacity\"\/>\n\n\n\n<ul class=\"wp-block-list\">\n<li><em>Das Nazi-Netzwerk um den Faschisten H\u00f6cke hat personell und politisch ma\u00dfgeblichen Einflu\u00df auf die AfD bzw. in der AfD. Die Th\u00fcringer AfD wird vom Landesverfassungsschutz als gesichert rechtsextremistisch eingestuft und beobachtet.<\/em><\/li>\n<\/ul>\n","protected":false},"excerpt":{"rendered":"<p>Fernseh-Meteorologen k\u00e4mpfen um die Wahrheit: Weil sie \u00fcber die Zusammenh\u00e4nge von Wetter und Klimakrise aufkl\u00e4ren, sehen sie sich immer h\u00e4ufiger Angriffen von Wissenschaftsleugnern ausgesetzt &#8230; tagesschau Zusammenarbeit von CDU, FDP &hellip; <a href=\"https:\/\/www.schiebener.net\/wordpress\/umleitung-meteorologen-werden-von-wissenschaftsleugnern-angegriffen-cdu-fdp-arbeiten-mit-afd-zusammen-zeitgeist-radikalisierung-denunziation-antisemitismus-und-mehr\/\" class=\"more-link\"><span class=\"screen-reader-text\">\u201eUmleitung: Meteorologen werden von Wissenschaftsleugnern angegriffen, CDU &#038; FDP arbeiten mit AfD zusammen, Zeitgeist &#8222;Radikalisierung&#8220;, Denunziation, Antisemitismus und mehr&#8230;\u201c <\/span>weiterlesen<\/a><\/p>\n","protected":false},"author":3,"featured_media":0,"comment_status":"open","ping_status":"open","sticky":false,"template":"","format":"standard","meta":{"footnotes":""},"categories":[8668,319,8406,27,5,8669,6314,2782,2241,379,8524],"tags":[4271,8075,7106,8433,6181],"class_list":["post-55837","post","type-post","status-publish","format-standard","hentry","category-antisemitismus","category-geschichte","category-klimakrise","category-musik","category-naturwissenschaft","category-rassismus","category-rechtsextremismus","category-satire","category-sprache","category-umleitung","category-wissenschaft","tag-afd","tag-fridays-for-future","tag-hoecke","tag-klimastreik","tag-nazi-aufkleber"],"_links":{"self":[{"href":"https:\/\/www.schiebener.net\/wordpress\/wp-json\/wp\/v2\/posts\/55837","targetHints":{"allow":["GET"]}}],"collection":[{"href":"https:\/\/www.schiebener.net\/wordpress\/wp-json\/wp\/v2\/posts"}],"about":[{"href":"https:\/\/www.schiebener.net\/wordpress\/wp-json\/wp\/v2\/types\/post"}],"author":[{"embeddable":true,"href":"https:\/\/www.schiebener.net\/wordpress\/wp-json\/wp\/v2\/users\/3"}],"replies":[{"embeddable":true,"href":"https:\/\/www.schiebener.net\/wordpress\/wp-json\/wp\/v2\/comments?post=55837"}],"version-history":[{"count":0,"href":"https:\/\/www.schiebener.net\/wordpress\/wp-json\/wp\/v2\/posts\/55837\/revisions"}],"wp:attachment":[{"href":"https:\/\/www.schiebener.net\/wordpress\/wp-json\/wp\/v2\/media?parent=55837"}],"wp:term":[{"taxonomy":"category","embeddable":true,"href":"https:\/\/www.schiebener.net\/wordpress\/wp-json\/wp\/v2\/categories?post=55837"},{"taxonomy":"post_tag","embeddable":true,"href":"https:\/\/www.schiebener.net\/wordpress\/wp-json\/wp\/v2\/tags?post=55837"}],"curies":[{"name":"wp","href":"https:\/\/api.w.org\/{rel}","templated":true}]}}