{"id":5581,"date":"2009-11-09T19:49:38","date_gmt":"2009-11-09T18:49:38","guid":{"rendered":"http:\/\/www.schiebener.net\/wordpress\/?p=5581"},"modified":"2009-11-15T22:21:44","modified_gmt":"2009-11-15T21:21:44","slug":"nachdenkliche-hochsauerlander-bestellen-das-kritische-jahrbuch-20092010","status":"publish","type":"post","link":"https:\/\/www.schiebener.net\/wordpress\/nachdenkliche-hochsauerlander-bestellen-das-kritische-jahrbuch-20092010\/","title":{"rendered":"Nachdenkliche Hochsauerl\u00e4nder bestellen das &#8222;Kritische Jahrbuch 2009\/2010&#8220;"},"content":{"rendered":"<p><strong>Vor ungef\u00e4hr einem Jahr habe ich mehr oder weniger zuf\u00e4llig das &#8222;Kritische Jahrbuch 2008\/2009&#8220; von Albrecht M\u00fcller und Wolfgang Lieb bestellt und es immer wieder mit Gewinn gelesen. Durch die Lekt\u00fcre des Jahrbuchs bin ich auch bei den<a href=\"http:\/\/www.nachdenkseiten.de\/\" target=\"_blank\"> NachDenkSeiten<\/a><\/strong> im Internet h\u00e4ngen geblieben.<\/p>\n<p>Das Buch, herausgegeben von Helmut Schmidt(nein! nicht dem), enth\u00e4lt viele nachdenkenswerte Artikel zum aktuellen und vergangenen politischen Zeitgeschehen.<\/p>\n<p>In K\u00fcrze erscheint das<a href=\"http:\/\/www.nachdenkseiten.de\/?p=4305\" target=\"_blank\"> &#8222;Kritische Jahrbuch 2009\/2010&#8220;<\/a>.<\/p>\n<p>Auf den NachdenkSeiten steht dazu unter anderem Folgendes:<\/p>\n<p><span class=\"preview\">&#8222;In sechs Wochen erscheint die dritte Ausgabe des kritischen Jahrbuchs der NachDenkSeiten. Wie die beiden Ausgaben <a href=\"http:\/\/www.nachdenkseiten.de\/?page_id=2867\" target=\"_blank\">2007<\/a> und <a href=\"http:\/\/www.nachdenkseiten.de\/?page_id=3577\" target=\"_blank\">2008\/2009<\/a> wird auch das neue Kritische Jahrbuch ein aufkl\u00e4render R\u00fcckblick auf ein politisch spannendes \u00e2\u20ac\u201c leider nicht sehr gutes \u00e2\u20ac\u201c Jahr sein. Auf 320 Seiten fassen wir die wichtigsten Themen aus Politik und Wirtschaft zusammen und begleiten sie kritisch.<br \/>\n<\/span><br \/>\n\u00e2\u20ac\u017eDas kritische Jahrbuch 2009\/2010\u00e2\u20ac\u0153 erscheint rechtzeitig vor Weihnachten Erstauslieferung: 15. Dezember 2009) und wird so zum idealen Pr\u00e4sent f\u00fcr kritische Freunde. Gerade auch f\u00fcr solche, die keinen Zugang zum Netz haben oder gerne auf Gedrucktes zur\u00fcckgreifen. Das geht uns selbst so.<\/p>\n<p>Der Band kostet 13,80 \u00e2\u201a\u00ac zzgl. 3,00 Versandkosten. Bei Bestellung von zwei und mehreren Exemplaren betr\u00e4gt der Versandkostenanteil pauschal 5,00 \u00e2\u201a\u00ac, wodurch Sammelbestellungen (z.B. f\u00fcr Gespr\u00e4chs-kreise) preisg\u00fcnstiger werden.&#8220;<\/p>\n<p><strong>Mein Vorschlag: <\/strong><\/p>\n<p>Wir, die Interessierten, geben eine Sammelbestellung auf, sparen Porto und treffen uns nach dem 15. Dezember zur Buchausgabe an einem Ort im Hochsauerland, den wir noch bestimmen m\u00fcssten.<\/p>\n<p>Die Vorweihnachtszeit ist zwar hektisch, aber ein oder zwei St\u00fcndchen unter Nachdenkern sollte die Zeit der Besinnung wert sein.<\/p>\n<p><strong>Wer Interesse hat, schreibt mir bis zum 30. November eine E-Mail mit Adresse und Telefonnummer. Dann kann ich die B\u00fccher bestellen und an Hand der Adresse sehen, wo der beste Ort f\u00fcr einen &#8222;Nachdenkertreff&#8220; ist.<\/strong><\/p>\n<p>Ich erhalte \u00fcbrigens keinerlei Provision, sondern mache das Ganze freiwillig aus eigenem Antrieb ohne geldwerten Vorteil.<\/p>\n","protected":false},"excerpt":{"rendered":"<p>Vor ungef\u00e4hr einem Jahr habe ich mehr oder weniger zuf\u00e4llig das &#8222;Kritische Jahrbuch 2008\/2009&#8220; von Albrecht M\u00fcller und Wolfgang Lieb bestellt und es immer wieder mit Gewinn gelesen. Durch die &hellip; <a href=\"https:\/\/www.schiebener.net\/wordpress\/nachdenkliche-hochsauerlander-bestellen-das-kritische-jahrbuch-20092010\/\" class=\"more-link\"><span class=\"screen-reader-text\">\u201eNachdenkliche Hochsauerl\u00e4nder bestellen das &#8222;Kritische Jahrbuch 2009\/2010&#8220;\u201c <\/span>weiterlesen<\/a><\/p>\n","protected":false},"author":3,"featured_media":0,"comment_status":"open","ping_status":"open","sticky":false,"template":"","format":"standard","meta":{"footnotes":""},"categories":[80,32,24],"tags":[996,997],"class_list":["post-5581","post","type-post","status-publish","format-standard","hentry","category-lokales","category-medien","category-politik","tag-kritisches-jahrbuch","tag-nachdenker"],"_links":{"self":[{"href":"https:\/\/www.schiebener.net\/wordpress\/wp-json\/wp\/v2\/posts\/5581","targetHints":{"allow":["GET"]}}],"collection":[{"href":"https:\/\/www.schiebener.net\/wordpress\/wp-json\/wp\/v2\/posts"}],"about":[{"href":"https:\/\/www.schiebener.net\/wordpress\/wp-json\/wp\/v2\/types\/post"}],"author":[{"embeddable":true,"href":"https:\/\/www.schiebener.net\/wordpress\/wp-json\/wp\/v2\/users\/3"}],"replies":[{"embeddable":true,"href":"https:\/\/www.schiebener.net\/wordpress\/wp-json\/wp\/v2\/comments?post=5581"}],"version-history":[{"count":0,"href":"https:\/\/www.schiebener.net\/wordpress\/wp-json\/wp\/v2\/posts\/5581\/revisions"}],"wp:attachment":[{"href":"https:\/\/www.schiebener.net\/wordpress\/wp-json\/wp\/v2\/media?parent=5581"}],"wp:term":[{"taxonomy":"category","embeddable":true,"href":"https:\/\/www.schiebener.net\/wordpress\/wp-json\/wp\/v2\/categories?post=5581"},{"taxonomy":"post_tag","embeddable":true,"href":"https:\/\/www.schiebener.net\/wordpress\/wp-json\/wp\/v2\/tags?post=5581"}],"curies":[{"name":"wp","href":"https:\/\/api.w.org\/{rel}","templated":true}]}}