{"id":55767,"date":"2023-09-07T13:36:31","date_gmt":"2023-09-07T11:36:31","guid":{"rendered":"https:\/\/www.schiebener.net\/wordpress\/?p=55767"},"modified":"2023-09-07T13:36:31","modified_gmt":"2023-09-07T11:36:31","slug":"hochsauerland-kfz-zulassung-derzeit-nicht-moeglich","status":"publish","type":"post","link":"https:\/\/www.schiebener.net\/wordpress\/hochsauerland-kfz-zulassung-derzeit-nicht-moeglich\/","title":{"rendered":"Hochsauerland: Kfz-Zulassung derzeit nicht m\u00f6glich"},"content":{"rendered":"\n<p><strong>Wegen einer technischen St\u00f6rung sind Kfz-Zulassungen in den Kreish\u00e4usern Arnsberg, Brilon und Meschede derzeit (7. September) nicht m\u00f6glich.<\/strong> <\/p>\n\n\n\n<p><em>(Pressemitteilung HSK)<\/em><\/p>\n\n\n\n<p>Grund daf\u00fcr ist, dass die ben\u00f6tigte Verbindung zum Kraftfahrbundesamt unterbrochen ist. Nach dem Fehler wird gesucht. Die Kolleginnen und Kollegen in den Zulassungsstellen nehmen f\u00fcr die gebuchten Termine die Unterlagen entgegen, die dann erst im Nachhinein abgearbeitet werden k\u00f6nnen. Die Kreisverwaltung bittet um Verst\u00e4ndnis.<\/p>\n","protected":false},"excerpt":{"rendered":"<p>Wegen einer technischen St\u00f6rung sind Kfz-Zulassungen in den Kreish\u00e4usern Arnsberg, Brilon und Meschede derzeit (7. September) nicht m\u00f6glich. (Pressemitteilung HSK) Grund daf\u00fcr ist, dass die ben\u00f6tigte Verbindung zum Kraftfahrbundesamt unterbrochen &hellip; <a href=\"https:\/\/www.schiebener.net\/wordpress\/hochsauerland-kfz-zulassung-derzeit-nicht-moeglich\/\" class=\"more-link\"><span class=\"screen-reader-text\">\u201eHochsauerland: Kfz-Zulassung derzeit nicht m\u00f6glich\u201c <\/span>weiterlesen<\/a><\/p>\n","protected":false},"author":17,"featured_media":0,"comment_status":"open","ping_status":"open","sticky":false,"template":"","format":"standard","meta":{"footnotes":""},"categories":[303,80,1043,618],"tags":[835],"class_list":["post-55767","post","type-post","status-publish","format-standard","hentry","category-in-unserem-briefkasten","category-lokales","category-pressemitteilungen","category-verkehr","tag-hochsauerlandkreis"],"_links":{"self":[{"href":"https:\/\/www.schiebener.net\/wordpress\/wp-json\/wp\/v2\/posts\/55767","targetHints":{"allow":["GET"]}}],"collection":[{"href":"https:\/\/www.schiebener.net\/wordpress\/wp-json\/wp\/v2\/posts"}],"about":[{"href":"https:\/\/www.schiebener.net\/wordpress\/wp-json\/wp\/v2\/types\/post"}],"author":[{"embeddable":true,"href":"https:\/\/www.schiebener.net\/wordpress\/wp-json\/wp\/v2\/users\/17"}],"replies":[{"embeddable":true,"href":"https:\/\/www.schiebener.net\/wordpress\/wp-json\/wp\/v2\/comments?post=55767"}],"version-history":[{"count":0,"href":"https:\/\/www.schiebener.net\/wordpress\/wp-json\/wp\/v2\/posts\/55767\/revisions"}],"wp:attachment":[{"href":"https:\/\/www.schiebener.net\/wordpress\/wp-json\/wp\/v2\/media?parent=55767"}],"wp:term":[{"taxonomy":"category","embeddable":true,"href":"https:\/\/www.schiebener.net\/wordpress\/wp-json\/wp\/v2\/categories?post=55767"},{"taxonomy":"post_tag","embeddable":true,"href":"https:\/\/www.schiebener.net\/wordpress\/wp-json\/wp\/v2\/tags?post=55767"}],"curies":[{"name":"wp","href":"https:\/\/api.w.org\/{rel}","templated":true}]}}