{"id":55590,"date":"2023-08-07T21:47:04","date_gmt":"2023-08-07T19:47:04","guid":{"rendered":"https:\/\/www.schiebener.net\/wordpress\/?p=55590"},"modified":"2023-08-07T21:48:49","modified_gmt":"2023-08-07T19:48:49","slug":"flanieren-irgendwas-ist-immer","status":"publish","type":"post","link":"https:\/\/www.schiebener.net\/wordpress\/flanieren-irgendwas-ist-immer\/","title":{"rendered":"Flanieren: irgendwas ist immer"},"content":{"rendered":"\n<h3 class=\"wp-block-heading\">&#8222;Places of Isolation&#8220; in Kassel<\/h3>\n\n\n<div class=\"wp-block-image\">\n<figure class=\"aligncenter size-full is-resized\"><a href=\"https:\/\/www.schiebener.net\/wordpress\/wp-content\/uploads\/2023\/08\/20230809KasselKlein.jpg\" target=\"_blank\" rel=\"noreferrer noopener\"><img decoding=\"async\" src=\"https:\/\/www.schiebener.net\/wordpress\/wp-content\/uploads\/2023\/08\/20230809KasselKlein.jpg\" alt=\"\" class=\"wp-image-55592\" width=\"700\" srcset=\"https:\/\/www.schiebener.net\/wordpress\/wp-content\/uploads\/2023\/08\/20230809KasselKlein.jpg 1024w, https:\/\/www.schiebener.net\/wordpress\/wp-content\/uploads\/2023\/08\/20230809KasselKlein-300x225.jpg 300w, https:\/\/www.schiebener.net\/wordpress\/wp-content\/uploads\/2023\/08\/20230809KasselKlein-768x576.jpg 768w\" sizes=\"(max-width: 709px) 85vw, (max-width: 909px) 67vw, (max-width: 1362px) 62vw, 840px\" \/><\/a><figcaption class=\"wp-element-caption\">Wegweiser an der Ecke Magazin-\/Weserstra\u00dfe (foto: zoom)<\/figcaption><\/figure>\n<\/div>\n\n\n<p><strong>Als wir gestern durch Kassel streiften, habe ich doch wieder etwas Neues entdeckt, obwohl ich mich recht h\u00e4ufig in der spr\u00f6den Stadt an der Fulda aufhalte. <\/strong><\/p>\n\n\n\n<p>An der Ecke Magazin-\/Weserstra\u00dfe stand ein Wegweiserbaum mit leuchtend rot-orangenen Richtungsanzeigern vor der <em>Neuen Br\u00fcderkirche<\/em>: Flughafen Frankfurt a. M., Regierungspr\u00e4sidium (900 m), Mittelmeer (773 km), Hotspot-Lager (2029 km)&#8230;, alle versehen mit Entfernungsangaben. <\/p>\n\n\n\n<p>Zur\u00fcck im Sauerland habe ich den QR-Code gescannt und bin auf die <a rel=\"noreferrer noopener\" href=\"https:\/\/www.seebruecke.org\/mach-mit\/deutschland\/hessen\/kassel\" target=\"_blank\">Website der Seebr\u00fccke Lokalgruppe Kassel<\/a> gelangt. Dort habe ich dann die Erkl\u00e4rung zu meinem neuen &#8222;Fundst\u00fcck&#8220; im st\u00e4dtischen Raum gefunden.<\/p>\n\n\n\n<blockquote class=\"wp-block-quote is-layout-flow wp-block-quote-is-layout-flow\">\n<p>Die Seebr\u00fccke stellt im Rahmen der bundesweit koordinierten Aktion &#8222;Places of Isolation&#8220; Kunstinstallationen in \u00fcber 15 St\u00e4dten im \u00f6ffentlichen Raum auf. Mit orangenen Wegweisern werden Orte der europ\u00e4ischen Abschottung markiert und die damit verbundenen Menschenrechtsverletzungen im Alltag sichtbar gemacht. Es geht dabei um Orte, die sowohl symbolisch als auch ganz konkret f\u00fcr die Abschottung Europas stehen. Auch wir in Kassel sind dabei. Hier findet ihr weiterf\u00fchrende Informationen zu den Orten, die unsere Wegweiser markieren.<\/p>\n<cite><a href=\"https:\/\/www.seebruecke.org\/mach-mit\/deutschland\/hessen\/kassel#places-of-isolation\" target=\"_blank\" rel=\"noreferrer noopener\">https:\/\/www.seebruecke.org\/mach-mit\/deutschland\/hessen\/kassel#places-of-isolation<\/a><\/cite><\/blockquote>\n\n\n\n<p>Zu folgenden Orten der Isolation, Abschottung und Abschiebung finden sich dort aufklappbar <strong>weitere Ausf\u00fchrungen:<\/strong><\/p>\n\n\n\n<p><strong>Hessisches Abschiebegef\u00e4ngnis<\/strong> &#8211; Isolation und Kriminalisierung Gefl\u00fcchteter<\/p>\n\n\n\n<p><strong>Mittelmeer<\/strong> &#8211; EU-Grenzpolitik zwingt Menschen zur lebensgef\u00e4hrlichen Flucht \u00fcber das Meer<\/p>\n\n\n\n<p><strong>Flughafen Frankfurt\/Main<\/strong> &#8211; Abschiebefl\u00fcge in Kriegs- und Krisengebiete, oftmals unter Zwang<\/p>\n\n\n\n<p><strong>Libyen<\/strong> &#8211; EU finanziert kriminelles Vorgehen der libyschen K\u00fcstenwache<\/p>\n\n\n\n<p><strong>Evros\/Meri\u00e7\/Maritsa<\/strong> &#8211; EU-Grenzbeamte ver\u00fcben gewaltvolle Pushbacks an der t\u00fcrkisch-griechischen Landgrenze<\/p>\n\n\n\n<p><strong>Regierungspr\u00e4sidium Kassel<\/strong> &#8211; entscheidet \u00fcber Durchf\u00fchrung von Abschiebungen<\/p>\n\n\n\n<p><strong>Grenzgebiet Polen-Belarus<\/strong> &#8211; Systematische, gewaltvolle Pushbacks in den W\u00e4ldern an der EU-Au\u00dfengrenze<\/p>\n\n\n\n<p><strong>&#8222;Balkanroute&#8220;<\/strong> &#8211; Gef\u00e4ngnisartige Camps, Polizeigewalt und Pushbacks als Konsequenz bewusster Abschottungspolitik<\/p>\n\n\n\n<p><strong>Trapani<\/strong> &#8211; Festsetzung des Rettungsschiffs Iuventa &#8211; Kriminalisierung von Flucht und ziviler Seenotrettung<\/p>\n\n\n\n<p><strong>Verkehrsministerium (FDP)<\/strong> &#8211; Will mit neuer \u201eSchiffssicherheitsverordnung\u201c zivile Seenotrettung verhindern<\/p>\n\n\n\n<p><strong>Hotspot-Lager auf den griechischen Inseln<\/strong> &#8211; Verletzen laut Gerichtsbeschl\u00fcssen menschenrechtliche Standards<\/p>\n\n\n\n<p>Wer sich f\u00fcr die Arbeit der Seebr\u00fccke interessiert, geht zur ihrer Website und klickt dort auf die einzelnen Begriffe: <a rel=\"noreferrer noopener\" href=\"https:\/\/www.seebruecke.org\/mach-mit\/deutschland\/hessen\/kassel#places-of-isolation\" target=\"_blank\">https:\/\/www.seebruecke.org\/mach-mit\/deutschland\/hessen\/kassel#places-of-isolation<\/a><\/p>\n\n\n<div class=\"wp-block-image\">\n<figure class=\"aligncenter size-full is-resized\"><a href=\"https:\/\/www.schiebener.net\/wordpress\/wp-content\/uploads\/2023\/08\/2023080707KasselKlein.jpg\" target=\"_blank\" rel=\"noreferrer noopener\"><img decoding=\"async\" src=\"https:\/\/www.schiebener.net\/wordpress\/wp-content\/uploads\/2023\/08\/2023080707KasselKlein.jpg\" alt=\"\" class=\"wp-image-55593\" width=\"700\" srcset=\"https:\/\/www.schiebener.net\/wordpress\/wp-content\/uploads\/2023\/08\/2023080707KasselKlein.jpg 1024w, https:\/\/www.schiebener.net\/wordpress\/wp-content\/uploads\/2023\/08\/2023080707KasselKlein-300x225.jpg 300w, https:\/\/www.schiebener.net\/wordpress\/wp-content\/uploads\/2023\/08\/2023080707KasselKlein-768x576.jpg 768w\" sizes=\"(max-width: 709px) 85vw, (max-width: 909px) 67vw, (max-width: 1362px) 62vw, 840px\" \/><\/a><figcaption class=\"wp-element-caption\">Hier geht es zu den Orten der Abschottung (foto: zoom)<\/figcaption><\/figure>\n<\/div>\n\n\n<p>Gab&#8217;s noch etwas Angenehmeres, Positives in Kassel? Ja, aber das geh\u00f6rt, wenn \u00fcberhaupt, in einen anderen Beitrag.<\/p>\n","protected":false},"excerpt":{"rendered":"<p>&#8222;Places of Isolation&#8220; in Kassel Als wir gestern durch Kassel streiften, habe ich doch wieder etwas Neues entdeckt, obwohl ich mich recht h\u00e4ufig in der spr\u00f6den Stadt an der Fulda &hellip; <a href=\"https:\/\/www.schiebener.net\/wordpress\/flanieren-irgendwas-ist-immer\/\" class=\"more-link\"><span class=\"screen-reader-text\">\u201eFlanieren: irgendwas ist immer\u201c <\/span>weiterlesen<\/a><\/p>\n","protected":false},"author":3,"featured_media":0,"comment_status":"open","ping_status":"open","sticky":false,"template":"","format":"standard","meta":{"footnotes":""},"categories":[533,6658,8669],"tags":[5584,2270],"class_list":["post-55590","post","type-post","status-publish","format-standard","hentry","category-europa","category-fluechtlinge","category-rassismus","tag-abschiebungen","tag-kassel"],"_links":{"self":[{"href":"https:\/\/www.schiebener.net\/wordpress\/wp-json\/wp\/v2\/posts\/55590","targetHints":{"allow":["GET"]}}],"collection":[{"href":"https:\/\/www.schiebener.net\/wordpress\/wp-json\/wp\/v2\/posts"}],"about":[{"href":"https:\/\/www.schiebener.net\/wordpress\/wp-json\/wp\/v2\/types\/post"}],"author":[{"embeddable":true,"href":"https:\/\/www.schiebener.net\/wordpress\/wp-json\/wp\/v2\/users\/3"}],"replies":[{"embeddable":true,"href":"https:\/\/www.schiebener.net\/wordpress\/wp-json\/wp\/v2\/comments?post=55590"}],"version-history":[{"count":0,"href":"https:\/\/www.schiebener.net\/wordpress\/wp-json\/wp\/v2\/posts\/55590\/revisions"}],"wp:attachment":[{"href":"https:\/\/www.schiebener.net\/wordpress\/wp-json\/wp\/v2\/media?parent=55590"}],"wp:term":[{"taxonomy":"category","embeddable":true,"href":"https:\/\/www.schiebener.net\/wordpress\/wp-json\/wp\/v2\/categories?post=55590"},{"taxonomy":"post_tag","embeddable":true,"href":"https:\/\/www.schiebener.net\/wordpress\/wp-json\/wp\/v2\/tags?post=55590"}],"curies":[{"name":"wp","href":"https:\/\/api.w.org\/{rel}","templated":true}]}}