{"id":55555,"date":"2023-08-04T09:28:57","date_gmt":"2023-08-04T07:28:57","guid":{"rendered":"https:\/\/www.schiebener.net\/wordpress\/?p=55555"},"modified":"2023-08-04T09:28:57","modified_gmt":"2023-08-04T07:28:57","slug":"last-minute-info-zum-willinger-open-air-mit-cro-und-peter-fox","status":"publish","type":"post","link":"https:\/\/www.schiebener.net\/wordpress\/last-minute-info-zum-willinger-open-air-mit-cro-und-peter-fox\/","title":{"rendered":"Last Minute Info zum Willinger Open Air mit Cro und Peter Fox"},"content":{"rendered":"<div class=\"wp-block-image\">\n<figure class=\"aligncenter size-large is-resized\"><a href=\"https:\/\/www.schiebener.net\/wordpress\/wp-content\/uploads\/2023\/08\/Willingen-Lageplan-1-scaled.jpg\" target=\"_blank\" rel=\"noreferrer noopener\"><img decoding=\"async\" src=\"https:\/\/www.schiebener.net\/wordpress\/wp-content\/uploads\/2023\/08\/Willingen-Lageplan-1-1024x1024.jpg\" alt=\"\" class=\"wp-image-55559\" width=\"700\" srcset=\"https:\/\/www.schiebener.net\/wordpress\/wp-content\/uploads\/2023\/08\/Willingen-Lageplan-1-1024x1024.jpg 1024w, https:\/\/www.schiebener.net\/wordpress\/wp-content\/uploads\/2023\/08\/Willingen-Lageplan-1-300x300.jpg 300w, https:\/\/www.schiebener.net\/wordpress\/wp-content\/uploads\/2023\/08\/Willingen-Lageplan-1-150x150.jpg 150w, https:\/\/www.schiebener.net\/wordpress\/wp-content\/uploads\/2023\/08\/Willingen-Lageplan-1-768x768.jpg 768w, https:\/\/www.schiebener.net\/wordpress\/wp-content\/uploads\/2023\/08\/Willingen-Lageplan-1-1536x1536.jpg 1536w, https:\/\/www.schiebener.net\/wordpress\/wp-content\/uploads\/2023\/08\/Willingen-Lageplan-1-2048x2048.jpg 2048w, https:\/\/www.schiebener.net\/wordpress\/wp-content\/uploads\/2023\/08\/Willingen-Lageplan-1-1200x1200.jpg 1200w\" sizes=\"(max-width: 709px) 85vw, (max-width: 909px) 67vw, (max-width: 1362px) 62vw, 840px\" \/><\/a><figcaption class=\"wp-element-caption\">Lageplan des Festival-Gel\u00e4ndes<\/figcaption><\/figure>\n<\/div>\n\n\n<p><strong>Die Veranstalter des Willinger Open Air 2023 versorgen die Besucher*innen der beiden Konzerte heute und morgen mit letzten wichtigen Informationenn.<\/strong><\/p>\n\n\n\n<p><strong>Die Wetteraussichten<\/strong> f\u00fcr das Willingen Open Air sind leider regnerisch, denkt an wetterfeste Kleidung.\u00a0<br \/><br \/>F\u00fcr beide Veranstaltungen gibt es noch <strong>Tickets<\/strong> auf\u00a0<a rel=\"noreferrer noopener\" href=\"http:\/\/willingen-openair.de\/\" target=\"_blank\">http:\/\/willingen-openair.de<\/a>, aktuell sieht es auch danach aus, dass es an beiden Abenden eine Abendkasse geben wird.<\/p>\n\n\n\n<p>Neben <strong>Getr\u00e4nken<\/strong> in Form von Bier, Wasser, Softdrinks, Longdrinks und Wein wird es zudem Essensst\u00e4nde mit z.B. Pommes und Bratwurst, Pizza, aber auch vegetarischen und veganen Varianten geben. F\u00fcr den kleinen Hunger gibt es S\u00fc\u00dfigkeiten und Eis.<br \/><br \/>Mitgenommen werden d\u00fcrfen <strong>Bauch- und Handtaschen<\/strong> kleiner als DIN A4.<\/p>\n\n\n\n<p><strong>Essen<\/strong>, Getr\u00e4nke, St\u00fchle, professionelle Kameras, Regenschirme, Decken, Waffen und Rucks\u00e4cke gr\u00f6\u00dfer als DIN A4 <strong>d\u00fcrfen nicht mitgenommen werden.<\/strong><br \/><br \/>Es gibt zwei Einl\u00e4sse, im Anhang dazu der <strong>Lageplan<\/strong>. Der gr\u00fcne Haupteingang ist f\u00fcr Stehplatz und Front of Stage Tickets und der rote Eingang ist f\u00fcr VIP Tickets \u00fcber die Stra\u00dfe &#8222;Am Ettelsberg&#8220;.<\/p>\n\n\n\n<p><strong>Zahlung<\/strong> vor Ort: Bar, EC Zahlung kann vereinzelt m\u00f6glich sein.<\/p>\n\n\n\n<p><\/p>\n\n\n\n<p><strong>Anreise:<\/strong> Da wir mit einem hohen Verkehrsaufkommen rechnen, sollte fr\u00fchzeitig angereist werden.<br \/><br \/><strong>Sonderverkehr und Gel\u00e4nde\u00fcbersicht:<\/strong> Im Anhang dieses Beitrags (s.u.) findet ihr alle Informationen zum Sonderverkehr sowie den \u00dcbersichtsplan des Festivalgel\u00e4ndes.<\/p>\n\n\n\n<figure class=\"wp-block-image size-large\"><a href=\"https:\/\/www.schiebener.net\/wordpress\/wp-content\/uploads\/2023\/08\/6-Sebastian-Schuster-_-Finn-Beek-1.jpg\" target=\"_blank\" rel=\"noreferrer noopener\"><img loading=\"lazy\" decoding=\"async\" width=\"682\" height=\"1024\" src=\"https:\/\/www.schiebener.net\/wordpress\/wp-content\/uploads\/2023\/08\/6-Sebastian-Schuster-_-Finn-Beek-1-682x1024.jpg\" alt=\"\" class=\"wp-image-55560\" srcset=\"https:\/\/www.schiebener.net\/wordpress\/wp-content\/uploads\/2023\/08\/6-Sebastian-Schuster-_-Finn-Beek-1-682x1024.jpg 682w, https:\/\/www.schiebener.net\/wordpress\/wp-content\/uploads\/2023\/08\/6-Sebastian-Schuster-_-Finn-Beek-1-200x300.jpg 200w, https:\/\/www.schiebener.net\/wordpress\/wp-content\/uploads\/2023\/08\/6-Sebastian-Schuster-_-Finn-Beek-1-768x1152.jpg 768w, https:\/\/www.schiebener.net\/wordpress\/wp-content\/uploads\/2023\/08\/6-Sebastian-Schuster-_-Finn-Beek-1-1024x1536.jpg 1024w, https:\/\/www.schiebener.net\/wordpress\/wp-content\/uploads\/2023\/08\/6-Sebastian-Schuster-_-Finn-Beek-1.jpg 1181w\" sizes=\"auto, (max-width: 709px) 85vw, (max-width: 909px) 67vw, (max-width: 984px) 61vw, (max-width: 1362px) 45vw, 600px\" \/><\/a><figcaption class=\"wp-element-caption\">Cro (Foto: Sebastian Schuster &#8211; Finn Beek)<\/figcaption><\/figure>\n\n\n\n<p><strong>Infos 04.08.2023 &#8211; Cro<\/strong><\/p>\n\n\n\n<p>Ca. 17:00 Uhr Einlass<\/p>\n\n\n\n<p>Ca. 19:00 Uhr Jamule<\/p>\n\n\n\n<p>Ca. 20:15 Uhr Cro<\/p>\n\n\n\n<p>Ca. 22:00 Uhr Konzertende<\/p>\n\n\n\n<p><em>Es gibt wieder Front of Stage Tickets.<\/em><\/p>\n\n\n\n<p><strong>Infos 05.08.2023 &#8211; Peter Fox<\/strong><\/p>\n\n\n<div class=\"wp-block-image\">\n<figure class=\"aligncenter size-large is-resized\"><a href=\"https:\/\/www.schiebener.net\/wordpress\/wp-content\/uploads\/2023\/08\/Peter-Fox_Zukunft_Pink\u00a9feliXbroede.jpg\" target=\"_blank\" rel=\"noreferrer noopener\"><img decoding=\"async\" src=\"https:\/\/www.schiebener.net\/wordpress\/wp-content\/uploads\/2023\/08\/Peter-Fox_Zukunft_Pink\u00a9feliXbroede-1024x1024.jpg\" alt=\"\" class=\"wp-image-55561\" width=\"700\" srcset=\"https:\/\/www.schiebener.net\/wordpress\/wp-content\/uploads\/2023\/08\/Peter-Fox_Zukunft_Pink\u00a9feliXbroede-1024x1024.jpg 1024w, https:\/\/www.schiebener.net\/wordpress\/wp-content\/uploads\/2023\/08\/Peter-Fox_Zukunft_Pink\u00a9feliXbroede-300x300.jpg 300w, https:\/\/www.schiebener.net\/wordpress\/wp-content\/uploads\/2023\/08\/Peter-Fox_Zukunft_Pink\u00a9feliXbroede-150x150.jpg 150w, https:\/\/www.schiebener.net\/wordpress\/wp-content\/uploads\/2023\/08\/Peter-Fox_Zukunft_Pink\u00a9feliXbroede-768x767.jpg 768w, https:\/\/www.schiebener.net\/wordpress\/wp-content\/uploads\/2023\/08\/Peter-Fox_Zukunft_Pink\u00a9feliXbroede-1200x1199.jpg 1200w, https:\/\/www.schiebener.net\/wordpress\/wp-content\/uploads\/2023\/08\/Peter-Fox_Zukunft_Pink\u00a9feliXbroede.jpg 1238w\" sizes=\"(max-width: 709px) 85vw, (max-width: 909px) 67vw, (max-width: 1362px) 62vw, 840px\" \/><\/a><figcaption class=\"wp-element-caption\">Peter Fox (Foto: Felix Broede)<\/figcaption><\/figure>\n<\/div>\n\n\n<p>Ca. 17:00 Uhr Einlass<\/p>\n\n\n\n<p>Ca. 19:50 Uhr \u00c4TNA<\/p>\n\n\n\n<p>Ca. 21:15 Uhr Peter Fox<\/p>\n\n\n\n<p>Ca. 22:45 Uhr Konzertende<\/p>\n\n\n\n<hr class=\"wp-block-separator has-alpha-channel-opacity\"\/>\n\n\n\n<p><strong><em>\u00dcbersicht Festivalgel\u00e4nde (PDF):<\/em><\/strong><\/p>\n\n\n\n<div class=\"wp-block-file\"><a id=\"wp-block-file--media-d8aacf14-a831-4549-ab42-d83311e82490\" href=\"https:\/\/www.schiebener.net\/wordpress\/wp-content\/uploads\/2023\/08\/Willingen-Lageplan-scaled.jpg\" target=\"_blank\" rel=\"noreferrer noopener\">Willingen-Lageplan<\/a><\/div>\n\n\n\n<p><br \/><strong><em>Sonderverkehr Cro (PDF):<\/em><\/strong><\/p>\n\n\n\n<div class=\"wp-block-file\"><a id=\"wp-block-file--media-4139a878-4638-489e-b5a0-c35e274efe68\" href=\"https:\/\/www.schiebener.net\/wordpress\/wp-content\/uploads\/2023\/08\/230804-SI_Willingen_Cro17.pdf\" target=\"_blank\" rel=\"noreferrer noopener\">230804-SI_Willingen_Cro17<\/a><\/div>\n\n\n\n<p><br \/><strong><em>Sonderverkehr Fox (PDF):<\/em><\/strong><\/p>\n\n\n\n<div class=\"wp-block-file\"><a id=\"wp-block-file--media-c4e6943a-2e44-49e5-a45e-b0285f10abcc\" href=\"https:\/\/www.schiebener.net\/wordpress\/wp-content\/uploads\/2023\/08\/230805-SI_Willingen_Peter_Fox97.pdf\" target=\"_blank\" rel=\"noreferrer noopener\">230805-SI_Willingen_Peter_Fox97<\/a><\/div>\n","protected":false},"excerpt":{"rendered":"<p>Die Veranstalter des Willinger Open Air 2023 versorgen die Besucher*innen der beiden Konzerte heute und morgen mit letzten wichtigen Informationenn. Die Wetteraussichten f\u00fcr das Willingen Open Air sind leider regnerisch, &hellip; <a href=\"https:\/\/www.schiebener.net\/wordpress\/last-minute-info-zum-willinger-open-air-mit-cro-und-peter-fox\/\" class=\"more-link\"><span class=\"screen-reader-text\">\u201eLast Minute Info zum Willinger Open Air mit Cro und Peter Fox\u201c <\/span>weiterlesen<\/a><\/p>\n","protected":false},"author":17,"featured_media":0,"comment_status":"open","ping_status":"open","sticky":false,"template":"","format":"standard","meta":{"footnotes":""},"categories":[303,80,27,1043],"tags":[9141,9142,699,1572],"class_list":["post-55555","post","type-post","status-publish","format-standard","hentry","category-in-unserem-briefkasten","category-lokales","category-musik","category-pressemitteilungen","tag-cro","tag-open-air","tag-peter-fox","tag-willingen"],"_links":{"self":[{"href":"https:\/\/www.schiebener.net\/wordpress\/wp-json\/wp\/v2\/posts\/55555","targetHints":{"allow":["GET"]}}],"collection":[{"href":"https:\/\/www.schiebener.net\/wordpress\/wp-json\/wp\/v2\/posts"}],"about":[{"href":"https:\/\/www.schiebener.net\/wordpress\/wp-json\/wp\/v2\/types\/post"}],"author":[{"embeddable":true,"href":"https:\/\/www.schiebener.net\/wordpress\/wp-json\/wp\/v2\/users\/17"}],"replies":[{"embeddable":true,"href":"https:\/\/www.schiebener.net\/wordpress\/wp-json\/wp\/v2\/comments?post=55555"}],"version-history":[{"count":0,"href":"https:\/\/www.schiebener.net\/wordpress\/wp-json\/wp\/v2\/posts\/55555\/revisions"}],"wp:attachment":[{"href":"https:\/\/www.schiebener.net\/wordpress\/wp-json\/wp\/v2\/media?parent=55555"}],"wp:term":[{"taxonomy":"category","embeddable":true,"href":"https:\/\/www.schiebener.net\/wordpress\/wp-json\/wp\/v2\/categories?post=55555"},{"taxonomy":"post_tag","embeddable":true,"href":"https:\/\/www.schiebener.net\/wordpress\/wp-json\/wp\/v2\/tags?post=55555"}],"curies":[{"name":"wp","href":"https:\/\/api.w.org\/{rel}","templated":true}]}}