{"id":55496,"date":"2023-07-23T21:50:48","date_gmt":"2023-07-23T19:50:48","guid":{"rendered":"https:\/\/www.schiebener.net\/wordpress\/?p=55496"},"modified":"2023-07-24T01:19:23","modified_gmt":"2023-07-23T23:19:23","slug":"der-rest-vom-fensterfreitag","status":"publish","type":"post","link":"https:\/\/www.schiebener.net\/wordpress\/der-rest-vom-fensterfreitag\/","title":{"rendered":"Der Rest vom #FensterFreitag"},"content":{"rendered":"\n<figure class=\"wp-block-image size-large is-resized\"><a href=\"https:\/\/www.schiebener.net\/wordpress\/wp-content\/uploads\/2023\/07\/2023072001KasselWandbildGrimm.jpg\" target=\"_blank\" rel=\"noreferrer noopener\"><img decoding=\"async\" src=\"https:\/\/www.schiebener.net\/wordpress\/wp-content\/uploads\/2023\/07\/2023072001KasselWandbildGrimm-1024x768.jpg\" alt=\"\" class=\"wp-image-55497\" width=\"700\" srcset=\"https:\/\/www.schiebener.net\/wordpress\/wp-content\/uploads\/2023\/07\/2023072001KasselWandbildGrimm-1024x768.jpg 1024w, https:\/\/www.schiebener.net\/wordpress\/wp-content\/uploads\/2023\/07\/2023072001KasselWandbildGrimm-300x225.jpg 300w, https:\/\/www.schiebener.net\/wordpress\/wp-content\/uploads\/2023\/07\/2023072001KasselWandbildGrimm-768x576.jpg 768w, https:\/\/www.schiebener.net\/wordpress\/wp-content\/uploads\/2023\/07\/2023072001KasselWandbildGrimm-1536x1152.jpg 1536w, https:\/\/www.schiebener.net\/wordpress\/wp-content\/uploads\/2023\/07\/2023072001KasselWandbildGrimm-1200x900.jpg 1200w, https:\/\/www.schiebener.net\/wordpress\/wp-content\/uploads\/2023\/07\/2023072001KasselWandbildGrimm.jpg 2048w\" sizes=\"(max-width: 709px) 85vw, (max-width: 909px) 67vw, (max-width: 1362px) 62vw, 840px\" \/><\/a><figcaption class=\"wp-element-caption\">Die Br\u00fcder Grimm als Wandbild auf einer Hausfassade (foto: zoom)<\/figcaption><\/figure>\n\n\n\n<p><strong>Wahlen in Spanien, Waldbr\u00e4nde auf Rhodos und Friedrich Merz reicht der AfD die Hand &#8211; ich habe schlechte Laune. <\/strong><\/p>\n\n\n\n<p>Das Bild habe ich vor ein paar Tagen f\u00fcr den <a href=\"https:\/\/ruhr.social\/tags\/Fensterfreitag\" target=\"_blank\" rel=\"noreferrer noopener\">#FensterFreitag<\/a> auf Mastodon in Kassel aufgenommen. Es zeigt auf einem \u00fcberdimensionalen Wandbild die Br\u00fcder Grimm.<\/p>\n\n\n\n<p>Was haben die Grimms mit Kassel zu tun?<\/p>\n\n\n\n<blockquote class=\"wp-block-quote is-layout-flow wp-block-quote-is-layout-flow\">\n<p>Jacob und Wilhelm zogen 1798 nach Kassel. Hier besuchten sie das Gymnasium, das damals \u201eLyceum Fridericianum\u201c hie\u00df. Die Mutter und die \u00fcbrigen vier Geschwister blieben in Steinau. Nach dem Ende ihrer Schulzeit gingen Jacob und Wilhelm nach Marburg, um dort Rechtswissenschaft zu studieren.<\/p>\n\n\n\n<p>In Marburg begannen sich Jacob und Wilhelm f\u00fcr die deutsche Sprache und Literatur zu interessieren. Sie wohnten zusammen in einem Haus in der Barf\u00fc\u00dferstra\u00dfe, das heute noch steht. 1806 kehrten sie nach Kassel zur\u00fcck.<\/p>\n<cite><em><a href=\"http:\/\/www.grimms.de\/de\/content\/wer-waren-die-br%C3%BCder-grimm\" target=\"_blank\" rel=\"noreferrer noopener\">http:\/\/www.grimms.de\/de\/content\/wer-waren-die-br%C3%BCder-grimm<\/a><\/em><\/cite><\/blockquote>\n\n\n\n<p>Alles weitere auf der oben verlinkten Seite der Br\u00fcder Grimm-Gesellschaft.<\/p>\n\n\n\n<p>Was haben Jacob und Wilhelm Grimm mit meiner schlechten Laune zu tun? Eigentlich nichts. Ich versuche mich nur ein wenig abzulenken, indem ich Bilder aus der vergangenen Woche sortiere.<\/p>\n\n\n\n<p>Mal schauen, wie die Welt morgen aussieht.<\/p>\n","protected":false},"excerpt":{"rendered":"<p>Wahlen in Spanien, Waldbr\u00e4nde auf Rhodos und Friedrich Merz reicht der AfD die Hand &#8211; ich habe schlechte Laune. Das Bild habe ich vor ein paar Tagen f\u00fcr den #FensterFreitag &hellip; <a href=\"https:\/\/www.schiebener.net\/wordpress\/der-rest-vom-fensterfreitag\/\" class=\"more-link\"><span class=\"screen-reader-text\">\u201eDer Rest vom #FensterFreitag\u201c <\/span>weiterlesen<\/a><\/p>\n","protected":false},"author":3,"featured_media":0,"comment_status":"open","ping_status":"open","sticky":false,"template":"","format":"standard","meta":{"footnotes":""},"categories":[174,319,674,32,24,648],"tags":[8531,2270,8884],"class_list":["post-55496","post","type-post","status-publish","format-standard","hentry","category-dit-und-dat","category-geschichte","category-kultur","category-medien","category-politik","category-was-tun-gegen-langweile","tag-graffiti","tag-kassel","tag-mural"],"_links":{"self":[{"href":"https:\/\/www.schiebener.net\/wordpress\/wp-json\/wp\/v2\/posts\/55496","targetHints":{"allow":["GET"]}}],"collection":[{"href":"https:\/\/www.schiebener.net\/wordpress\/wp-json\/wp\/v2\/posts"}],"about":[{"href":"https:\/\/www.schiebener.net\/wordpress\/wp-json\/wp\/v2\/types\/post"}],"author":[{"embeddable":true,"href":"https:\/\/www.schiebener.net\/wordpress\/wp-json\/wp\/v2\/users\/3"}],"replies":[{"embeddable":true,"href":"https:\/\/www.schiebener.net\/wordpress\/wp-json\/wp\/v2\/comments?post=55496"}],"version-history":[{"count":0,"href":"https:\/\/www.schiebener.net\/wordpress\/wp-json\/wp\/v2\/posts\/55496\/revisions"}],"wp:attachment":[{"href":"https:\/\/www.schiebener.net\/wordpress\/wp-json\/wp\/v2\/media?parent=55496"}],"wp:term":[{"taxonomy":"category","embeddable":true,"href":"https:\/\/www.schiebener.net\/wordpress\/wp-json\/wp\/v2\/categories?post=55496"},{"taxonomy":"post_tag","embeddable":true,"href":"https:\/\/www.schiebener.net\/wordpress\/wp-json\/wp\/v2\/tags?post=55496"}],"curies":[{"name":"wp","href":"https:\/\/api.w.org\/{rel}","templated":true}]}}