{"id":55392,"date":"2023-07-09T21:09:59","date_gmt":"2023-07-09T19:09:59","guid":{"rendered":"https:\/\/www.schiebener.net\/wordpress\/?p=55392"},"modified":"2023-07-09T21:09:59","modified_gmt":"2023-07-09T19:09:59","slug":"verlaengerung-pausenbild-ii","status":"publish","type":"post","link":"https:\/\/www.schiebener.net\/wordpress\/verlaengerung-pausenbild-ii\/","title":{"rendered":"Verl\u00e4ngerung: Pausenbild II"},"content":{"rendered":"<div class=\"wp-block-image\">\n<figure class=\"aligncenter size-large is-resized\"><a href=\"https:\/\/www.schiebener.net\/wordpress\/wp-content\/uploads\/2023\/07\/2023070601FroendenbergRuhr.jpg\" target=\"_blank\" rel=\"noreferrer noopener\"><img decoding=\"async\" src=\"https:\/\/www.schiebener.net\/wordpress\/wp-content\/uploads\/2023\/07\/2023070601FroendenbergRuhr-1024x768.jpg\" alt=\"\" class=\"wp-image-55393\" width=\"700\" srcset=\"https:\/\/www.schiebener.net\/wordpress\/wp-content\/uploads\/2023\/07\/2023070601FroendenbergRuhr-1024x768.jpg 1024w, https:\/\/www.schiebener.net\/wordpress\/wp-content\/uploads\/2023\/07\/2023070601FroendenbergRuhr-300x225.jpg 300w, https:\/\/www.schiebener.net\/wordpress\/wp-content\/uploads\/2023\/07\/2023070601FroendenbergRuhr-768x576.jpg 768w, https:\/\/www.schiebener.net\/wordpress\/wp-content\/uploads\/2023\/07\/2023070601FroendenbergRuhr-1536x1152.jpg 1536w, https:\/\/www.schiebener.net\/wordpress\/wp-content\/uploads\/2023\/07\/2023070601FroendenbergRuhr-1200x900.jpg 1200w, https:\/\/www.schiebener.net\/wordpress\/wp-content\/uploads\/2023\/07\/2023070601FroendenbergRuhr.jpg 2048w\" sizes=\"(max-width: 709px) 85vw, (max-width: 909px) 67vw, (max-width: 1362px) 62vw, 840px\" \/><\/a><figcaption class=\"wp-element-caption\">Blick vom Ruhrbalkon in Fr\u00f6ndenberg ruhrabw\u00e4rts (foto: zoom)<\/figcaption><\/figure>\n<\/div>\n\n\n<p><strong>Die Blogpause geht in die Verl\u00e4ngerung. Es ist einfach zu viel los, die Gedanken schwirren herum, das Leben da drau\u00dfen, jenseits der sozialen Medien, verlangt meine Aufmerksamkeit.<\/strong><\/p>\n\n\n\n<p>Ein paar aktuelle Beitr\u00e4ge bleiben ungeschrieben. Das l\u00e4sst sich leider nicht \u00e4ndern.<\/p>\n\n\n\n<p>Kein Grund \u00fcbrigens zur Sorge. Mir geht es gut. Au\u00dferdem wird das Wetter schlechter. Dann ist das Freibad nicht mehr voller Menschen, und man kann in Ruhe ein paar Bahnen schwimmen. Purer Egoismus im antizyklischen Lebensrhythmus.<br \/><br \/>Bis bald.<\/p>\n","protected":false},"excerpt":{"rendered":"<p>Die Blogpause geht in die Verl\u00e4ngerung. Es ist einfach zu viel los, die Gedanken schwirren herum, das Leben da drau\u00dfen, jenseits der sozialen Medien, verlangt meine Aufmerksamkeit. Ein paar aktuelle &hellip; <a href=\"https:\/\/www.schiebener.net\/wordpress\/verlaengerung-pausenbild-ii\/\" class=\"more-link\"><span class=\"screen-reader-text\">\u201eVerl\u00e4ngerung: Pausenbild II\u201c <\/span>weiterlesen<\/a><\/p>\n","protected":false},"author":3,"featured_media":0,"comment_status":"open","ping_status":"open","sticky":false,"template":"","format":"standard","meta":{"footnotes":""},"categories":[174,2489],"tags":[1920],"class_list":["post-55392","post","type-post","status-publish","format-standard","hentry","category-dit-und-dat","category-in-eigener-sache","tag-blogpause"],"_links":{"self":[{"href":"https:\/\/www.schiebener.net\/wordpress\/wp-json\/wp\/v2\/posts\/55392","targetHints":{"allow":["GET"]}}],"collection":[{"href":"https:\/\/www.schiebener.net\/wordpress\/wp-json\/wp\/v2\/posts"}],"about":[{"href":"https:\/\/www.schiebener.net\/wordpress\/wp-json\/wp\/v2\/types\/post"}],"author":[{"embeddable":true,"href":"https:\/\/www.schiebener.net\/wordpress\/wp-json\/wp\/v2\/users\/3"}],"replies":[{"embeddable":true,"href":"https:\/\/www.schiebener.net\/wordpress\/wp-json\/wp\/v2\/comments?post=55392"}],"version-history":[{"count":0,"href":"https:\/\/www.schiebener.net\/wordpress\/wp-json\/wp\/v2\/posts\/55392\/revisions"}],"wp:attachment":[{"href":"https:\/\/www.schiebener.net\/wordpress\/wp-json\/wp\/v2\/media?parent=55392"}],"wp:term":[{"taxonomy":"category","embeddable":true,"href":"https:\/\/www.schiebener.net\/wordpress\/wp-json\/wp\/v2\/categories?post=55392"},{"taxonomy":"post_tag","embeddable":true,"href":"https:\/\/www.schiebener.net\/wordpress\/wp-json\/wp\/v2\/tags?post=55392"}],"curies":[{"name":"wp","href":"https:\/\/api.w.org\/{rel}","templated":true}]}}