{"id":5539,"date":"2009-11-06T17:10:11","date_gmt":"2009-11-06T16:10:11","guid":{"rendered":"http:\/\/www.schiebener.net\/wordpress\/?p=5539"},"modified":"2016-01-05T16:51:57","modified_gmt":"2016-01-05T15:51:57","slug":"heute-im-kreistag-die-lex-loos","status":"publish","type":"post","link":"https:\/\/www.schiebener.net\/wordpress\/heute-im-kreistag-die-lex-loos\/","title":{"rendered":"Heute im Kreistag: Die &#8222;Lex Loos&#8220;"},"content":{"rendered":"<p>Der Kreistag will das Fragerecht seiner Mitglieder beschneiden. \u00dcber diesen Vorgang berichtetet die gestrige Print-Ausgabe der Westfalenpost in ihrem Hochsauerlandteil(siehe Bild).<\/p>\n<p>In einer<a href=\"http:\/\/www.schiebener.net\/wordpress\/?p=5500\" target=\"_blank\"> Umleitung:<\/a> <strong>&#8222;Ausgefragt:<\/strong> Kreistag beschr\u00e4nkt Mitglieder \u00e2\u20ac\u00a6 <a href=\"http:\/\/sbl-fraktion.de\/aus-dem-kreistag\/kreisverwaltung-will-fragerecht-der-kreistagsmitglieder-einschranken.html\" target=\"_blank\">sbl&#8220;<\/a> ist das Thema auch hier im Blog angesprochen worden.<\/p>\n<p>Reinhard Loos von der Sauerl\u00e4nder B\u00fcrgerliste(SBL) vermutet, dass durch die Einschr\u00e4nkung des Fragerechts, seine Informationsm\u00f6glichkeiten und politischen Spielr\u00e4ume eingeengt werden sollen.<\/p>\n<p>Auf der Website der B\u00fcrgerliste geht er insbesondere auf die im Artikel genannte hohe Zahl von Anfragen(151 in drei Jahren) durch die SBL im Kreistag\u00a0 -zum Vergleich CDU (15 in f\u00fcnf Jahren)- ein:<\/p>\n<p>&#8222;&#8230; Insbesondere darf aber nicht \u00fcbersehen werden, dass sehr ungleiche Bedingungen im Kreishaus bestehen:<\/p>\n<ul>Die CDU-Fraktion stellt den Landrat und wird schon auf diesem Wege viele Informationen erhalten.<\/ul>\n<ul>Fachbereichsleiter nehmen regelm\u00e4\u00dfig an Fraktionssitzungen der CDU teil.<\/ul>\n<ul>Vor den Ausschusssitzungen finden Vorbesprechungen statt, in denen die CDU-Ausschussmitglieder hinter verschlossenen T\u00fcren mit den Vertretern der Verwaltung zusammensitzen.<\/ul>\n<ul>Die Fraktionsgesch\u00e4ftsstellen der CDU-Fraktion (und auch der SPD-Fraktion) werden von daf\u00fcr abgestellten Mitarbeiterinnen der Kreisverwaltung gef\u00fchrt.<\/ul>\n<ul>Zahlreiche Mitarbeiter der Kreisverwaltung (100? 200? 300?) d\u00fcrften CDU-Mitglieder sein, und einige andere haben ein SPD-Parteibuch.<\/ul>\n<p>Dann braucht man selbstverst\u00e4ndlich keine Anfragen stellen, um an Informationen zu kommen \u00e2\u20ac\u00a6&#8220;<\/p>\n<p><a href=\"http:\/\/sbl-fraktion.de\/aus-dem-kreistag\/diese-statistik-hinkt.html\" target=\"_blank\">den ganzen Artikel lesen.<\/a><\/p>\n<p>Anmerkung:<\/p>\n<p>Der WP-Artikel ist online nur im Archiv der Westfalenpost gespeichert. Dieses ist nach Anmeldung zug\u00e4nglich. Der Text kann daher hier nicht verlinkt werden.<\/p>\n<p>Die Angelegenheit ist sehr wahrscheinlich beim Tippen dieser Zeilen schon gelaufen, da der Kreistag heute seit 15 Uhr tagt.<\/p>\n","protected":false},"excerpt":{"rendered":"<p>Der Kreistag will das Fragerecht seiner Mitglieder beschneiden. \u00dcber diesen Vorgang berichtetet die gestrige Print-Ausgabe der Westfalenpost in ihrem Hochsauerlandteil(siehe Bild). In einer Umleitung: &#8222;Ausgefragt: Kreistag beschr\u00e4nkt Mitglieder \u00e2\u20ac\u00a6 sbl&#8220; &hellip; <a href=\"https:\/\/www.schiebener.net\/wordpress\/heute-im-kreistag-die-lex-loos\/\" class=\"more-link\"><span class=\"screen-reader-text\">\u201eHeute im Kreistag: Die &#8222;Lex Loos&#8220;\u201c <\/span>weiterlesen<\/a><\/p>\n","protected":false},"author":3,"featured_media":0,"comment_status":"open","ping_status":"open","sticky":false,"template":"","format":"standard","meta":{"footnotes":""},"categories":[80,32,24],"tags":[936,985,294,340],"class_list":["post-5539","post","type-post","status-publish","format-standard","hentry","category-lokales","category-medien","category-politik","tag-kreistag","tag-lex-loos","tag-sbl","tag-westfalenpost"],"_links":{"self":[{"href":"https:\/\/www.schiebener.net\/wordpress\/wp-json\/wp\/v2\/posts\/5539","targetHints":{"allow":["GET"]}}],"collection":[{"href":"https:\/\/www.schiebener.net\/wordpress\/wp-json\/wp\/v2\/posts"}],"about":[{"href":"https:\/\/www.schiebener.net\/wordpress\/wp-json\/wp\/v2\/types\/post"}],"author":[{"embeddable":true,"href":"https:\/\/www.schiebener.net\/wordpress\/wp-json\/wp\/v2\/users\/3"}],"replies":[{"embeddable":true,"href":"https:\/\/www.schiebener.net\/wordpress\/wp-json\/wp\/v2\/comments?post=5539"}],"version-history":[{"count":0,"href":"https:\/\/www.schiebener.net\/wordpress\/wp-json\/wp\/v2\/posts\/5539\/revisions"}],"wp:attachment":[{"href":"https:\/\/www.schiebener.net\/wordpress\/wp-json\/wp\/v2\/media?parent=5539"}],"wp:term":[{"taxonomy":"category","embeddable":true,"href":"https:\/\/www.schiebener.net\/wordpress\/wp-json\/wp\/v2\/categories?post=5539"},{"taxonomy":"post_tag","embeddable":true,"href":"https:\/\/www.schiebener.net\/wordpress\/wp-json\/wp\/v2\/tags?post=5539"}],"curies":[{"name":"wp","href":"https:\/\/api.w.org\/{rel}","templated":true}]}}