{"id":55180,"date":"2023-06-01T21:19:34","date_gmt":"2023-06-01T19:19:34","guid":{"rendered":"https:\/\/www.schiebener.net\/wordpress\/?p=55180"},"modified":"2026-03-20T18:28:05","modified_gmt":"2026-03-20T17:28:05","slug":"umleitung-milliardaere-greifen-an-harmonisch-mit-neonazis-klimadreckschweine-guertelrose-impfung-gegen-demenz-tucholsky-in-lourdes-und-mehr","status":"publish","type":"post","link":"https:\/\/www.schiebener.net\/wordpress\/umleitung-milliardaere-greifen-an-harmonisch-mit-neonazis-klimadreckschweine-guertelrose-impfung-gegen-demenz-tucholsky-in-lourdes-und-mehr\/","title":{"rendered":"Umleitung: Milliard\u00e4re greifen an, Harmonisch mit Neonazis, Klimadreckschweine, G\u00fcrtelrose-Impfung gegen Demenz, Tucholsky in Lourdes und mehr&#8230;"},"content":{"rendered":"<div class=\"wp-block-image\">\n<figure class=\"aligncenter size-full is-resized\"><a href=\"https:\/\/www.schiebener.net\/wordpress\/wp-content\/uploads\/2023\/06\/2023053001Zierlauch.jpg\" target=\"_blank\" rel=\"noreferrer noopener\"><img loading=\"lazy\" decoding=\"async\" width=\"1024\" height=\"683\" src=\"https:\/\/www.schiebener.net\/wordpress\/wp-content\/uploads\/2023\/06\/2023053001Zierlauch.jpg\" alt=\"\" class=\"wp-image-55181\" style=\"width:698px\" srcset=\"https:\/\/www.schiebener.net\/wordpress\/wp-content\/uploads\/2023\/06\/2023053001Zierlauch.jpg 1024w, https:\/\/www.schiebener.net\/wordpress\/wp-content\/uploads\/2023\/06\/2023053001Zierlauch-300x200.jpg 300w, https:\/\/www.schiebener.net\/wordpress\/wp-content\/uploads\/2023\/06\/2023053001Zierlauch-768x512.jpg 768w\" sizes=\"auto, (max-width: 709px) 85vw, (max-width: 909px) 67vw, (max-width: 1362px) 62vw, 840px\" \/><\/a><figcaption class=\"wp-element-caption\">Bl\u00fcht zur Zeit in vielen G\u00e4rten: der Zierlauch (foto: zoom)<\/figcaption><\/figure>\n<\/div>\n\n\n<p><strong>Milliard\u00e4re greifen an:<\/strong> Donald Trump und Elon Musk als B\u00f6sewichte? &#8230; <a href=\"https:\/\/www.endoplast.de\/2023\/05\/18\/milliardaere-greifen-an-donald-trump-und-elon-musk-als-boesewichte\/\" target=\"_blank\" rel=\"noreferrer noopener\">endoplast<\/a><\/p>\n\n\n\n<p><strong>Harmonisch mit Neonazis:<\/strong> Das Brauchtumsfest am Questenberg in Sachsen-Anhalt lockt zu Pfingsten Rechtsextreme aller Couleur an. Die Ortsbev\u00f6lkerung l\u00e4sst sie gew\u00e4hren &#8230; <a href=\"https:\/\/www.endstation-rechts.de\/news\/harmonisch-mit-neonazis\" target=\"_blank\" rel=\"noreferrer noopener\">endstationrechts<\/a><\/p>\n\n\n\n<p><strong>G\u00fcrtelrose-Impfung verhindert anscheinend Demenz<\/strong>: Herpesviren, darunter auch der Erreger der Windpocken, stehen schon l\u00e4nger im Verdacht, mit Demenz zusammenzuh\u00e4ngen. Die neuen Ergebnisse \u00fcber die Impfung gegen G\u00fcrtelrose st\u00fctzen diese Hypothese &#8230; <a href=\"https:\/\/www.spektrum.de\/news\/guertelrose-impfung-verhindert-anscheinend-demenz\/2147022\" target=\"_blank\" rel=\"noreferrer noopener\">spektrum<\/a><\/p>\n\n\n\n<p><strong>Klimadreckschweine (Satire):<\/strong> \u201e\u2026 warne Scholz vor einer Radikalisierung der Klimasch\u00fctzer. Die gesellschaftliche Stimmung sei trotz einer weitgehenden Kompromissbereitschaft der Bundesregierung gegen\u00fcber den besorgten Autobesitzern schon so aufgeheizt, dass man auf Proteste von Jugendlichen nur mit der H\u00e4rte des\u2026\u201c &#8230; <a href=\"https:\/\/zynaesthesie.wordpress.com\/2023\/06\/01\/klimadreckschweine\/\" target=\"_blank\" rel=\"noreferrer noopener\">zynaesthesie<\/a><\/p>\n\n\n\n<p><strong>Kurt Tucholsky \u2013 Lourdes (1927):<\/strong> was ist eigentlich Lourdes, dieser kleine Ort am Fu\u00dfe der Pyren\u00e4en, der durch die angeblichen Marienerscheinungen 1858 zu einem der gr\u00f6\u00dften Wallfahrtsorte des Christentums wurde? Was geschieht dort? Wieso gibt es \u00fcberall in Deutschland Nachbauten der Lourdesgrotte? &#8230; <a href=\"https:\/\/schmalenstroer.net\/blog\/2023\/05\/kurt-tucholsky-lourdes-1927\/\" target=\"_blank\" rel=\"noreferrer noopener\">schmalenstroer<\/a><\/p>\n\n\n\n<p><strong>Dortmunder Nordstadt:<\/strong> Anarchistisches Parkfest am 17. Juni im Bl\u00fccherpark &#8230; <a href=\"https:\/\/www.nordstadtblogger.de\/fuer-mehr-gegenseitige-unterstuetzung-und-weniger-staat-anarchistisches-parkfest-im-bluecherpark\/\" target=\"_blank\" rel=\"noreferrer noopener\">nordstadtblogger<\/a><\/p>\n\n\n\n<p><strong>Gie\u00dfen:<\/strong> Nicht sch\u00f6n, aber viel besser als fr\u00fcher \u2013 Bilder aus der \u201eEulenkopf\u201c-Siedlung &#8230; <a href=\"https:\/\/www.revierpassagen.de\/130568\/nicht-schoen-aber-viel-besser-als-frueher-bilder-aus-der-eulenkopf-siedlung\/20230524_1608\" target=\"_blank\" rel=\"noreferrer noopener\">revierpassagen<\/a><\/p>\n","protected":false},"excerpt":{"rendered":"<p>Milliard\u00e4re greifen an: Donald Trump und Elon Musk als B\u00f6sewichte? &#8230; endoplast Harmonisch mit Neonazis: Das Brauchtumsfest am Questenberg in Sachsen-Anhalt lockt zu Pfingsten Rechtsextreme aller Couleur an. Die Ortsbev\u00f6lkerung &hellip; <a href=\"https:\/\/www.schiebener.net\/wordpress\/umleitung-milliardaere-greifen-an-harmonisch-mit-neonazis-klimadreckschweine-guertelrose-impfung-gegen-demenz-tucholsky-in-lourdes-und-mehr\/\" class=\"more-link\"><span class=\"screen-reader-text\">\u201eUmleitung: Milliard\u00e4re greifen an, Harmonisch mit Neonazis, Klimadreckschweine, G\u00fcrtelrose-Impfung gegen Demenz, Tucholsky in Lourdes und mehr&#8230;\u201c <\/span>weiterlesen<\/a><\/p>\n","protected":false},"author":3,"featured_media":0,"comment_status":"open","ping_status":"open","sticky":false,"template":"","format":"standard","meta":{"footnotes":""},"categories":[218,319,7088,8406,674,854,6314,2782,4761,379,3096],"tags":[8928,6176,2501,9124,667,308,512],"class_list":["post-55180","post","type-post","status-publish","format-standard","hentry","category-bucher","category-geschichte","category-gesundheit","category-klimakrise","category-kultur","category-kunst","category-rechtsextremismus","category-satire","category-soziales","category-umleitung","category-urbanes-wohnen","tag-demenz","tag-donald-trump","tag-dortmund-nordstadt","tag-giessen","tag-koln","tag-kurt-tucholsky","tag-neonazis"],"_links":{"self":[{"href":"https:\/\/www.schiebener.net\/wordpress\/wp-json\/wp\/v2\/posts\/55180","targetHints":{"allow":["GET"]}}],"collection":[{"href":"https:\/\/www.schiebener.net\/wordpress\/wp-json\/wp\/v2\/posts"}],"about":[{"href":"https:\/\/www.schiebener.net\/wordpress\/wp-json\/wp\/v2\/types\/post"}],"author":[{"embeddable":true,"href":"https:\/\/www.schiebener.net\/wordpress\/wp-json\/wp\/v2\/users\/3"}],"replies":[{"embeddable":true,"href":"https:\/\/www.schiebener.net\/wordpress\/wp-json\/wp\/v2\/comments?post=55180"}],"version-history":[{"count":0,"href":"https:\/\/www.schiebener.net\/wordpress\/wp-json\/wp\/v2\/posts\/55180\/revisions"}],"wp:attachment":[{"href":"https:\/\/www.schiebener.net\/wordpress\/wp-json\/wp\/v2\/media?parent=55180"}],"wp:term":[{"taxonomy":"category","embeddable":true,"href":"https:\/\/www.schiebener.net\/wordpress\/wp-json\/wp\/v2\/categories?post=55180"},{"taxonomy":"post_tag","embeddable":true,"href":"https:\/\/www.schiebener.net\/wordpress\/wp-json\/wp\/v2\/tags?post=55180"}],"curies":[{"name":"wp","href":"https:\/\/api.w.org\/{rel}","templated":true}]}}