{"id":55161,"date":"2023-05-31T21:47:20","date_gmt":"2023-05-31T19:47:20","guid":{"rendered":"https:\/\/www.schiebener.net\/wordpress\/?p=55161"},"modified":"2023-05-31T21:59:28","modified_gmt":"2023-05-31T19:59:28","slug":"wildkraeuter-experiment-oder-einfach-nur-mangelhafte-pflege-der-juedische-friedhof-in-winterberg","status":"publish","type":"post","link":"https:\/\/www.schiebener.net\/wordpress\/wildkraeuter-experiment-oder-einfach-nur-mangelhafte-pflege-der-juedische-friedhof-in-winterberg\/","title":{"rendered":"Wildkr\u00e4uter-Experiment oder einfach nur mangelhafte Pflege: der J\u00fcdische Friedhof in Winterberg"},"content":{"rendered":"<div class=\"wp-block-image\">\n<figure class=\"aligncenter size-full is-resized\"><a href=\"https:\/\/www.schiebener.net\/wordpress\/wp-content\/uploads\/2023\/05\/2023053002JuedischerFriedhof.jpg\" target=\"_blank\" rel=\"noreferrer noopener\"><img decoding=\"async\" src=\"https:\/\/www.schiebener.net\/wordpress\/wp-content\/uploads\/2023\/05\/2023053002JuedischerFriedhof.jpg\" alt=\"\" class=\"wp-image-55162\" width=\"700\" srcset=\"https:\/\/www.schiebener.net\/wordpress\/wp-content\/uploads\/2023\/05\/2023053002JuedischerFriedhof.jpg 1024w, https:\/\/www.schiebener.net\/wordpress\/wp-content\/uploads\/2023\/05\/2023053002JuedischerFriedhof-300x200.jpg 300w, https:\/\/www.schiebener.net\/wordpress\/wp-content\/uploads\/2023\/05\/2023053002JuedischerFriedhof-768x512.jpg 768w\" sizes=\"(max-width: 709px) 85vw, (max-width: 909px) 67vw, (max-width: 1362px) 62vw, 840px\" \/><\/a><figcaption class=\"wp-element-caption\">Die Grabst\u00e4tten von Martha und Julius Winterberger (foto: zoom)<\/figcaption><\/figure>\n<\/div>\n\n\n<p><strong>Ich habe bislang im Hochsauerland keinen ungepflegteren J\u00fcdischen Friedhof gesehen als den J\u00fcdischen Friedhof in Winterberg. Schon <a rel=\"noreferrer noopener\" href=\"https:\/\/www.schiebener.net\/wordpress\/der-juedische-friedhof-winterberg-erschuetternd-ungepflegt\/\" target=\"_blank\">vor ein paar Jahren<\/a> hatte ich mich \u00fcber den Zustand der <a rel=\"noreferrer noopener\" href=\"https:\/\/www.jewiki.net\/wiki\/J%C3%BCdischer_Friedhof_(Winterberg)\" target=\"_blank\">seit 2010 offiziell als Baudenkmal gesch\u00fctzten Anlage<\/a> gewundert.<\/strong><\/p>\n\n\n\n<p>Nun wuchern erneut die krautigen Pflanzen und der L\u00f6wenzahn gedeiht pr\u00e4chtig auf den Wegen. <\/p>\n\n\n<div class=\"wp-block-image\">\n<figure class=\"aligncenter size-full is-resized\"><a href=\"https:\/\/www.schiebener.net\/wordpress\/wp-content\/uploads\/2023\/05\/2023053003JuedischerFriedhof.jpg\" target=\"_blank\" rel=\"noreferrer noopener\"><img decoding=\"async\" src=\"https:\/\/www.schiebener.net\/wordpress\/wp-content\/uploads\/2023\/05\/2023053003JuedischerFriedhof.jpg\" alt=\"\" class=\"wp-image-55163\" width=\"700\" srcset=\"https:\/\/www.schiebener.net\/wordpress\/wp-content\/uploads\/2023\/05\/2023053003JuedischerFriedhof.jpg 1024w, https:\/\/www.schiebener.net\/wordpress\/wp-content\/uploads\/2023\/05\/2023053003JuedischerFriedhof-300x200.jpg 300w, https:\/\/www.schiebener.net\/wordpress\/wp-content\/uploads\/2023\/05\/2023053003JuedischerFriedhof-768x512.jpg 768w\" sizes=\"(max-width: 709px) 85vw, (max-width: 909px) 67vw, (max-width: 1362px) 62vw, 840px\" \/><\/a><figcaption class=\"wp-element-caption\">L\u00f6wenzahn auf den Wegen (foto: zoom)<\/figcaption><\/figure>\n<\/div>\n\n\n<p>Der J\u00fcdische Friedhof in Winterberg liegt am Rande der Stadt und ist von au\u00dfen nicht unbedingt als Friedhof zu erkennen. Die meisten Menschen gehen achtlos am Treppenaufgang vorbei. Es ist vom Fu\u00dfweg bzw. von der Stra\u00dfe nicht ersichtlich, dass sich hinter dem Holzt\u00f6rchen ein besonderer Ort verbirgt. W\u00e4re nicht zumindest eine Hinweis- und vielleicht eine erkl\u00e4rende Geschichtstafel angemessen?<\/p>\n\n\n<div class=\"wp-block-image\">\n<figure class=\"aligncenter size-full\"><a href=\"https:\/\/www.schiebener.net\/wordpress\/wp-content\/uploads\/2023\/05\/2023052804JuedischerFriedhof.jpg\" target=\"_blank\" rel=\"noreferrer noopener\"><img loading=\"lazy\" decoding=\"async\" width=\"683\" height=\"1024\" src=\"https:\/\/www.schiebener.net\/wordpress\/wp-content\/uploads\/2023\/05\/2023052804JuedischerFriedhof.jpg\" alt=\"\" class=\"wp-image-55164\" srcset=\"https:\/\/www.schiebener.net\/wordpress\/wp-content\/uploads\/2023\/05\/2023052804JuedischerFriedhof.jpg 683w, https:\/\/www.schiebener.net\/wordpress\/wp-content\/uploads\/2023\/05\/2023052804JuedischerFriedhof-200x300.jpg 200w\" sizes=\"auto, (max-width: 709px) 85vw, (max-width: 909px) 67vw, (max-width: 984px) 61vw, (max-width: 1362px) 45vw, 600px\" \/><\/a><figcaption class=\"wp-element-caption\">Die Treppe hoch zum J\u00fcdischen Friedhof (foto: zoom)<\/figcaption><\/figure>\n<\/div>\n\n\n<p>Vielleicht besch\u00e4ftigen sich ja einige Sch\u00fcler*innen im Rahmen des Jugendgeschichtsprojekts  <strong>\u201eErinnern vor Ort\u201c- \u201eVergessene Schicksale: J\u00fcdische Familien im Hochsauerlandkreis\u201c<\/strong>, welches ich <a rel=\"noreferrer noopener\" href=\"https:\/\/www.schiebener.net\/wordpress\/erinnern-vor-ort-jugendgeschichtsprojekt-im-sauerland-museum\/\" target=\"_blank\">vor drei Tagen hier im Blog<\/a> vorgestellt habe, mit den Winterberger j\u00fcdischen Familien. Immerhin tr\u00e4gt das \u00f6rtliche Gymnasium den geschichtstr\u00e4chtigen Namen der Geschwister Scholl. <\/p>\n","protected":false},"excerpt":{"rendered":"<p>Ich habe bislang im Hochsauerland keinen ungepflegteren J\u00fcdischen Friedhof gesehen als den J\u00fcdischen Friedhof in Winterberg. Schon vor ein paar Jahren hatte ich mich \u00fcber den Zustand der seit 2010 &hellip; <a href=\"https:\/\/www.schiebener.net\/wordpress\/wildkraeuter-experiment-oder-einfach-nur-mangelhafte-pflege-der-juedische-friedhof-in-winterberg\/\" class=\"more-link\"><span class=\"screen-reader-text\">\u201eWildkr\u00e4uter-Experiment oder einfach nur mangelhafte Pflege: der J\u00fcdische Friedhof in Winterberg\u201c <\/span>weiterlesen<\/a><\/p>\n","protected":false},"author":3,"featured_media":0,"comment_status":"open","ping_status":"open","sticky":false,"template":"","format":"standard","meta":{"footnotes":""},"categories":[3182,319,674,80,7507],"tags":[334,322],"class_list":["post-55161","post","type-post","status-publish","format-standard","hentry","category-finanzen","category-geschichte","category-kultur","category-lokales","category-nationalsozialismus","tag-judischer-friedhof","tag-winterberg"],"_links":{"self":[{"href":"https:\/\/www.schiebener.net\/wordpress\/wp-json\/wp\/v2\/posts\/55161","targetHints":{"allow":["GET"]}}],"collection":[{"href":"https:\/\/www.schiebener.net\/wordpress\/wp-json\/wp\/v2\/posts"}],"about":[{"href":"https:\/\/www.schiebener.net\/wordpress\/wp-json\/wp\/v2\/types\/post"}],"author":[{"embeddable":true,"href":"https:\/\/www.schiebener.net\/wordpress\/wp-json\/wp\/v2\/users\/3"}],"replies":[{"embeddable":true,"href":"https:\/\/www.schiebener.net\/wordpress\/wp-json\/wp\/v2\/comments?post=55161"}],"version-history":[{"count":0,"href":"https:\/\/www.schiebener.net\/wordpress\/wp-json\/wp\/v2\/posts\/55161\/revisions"}],"wp:attachment":[{"href":"https:\/\/www.schiebener.net\/wordpress\/wp-json\/wp\/v2\/media?parent=55161"}],"wp:term":[{"taxonomy":"category","embeddable":true,"href":"https:\/\/www.schiebener.net\/wordpress\/wp-json\/wp\/v2\/categories?post=55161"},{"taxonomy":"post_tag","embeddable":true,"href":"https:\/\/www.schiebener.net\/wordpress\/wp-json\/wp\/v2\/tags?post=55161"}],"curies":[{"name":"wp","href":"https:\/\/api.w.org\/{rel}","templated":true}]}}