{"id":5506,"date":"2009-11-04T16:49:26","date_gmt":"2009-11-04T15:49:26","guid":{"rendered":"http:\/\/www.schiebener.net\/wordpress\/?p=5506"},"modified":"2009-11-04T23:34:46","modified_gmt":"2009-11-04T22:34:46","slug":"elmar-altvater-bei-funfzigster-veranstaltung-gegen-den-strom-in-hagen","status":"publish","type":"post","link":"https:\/\/www.schiebener.net\/wordpress\/elmar-altvater-bei-funfzigster-veranstaltung-gegen-den-strom-in-hagen\/","title":{"rendered":"Elmar Altvater bei f\u00fcnfzigster Veranstaltung &#8222;Gegen den Strom&#8220; in Hagen"},"content":{"rendered":"<figure id=\"attachment_5507\" aria-describedby=\"caption-attachment-5507\" style=\"width: 230px\" class=\"wp-caption alignleft\"><a href=\"http:\/\/commons.wikimedia.org\/wiki\/File:Elmaraltvater.jpg\" target=\"_blank\"><img loading=\"lazy\" decoding=\"async\" class=\"size-full wp-image-5507\" title=\"Elmar Altvater\" src=\"http:\/\/www.schiebener.net\/wordpress\/wp-content\/uploads\/2009\/11\/elmaraltvater01.jpg\" alt=\"Elmar Altvater\" width=\"230\" height=\"236\" \/><\/a><figcaption id=\"caption-attachment-5507\" class=\"wp-caption-text\">Elmar Altvater (foto: wikimedia)<\/figcaption><\/figure>\n<p style=\"text-align: left;\"><strong>Am Samstag, den 7. November 2009, findet von 11 bis 14 Uhr die 50. Veranstaltung der Reihe \u00e2\u20ac\u017eGegen den Strom\u00e2\u20ac\u0153 in Hagen statt.<\/strong><\/p>\n<p style=\"text-align: left;\">Diesmal nicht am gewohnten Veranstaltungsort \u00e2\u20ac\u017eVilla Post\u00e2\u20ac\u0153, sondern im <strong>Sparkassenkarree<\/strong>. Hauptreferent der Jubil\u00e4umsveranstaltung ist der <strong>Politikwissenschaftler Prof. Dr. Elmar Altvater.<\/strong> Thema seines <strong>Vortrags: \u00e2\u20ac\u017eKrisengesichter des Kapitalismus\u00e2\u20ac\u0153<\/strong>:<\/p>\n<p style=\"text-align: left;\">Seit 2004 f\u00fchrt die Veranstaltergemeinschaft des Hagener DGB, der \u00f6rtlichen Volkshochschule und der Regionalb\u00fcros \u00e2\u20ac\u017eArbeit und Leben\u00e2\u20ac\u0153 eine Informations- und Diskussionsreihe \u00e2\u20ac\u017eGegen den Strom\u00e2\u20ac\u0153 durch.<\/p>\n<p style=\"text-align: left;\">Die Grundidee wurde aus der Einsch\u00e4tzung geboren, dass es in der Zeit sich zuspitzender Widerspr\u00fcche und einem vorherrschenden neoliberalen Mainstream immer wichtiger wird, sich mit wirtschafts- und finanzpolitischen Fragen sowie arbeitsmarktlichen und sozialen Herausforderungen auseinander zu setzen. Gleicherma\u00dfen war es erkl\u00e4rtes Ziel, gesellschaftliche und gewerkschaftspolitische Alternativen vorzustellen und zu diskutieren \u00e2\u20ac\u00a6 <a href=\"http:\/\/doppelwacholder.wordpress.com\/2009\/10\/24\/50-veranstaltung-gegen-den-strom\/\" target=\"_blank\">weiter lesen bei doppelwacholder<\/a><\/p>\n","protected":false},"excerpt":{"rendered":"<p>Am Samstag, den 7. November 2009, findet von 11 bis 14 Uhr die 50. Veranstaltung der Reihe \u00e2\u20ac\u017eGegen den Strom\u00e2\u20ac\u0153 in Hagen statt. Diesmal nicht am gewohnten Veranstaltungsort \u00e2\u20ac\u017eVilla Post\u00e2\u20ac\u0153, &hellip; <a href=\"https:\/\/www.schiebener.net\/wordpress\/elmar-altvater-bei-funfzigster-veranstaltung-gegen-den-strom-in-hagen\/\" class=\"more-link\"><span class=\"screen-reader-text\">\u201eElmar Altvater bei f\u00fcnfzigster Veranstaltung &#8222;Gegen den Strom&#8220; in Hagen\u201c <\/span>weiterlesen<\/a><\/p>\n","protected":false},"author":3,"featured_media":0,"comment_status":"open","ping_status":"open","sticky":false,"template":"","format":"standard","meta":{"footnotes":""},"categories":[80,24],"tags":[977,978,979],"class_list":["post-5506","post","type-post","status-publish","format-standard","hentry","category-lokales","category-politik","tag-elmar-altvater","tag-gegen-den-strom","tag-hagen"],"_links":{"self":[{"href":"https:\/\/www.schiebener.net\/wordpress\/wp-json\/wp\/v2\/posts\/5506","targetHints":{"allow":["GET"]}}],"collection":[{"href":"https:\/\/www.schiebener.net\/wordpress\/wp-json\/wp\/v2\/posts"}],"about":[{"href":"https:\/\/www.schiebener.net\/wordpress\/wp-json\/wp\/v2\/types\/post"}],"author":[{"embeddable":true,"href":"https:\/\/www.schiebener.net\/wordpress\/wp-json\/wp\/v2\/users\/3"}],"replies":[{"embeddable":true,"href":"https:\/\/www.schiebener.net\/wordpress\/wp-json\/wp\/v2\/comments?post=5506"}],"version-history":[{"count":0,"href":"https:\/\/www.schiebener.net\/wordpress\/wp-json\/wp\/v2\/posts\/5506\/revisions"}],"wp:attachment":[{"href":"https:\/\/www.schiebener.net\/wordpress\/wp-json\/wp\/v2\/media?parent=5506"}],"wp:term":[{"taxonomy":"category","embeddable":true,"href":"https:\/\/www.schiebener.net\/wordpress\/wp-json\/wp\/v2\/categories?post=5506"},{"taxonomy":"post_tag","embeddable":true,"href":"https:\/\/www.schiebener.net\/wordpress\/wp-json\/wp\/v2\/tags?post=5506"}],"curies":[{"name":"wp","href":"https:\/\/api.w.org\/{rel}","templated":true}]}}