{"id":54831,"date":"2023-04-18T12:21:01","date_gmt":"2023-04-18T10:21:01","guid":{"rendered":"https:\/\/www.schiebener.net\/wordpress\/?p=54831"},"modified":"2023-05-01T19:19:35","modified_gmt":"2023-05-01T17:19:35","slug":"1-mai-2023-ungebrochen-solidarisch","status":"publish","type":"post","link":"https:\/\/www.schiebener.net\/wordpress\/1-mai-2023-ungebrochen-solidarisch\/","title":{"rendered":"1. Mai 2023 &#8211; UNGEBROCHEN SOLIDARISCH!"},"content":{"rendered":"\n<h3 class=\"wp-block-heading\">Der \u201eTag der Arbeit\u201c im Hochsauerlandkreis<\/h3>\n\n\n<div class=\"wp-block-image\">\n<figure class=\"aligncenter size-large is-resized\"><a href=\"https:\/\/www.schiebener.net\/wordpress\/wp-content\/uploads\/2023\/04\/20230418DGBHSKPlakat.jpg\" target=\"_blank\" rel=\"noreferrer noopener\"><img decoding=\"async\" src=\"https:\/\/www.schiebener.net\/wordpress\/wp-content\/uploads\/2023\/04\/20230418DGBHSKPlakat-726x1024.jpg\" alt=\"\" class=\"wp-image-54832\" width=\"700\" srcset=\"https:\/\/www.schiebener.net\/wordpress\/wp-content\/uploads\/2023\/04\/20230418DGBHSKPlakat-726x1024.jpg 726w, https:\/\/www.schiebener.net\/wordpress\/wp-content\/uploads\/2023\/04\/20230418DGBHSKPlakat-213x300.jpg 213w, https:\/\/www.schiebener.net\/wordpress\/wp-content\/uploads\/2023\/04\/20230418DGBHSKPlakat-768x1083.jpg 768w, https:\/\/www.schiebener.net\/wordpress\/wp-content\/uploads\/2023\/04\/20230418DGBHSKPlakat.jpg 829w\" sizes=\"(max-width: 709px) 85vw, (max-width: 909px) 67vw, (max-width: 984px) 61vw, (max-width: 1362px) 45vw, 600px\" \/><\/a><figcaption class=\"wp-element-caption\">Veranstaltungsplakat des DGB Hochsauerlandkreis<\/figcaption><\/figure>\n<\/div>\n\n\n<p><strong>Die gewerkschaftlichen Veranstaltungen zum Tag der Arbeit haben auch im Hochsauerlandkreis eine lange Tradition. Es gibt noch gen\u00fcgend Menschen, die sich daran erinnern,  dass sich die Arbeiterschaft in Meschede nach einem \u201eDemozug\u201c durch die Stadt an einem Platz in der \u00d6ffentlichkeit getroffen hat. In der Zeit war es auch \u00fcblich, einen l\u00e4ngeren Redebeitrag von Gewerkschafterinnen oder Gewerkschaftern in den Mittelpunkt zu stellen.<\/strong><\/p>\n\n\n\n<p><em>(Pressemitteilung des DGB Hochsauerlandkreis)<\/em><\/p>\n\n\n\n<p>Danach hat es Zeiten gegeben, in denen zuerst in Bestwig und danach in Arnsberg in \u00f6ffentlichen R\u00e4umen mit Podiumsveranstaltungen zu wichtigen gesellschaftlichen Themen (Rente, Pflegesituation usw.) der Tag der Arbeit gestaltet wurde.<\/p>\n\n\n\n<p>Alles (Orte und Inhalte) hatte zu seiner Zeit immer berechtigte Gr\u00fcnde, in dieser Art stattzufinden und hat auch immer positiven Anklang bei der Arbeitnehmerschaft gefunden.<\/p>\n\n\n\n<p>Aber wie alles in unserer Gesellschaft wurde auch die Veranstaltung zum 1. Mai kritisch auf den Pr\u00fcfstand gestellt. Im letzten Jahr gab es dann eine Neukonzeption, die gro\u00dfen Anklang gefunden hat.<\/p>\n\n\n\n<p>Vor allem das gegenseitige Treffen nach zwei Jahren Corona-Pause motivierte viele Besucherinnen und Besucher, nach Meschede zum Von-Stephan-Platz zu kommen.<\/p>\n\n\n\n<p>Das gr\u00f6\u00dfte Bed\u00fcrfnis ist auch f\u00fcr Gewerkschafter*innen weiterhin, sich einfach einmal wieder gegen\u00fcber zu stehen, um miteinander reden zu k\u00f6nnen. Deswegen wird an dem neuen Konzept auch in diesem Jahr festgehalten.<\/p>\n\n\n\n<p>Die acht Einzelgewerkschaften (IG Metall, ver.di, IGBCE, IGBAU, NGG, GdP, GEW und EVG) sollen mit ihren Themen wieder in den Vordergrund r\u00fccken. Dabei werden in dem einen oder anderen Redebeitrag auch gesellschaftlich wichtigen Themen aufgegriffen.<\/p>\n\n\n\n<p>Damit die Veranstaltung einen h\u00f6heren Besuchs-Anreiz f\u00fcr die nicht so aktiven Gewerkschafter*innen und Menschen, die sich f\u00fcr die Gewerkschaft und ihre Themen interessieren, bekommt, muss man in der Stadt gesehen und ein niederschwelliger Zugang erm\u00f6glicht werden.<\/p>\n\n\n\n<p>Und es gibt auch viele Besch\u00e4ftigte, die am Tag der Arbeit Interesse an einem kurzweiligen und bunt gemischten Programm haben.<\/p>\n\n\n\n<p>Deswegen wird die Mai-Veranstaltung folgenderma\u00dfen aussehen:<\/p>\n\n\n\n<p>Auf dem Von-Stephan-Platz in Meschede findet von 10 Uhr bis 12 Uhr die \u00f6ffentliche Veranstaltung der 8 Einzelgewerkschaften unter der Koordinierung des DGB Hochsauerlandkreis statt.<\/p>\n\n\n\n<p>Das Motto in diesem Jahr lautet \u201eUNGEBROCHEN SOLIDARISCH!\u201c Gerade in den aktuellen Krisenzeiten ist Solidarit\u00e4t unter den Menschen ein besonders wichtiger Wertbegriff.<\/p>\n\n\n\n<p>Die Einzelgewerkschaften sind wieder mit St\u00e4nden, Infomaterial und Ansprechpersonen vor Ort vertreten. An den St\u00e4nden kann man sich bei einem kostenlosen Kaltgetr\u00e4nk mit gleichgesinnten Gewerkschafterinnen und Gewerkschafter unterhalten bzw. sich \u00fcber die aktuellen Themen der jeweiligen Gewerkschaft informieren. An einigen St\u00e4nden gibt es auch Angebote f\u00fcr Kinder (z.B. Schmink-Aktion, Popcorn und Luftballons).<\/p>\n\n\n\n<p>Die Reden werden bewusst kurz gehalten und teilweise auch in anderen Formen kurzweiliger pr\u00e4sentiert. Neben dem DGB-Kreisverbandsvorsitzenden Dietmar Schwalm mit seiner Begr\u00fc\u00dfungsrede werden sich alle Gewerkschaften pr\u00e4sentieren.<\/p>\n\n\n\n<figure class=\"wp-block-image size-large\"><img loading=\"lazy\" decoding=\"async\" width=\"768\" height=\"1024\" src=\"https:\/\/www.schiebener.net\/wordpress\/wp-content\/uploads\/2023\/04\/20230418Dietmar_Schwalm-768x1024.jpg\" alt=\"\" class=\"wp-image-54839\" srcset=\"https:\/\/www.schiebener.net\/wordpress\/wp-content\/uploads\/2023\/04\/20230418Dietmar_Schwalm-768x1024.jpg 768w, https:\/\/www.schiebener.net\/wordpress\/wp-content\/uploads\/2023\/04\/20230418Dietmar_Schwalm-225x300.jpg 225w, https:\/\/www.schiebener.net\/wordpress\/wp-content\/uploads\/2023\/04\/20230418Dietmar_Schwalm.jpg 1024w\" sizes=\"auto, (max-width: 709px) 85vw, (max-width: 909px) 67vw, (max-width: 984px) 61vw, (max-width: 1362px) 45vw, 600px\" \/><figcaption class=\"wp-element-caption\">DGB-Kreisverbandsvorsitzender HSK Dietmar Schwalm l\u00e4dt ein zur 1. Mai Kundgebung in Meschede (Foto: DGB-HSK)<\/figcaption><\/figure>\n\n\n\n<p>In den Pausen zwischendurch gibt es Musik von Daniel Gardenier, der auch einige traditionelle Lieder aus der Arbeiterschaft im Repertoire hat.<\/p>\n\n\n\n<p>In diesem Jahr werden besonders junge Menschen angesprochen, damit auch sie Spa\u00df an gewerkschaftlicher Arbeit bekommen. Deshalb gibt es im Vorfeld Postkarten-Verteilaktionen vor den Berufsschulen im Hochsauerlandkreis.<\/p>\n\n\n\n<p>Wir sind sehr hoffnungsvoll, dass es auch 2023 wieder ein buntes und fr\u00f6hliches Fest der Gewerkschaften wird.<\/p>\n","protected":false},"excerpt":{"rendered":"<p>Der \u201eTag der Arbeit\u201c im Hochsauerlandkreis Die gewerkschaftlichen Veranstaltungen zum Tag der Arbeit haben auch im Hochsauerlandkreis eine lange Tradition. Es gibt noch gen\u00fcgend Menschen, die sich daran erinnern, dass &hellip; <a href=\"https:\/\/www.schiebener.net\/wordpress\/1-mai-2023-ungebrochen-solidarisch\/\" class=\"more-link\"><span class=\"screen-reader-text\">\u201e1. Mai 2023 &#8211; UNGEBROCHEN SOLIDARISCH!\u201c <\/span>weiterlesen<\/a><\/p>\n","protected":false},"author":17,"featured_media":0,"comment_status":"open","ping_status":"open","sticky":false,"template":"","format":"standard","meta":{"footnotes":""},"categories":[542,319,303,80,24,1043,4761],"tags":[480,1196,835],"class_list":["post-54831","post","type-post","status-publish","format-standard","hentry","category-arbeitswelt","category-geschichte","category-in-unserem-briefkasten","category-lokales","category-politik","category-pressemitteilungen","category-soziales","tag-1-mai","tag-dgb","tag-hochsauerlandkreis"],"_links":{"self":[{"href":"https:\/\/www.schiebener.net\/wordpress\/wp-json\/wp\/v2\/posts\/54831","targetHints":{"allow":["GET"]}}],"collection":[{"href":"https:\/\/www.schiebener.net\/wordpress\/wp-json\/wp\/v2\/posts"}],"about":[{"href":"https:\/\/www.schiebener.net\/wordpress\/wp-json\/wp\/v2\/types\/post"}],"author":[{"embeddable":true,"href":"https:\/\/www.schiebener.net\/wordpress\/wp-json\/wp\/v2\/users\/17"}],"replies":[{"embeddable":true,"href":"https:\/\/www.schiebener.net\/wordpress\/wp-json\/wp\/v2\/comments?post=54831"}],"version-history":[{"count":0,"href":"https:\/\/www.schiebener.net\/wordpress\/wp-json\/wp\/v2\/posts\/54831\/revisions"}],"wp:attachment":[{"href":"https:\/\/www.schiebener.net\/wordpress\/wp-json\/wp\/v2\/media?parent=54831"}],"wp:term":[{"taxonomy":"category","embeddable":true,"href":"https:\/\/www.schiebener.net\/wordpress\/wp-json\/wp\/v2\/categories?post=54831"},{"taxonomy":"post_tag","embeddable":true,"href":"https:\/\/www.schiebener.net\/wordpress\/wp-json\/wp\/v2\/tags?post=54831"}],"curies":[{"name":"wp","href":"https:\/\/api.w.org\/{rel}","templated":true}]}}