{"id":5483,"date":"2009-11-02T19:51:06","date_gmt":"2009-11-02T18:51:06","guid":{"rendered":"http:\/\/www.schiebener.net\/wordpress\/?p=5483"},"modified":"2009-11-02T19:52:09","modified_gmt":"2009-11-02T18:52:09","slug":"der-freitag-anzeigen-alptraum","status":"publish","type":"post","link":"https:\/\/www.schiebener.net\/wordpress\/der-freitag-anzeigen-alptraum\/","title":{"rendered":"Der Freitag: &#8222;Anzeigen Alptraum&#8220;"},"content":{"rendered":"<p><strong>Das Wichtigste kommt zum Schluss<\/strong>, auch der Bezug auf die \u00dcberschrift. Das ist eigentlich ein journalistisches &#8222;no, no&#8220;, aber ich mach&#8217;s einfach \ud83d\ude09<\/p>\n<p><strong>Vorrede<\/strong>: Wir haben in diesem Blog ziemlich <a href=\"http:\/\/www.schiebener.net\/wordpress\/?s=Jakob+Augstein\" target=\"_blank\">auf den Freitag &#8222;eingedroschen&#8220;. <\/a>Manchmal hat sich der Herausgeber <a href=\"http:\/\/www.schiebener.net\/wordpress\/?p=3539\" target=\"_blank\">Jakob Augstein eingemischt, <\/a>dann auf R\u00fcckfragen nicht mehr geantwortet.<\/p>\n<p>Seit ein paar Wochen schon, will ich trotzdem eines tun:<\/p>\n<p><strong>Dem<a href=\"http:\/\/www.freitag.de\/\" target=\"_blank\"> &#8222;Freitag&#8220;<\/a> ein Lob zollen.<\/strong><\/p>\n<p>Doch so ist manchmal die Blogger-Welt &#8211;\u00a0 das Adrenalin zwingt schnell\u00a0 zum Schreiben, wenn der gro\u00dfe Kritiker in uns ruft, mit Lob hingegen gehen wir recht sparsam um.<\/p>\n<blockquote><p>Lieber Jakob Augstein,<\/p>\n<p>der Freitag ist besser geworden.<\/p>\n<p>Damit meine ich sowohl die w\u00f6chentliche Print-Ausgabe, als auch den Online-Auftritt.<\/p>\n<p>Der Freitag ist wieder interessant geworden, zugespitzter, politischer.<\/p>\n<p>Ich hoffe, dass Sie den Freitag nicht nur aus Opportunismus gegen\u00fcber den &#8222;Restlinken&#8220;, nach einer anf\u00e4nglich &#8222;breiigen&#8220; Phase wieder in die Politik gef\u00fchrt haben, sondern aus einem Teil eigener \u00dcberzeugung.<\/p>\n<p>Die Zusammenarbeit mir dem <a href=\"http:\/\/www.guardian.co.uk\/\" target=\"_blank\">&#8222;Guardian<\/a>&#8220; finde ich sehr gut, obwohl ich die Print-Ausgabe dieser Zeitung langweiliger finde als noch vor 20 Jahren. Das liegt bestimmt an meinem &#8222;Altersradikalismus&#8220;.<\/p><\/blockquote>\n<p><strong>Hier nun ein gutes St\u00fcck Guardian aus dem Online-Freitag.<\/strong><\/p>\n<blockquote><p>Die Anzeigenkunden brauchen die Zeitungen nicht mehr, zumindest bei weitem nicht mehr in dem Ma\u00dfe, wie dies einmal der Fall war. Die Zeitungen hingegen brauchen die Anzeigenkunden. Wie wird dieses existentielle Dilemma gel\u00f6st werden? Um Gillmore zu zitieren \u00e2\u20ac\u201c ein Thema, das uns in Zukunft noch viel besch\u00e4ftigen wird. &#8230; <a href=\"http:\/\/www.freitag.de\/kultur\/0944-dan-kennedy-zeitungen-internet-anzeigen-leser-alptraum\" target=\"_blank\">alles lesen<\/a><\/p><\/blockquote>\n","protected":false},"excerpt":{"rendered":"<p>Das Wichtigste kommt zum Schluss, auch der Bezug auf die \u00dcberschrift. Das ist eigentlich ein journalistisches &#8222;no, no&#8220;, aber ich mach&#8217;s einfach \ud83d\ude09 Vorrede: Wir haben in diesem Blog ziemlich &hellip; <a href=\"https:\/\/www.schiebener.net\/wordpress\/der-freitag-anzeigen-alptraum\/\" class=\"more-link\"><span class=\"screen-reader-text\">\u201eDer Freitag: &#8222;Anzeigen Alptraum&#8220;\u201c <\/span>weiterlesen<\/a><\/p>\n","protected":false},"author":3,"featured_media":0,"comment_status":"open","ping_status":"open","sticky":false,"template":"","format":"standard","meta":{"footnotes":""},"categories":[32,24],"tags":[333,470,342],"class_list":["post-5483","post","type-post","status-publish","format-standard","hentry","category-medien","category-politik","tag-freitag","tag-guardian","tag-jakob-augstein"],"_links":{"self":[{"href":"https:\/\/www.schiebener.net\/wordpress\/wp-json\/wp\/v2\/posts\/5483","targetHints":{"allow":["GET"]}}],"collection":[{"href":"https:\/\/www.schiebener.net\/wordpress\/wp-json\/wp\/v2\/posts"}],"about":[{"href":"https:\/\/www.schiebener.net\/wordpress\/wp-json\/wp\/v2\/types\/post"}],"author":[{"embeddable":true,"href":"https:\/\/www.schiebener.net\/wordpress\/wp-json\/wp\/v2\/users\/3"}],"replies":[{"embeddable":true,"href":"https:\/\/www.schiebener.net\/wordpress\/wp-json\/wp\/v2\/comments?post=5483"}],"version-history":[{"count":0,"href":"https:\/\/www.schiebener.net\/wordpress\/wp-json\/wp\/v2\/posts\/5483\/revisions"}],"wp:attachment":[{"href":"https:\/\/www.schiebener.net\/wordpress\/wp-json\/wp\/v2\/media?parent=5483"}],"wp:term":[{"taxonomy":"category","embeddable":true,"href":"https:\/\/www.schiebener.net\/wordpress\/wp-json\/wp\/v2\/categories?post=5483"},{"taxonomy":"post_tag","embeddable":true,"href":"https:\/\/www.schiebener.net\/wordpress\/wp-json\/wp\/v2\/tags?post=5483"}],"curies":[{"name":"wp","href":"https:\/\/api.w.org\/{rel}","templated":true}]}}