{"id":54822,"date":"2023-04-17T21:40:57","date_gmt":"2023-04-17T19:40:57","guid":{"rendered":"https:\/\/www.schiebener.net\/wordpress\/?p=54822"},"modified":"2023-04-17T22:58:47","modified_gmt":"2023-04-17T20:58:47","slug":"stadtradeln-startet-im-hochsauerlandkreis-erstmalig-mit-allen-kommunen-radeln-fuer-ein-gutes-klima-anmeldungen-ab-sorfort-moeglich","status":"publish","type":"post","link":"https:\/\/www.schiebener.net\/wordpress\/stadtradeln-startet-im-hochsauerlandkreis-erstmalig-mit-allen-kommunen-radeln-fuer-ein-gutes-klima-anmeldungen-ab-sorfort-moeglich\/","title":{"rendered":"Stadtradeln startet im Hochsauerlandkreis erstmalig mit allen Kommunen &#8211; Radeln f\u00fcr ein gutes Klima &#8211; Anmeldungen ab sofort m\u00f6glich"},"content":{"rendered":"<div class=\"wp-block-image\">\n<figure class=\"aligncenter size-large is-resized\"><a href=\"https:\/\/www.schiebener.net\/wordpress\/wp-content\/uploads\/2022\/09\/2022093001Radtour.jpg\" target=\"_blank\" rel=\"noreferrer noopener\"><img decoding=\"async\" src=\"https:\/\/www.schiebener.net\/wordpress\/wp-content\/uploads\/2022\/09\/2022093001Radtour-1024x666.jpg\" alt=\"\" class=\"wp-image-53358\" width=\"700\" srcset=\"https:\/\/www.schiebener.net\/wordpress\/wp-content\/uploads\/2022\/09\/2022093001Radtour-1024x666.jpg 1024w, https:\/\/www.schiebener.net\/wordpress\/wp-content\/uploads\/2022\/09\/2022093001Radtour-300x195.jpg 300w, https:\/\/www.schiebener.net\/wordpress\/wp-content\/uploads\/2022\/09\/2022093001Radtour-768x499.jpg 768w, https:\/\/www.schiebener.net\/wordpress\/wp-content\/uploads\/2022\/09\/2022093001Radtour-1536x998.jpg 1536w, https:\/\/www.schiebener.net\/wordpress\/wp-content\/uploads\/2022\/09\/2022093001Radtour-1200x780.jpg 1200w, https:\/\/www.schiebener.net\/wordpress\/wp-content\/uploads\/2022\/09\/2022093001Radtour.jpg 2048w\" sizes=\"(max-width: 709px) 85vw, (max-width: 909px) 67vw, (max-width: 1362px) 62vw, 840px\" \/><\/a><figcaption class=\"wp-element-caption\">Radtour im Hochsauerlandkreis Sommer 2022. Blickrichtung Siedlinghausen. (archivfoto: zoom)<\/figcaption><\/figure>\n<\/div>\n\n\n<p><strong>Ab sofort k\u00f6nnen B\u00fcrger*innen sich in Teams f\u00fcr ihre jeweilige Kommune beim STADTRADELN registrieren. Im Aktionszeitraum vom 11. August bis 31. August 2023 sind Kommunalpolitiker*innen und B\u00fcrger*innen dazu aufgerufen, m\u00f6glichst viele Wege klimafreundlich mit dem Rad zu erledigen und dabei Kilometer f\u00fcr ihr Team, ihre Kommune und mehr Radf\u00f6rderung zu sammeln. Die Kommunen bieten im Aktionszeitraum verschieden Fahrradaktionen an.<\/strong><\/p>\n\n\n\n<p><em>(Pressemitteilung HSK, von mir gegendert)<\/em><\/p>\n\n\n\n<p>Beim STADTRADELN werden Menschen spielerisch angeregt, 21 Tage lang m\u00f6glichst viele Alltagswege klimafreundlich mit dem Fahrrad zur\u00fcckzulegen. Denn wer drei Wochen geradelt ist, nimmt dieses Verkehrsmittel danach anders wahr. Das gilt auch f\u00fcr die Mitglieder der Kommunalparlamente, auf denen ein besonderes Augenmerk liegt.<\/p>\n\n\n\n<p>Erstmalig beteiligen sich nun alle 12 Kommunen des Hochsauerlandkreises beim diesj\u00e4hrigen STADTRADELN. Daf\u00fcr hatte der HSK im Dezember letzten Jahres geworben und mit den Kommunen die Kampagne und einen gemeinsamen Aktionszeitraum abgestimmt. <em>\u201e<\/em><em>Ein gemeinsamer Aktionszeitraum im Hochsauerlandkreis ist ein weiteres starkes Signal zur St\u00e4rkung des Radverkehrs in unserer Region\u201c <\/em>findet Christoph Hester- Radverkehrsbeauftragter des HSK und freut sich auf die Zusammenarbeit und die Aktionen mit den Kommunen.<\/p>\n\n\n\n<p><strong>Mit der STADTRADELN-App die Radinfrastruktur vor der Haust\u00fcr verbessern<\/strong><\/p>\n\n\n\n<p>Mit der kostenfreien STADTRADELN-App k\u00f6nnen Teilnehmer*innen die geradelten Strecken bequem via GPS tracken und direkt ihrem Team und ihrer Kommune gutschreiben.<\/p>\n\n\n\n<p>Einen weiteren Vorteil bietet die App: Die so erhobenen Radverkehrsdaten werden durch das Klima-B\u00fcndnis, vollkommen anonymisiert, wissenschaftlich ausgewertet und geben dem Hochsauerlandkreis und den einzelnen Kommunen Auskunft \u00fcber verkehrsplanerisch wichtige Fragen wie: Wo sind wann wie viele Radler*innen unterwegs, wo ger\u00e4t der Verkehrsfluss ins Stocken, wo sind Wartezeiten an Ampeln unverh\u00e4ltnism\u00e4\u00dfig lang? So ist ein m\u00f6glichst bedarfsgenauer Ausbau der Radinfrastruktur m\u00f6glich.<br \/><br \/>W\u00e4hrend des Kampagnenzeitraums wird zudem die Meldeplattform RADar! angeboten. Mit diesem Tool haben Radelnde die M\u00f6glichkeit, via Internet (www.radar-online.net) oder \u00fcber die STADTRADELN-App auf st\u00f6rende und gef\u00e4hrliche Stellen im Radwegeverlauf aufmerksam zu machen. Dazu dient eine Onlinekarte in der Punkte gesetzt werden k\u00f6nnen.<\/p>\n\n\n\n<p>Im vergangenen Jahr waren vier Kommunen des Kreises engagiert dabei, in diesem Jahr beteiligen sich alle 12 Kommunen zeitgleich. Kontaktdaten sowie die Anmeldedaten&nbsp; unter www.stadtradeln.de\/registrieren<\/p>\n\n\n\n<p><strong>Mehr Informationen unter<\/strong><\/p>\n\n\n\n<p><a rel=\"noreferrer noopener\" href=\"http:\/\/www.stadtradeln.de\" target=\"_blank\">stadtradeln.de<\/a><\/p>\n\n\n\n<p><a rel=\"noreferrer noopener\" href=\"http:\/\/www.facebook.com\/stadtradeln\" target=\"_blank\">facebook.com\/stadtradeln<\/a><\/p>\n\n\n\n<p><a rel=\"noreferrer noopener\" href=\"https:\/\/twitter.com\/stadtradeln\" target=\"_blank\">twitter.com\/stadtradeln<\/a><\/p>\n\n\n\n<p><a rel=\"noreferrer noopener\" href=\"http:\/\/www.instagram.com\/stadtradeln\" target=\"_blank\">instagram.com\/stadtradeln<\/a><\/p>\n\n\n\n<p><strong>Anmerkung zoom:<\/strong> Warum nicht im Fediverse bei Mastodon?<\/p>\n\n\n\n<p>&#8212;&#8212;&#8212;&#8212;&#8212;&#8212;&#8212;&#8212;&#8212;&#8212;&#8212;&#8212;&#8212;&#8212;<\/p>\n\n\n\n<p class=\"has-text-align-left\"><strong>Hintergrund:<\/strong><\/p>\n\n\n\n<p><strong>Stadtradeln<\/strong><\/p>\n\n\n\n<p>Mit seinem internationalen Wettbewerb Stadtradeln l\u00e4dt das Klima-B\u00fcndnis alle B\u00fcrgerinnen und B\u00fcrger sowie Mitglieder der Kommunalparlamente ein, in die Pedale zu treten und ein Zeichen f\u00fcr verst\u00e4rkte Radverkehrsf\u00f6rderung zu setzen. In Teams sollen sie an 21 zusammenh\u00e4ngenden Tagen zwischen Mai und September m\u00f6glichst viele Fahrradkilometer f\u00fcr ihre Kommune sammeln. Die Kampagne will f\u00fcr das Radfahren im Alltag sensibilisieren sowie die Themen Fahrradnutzung und Radverkehrsplanung st\u00e4rker in die kommunalen Parlamente einbringen. Mit der Meldeplattform RADar! und dem Projekt RiDE \u2013 Radverkehr in Deutschland, das wissenschaftlich aufbereitete Radverkehrsdaten den Teilnehmerkommunen bereitstellt, beinhaltet die Kampagne zudem zwei Elemente, mit denen die Radinfrastruktur ganz konkret und unter Einbeziehung der B\u00fcrgerinnen und B\u00fcrger verbessert werden kann.<\/p>\n\n\n\n<p><a href=\"https:\/\/www.stadtradeln.de\/home\" target=\"_blank\" rel=\"noreferrer noopener\">stadtradeln.de<\/a><\/p>\n\n\n\n<p><strong>Klima-B\u00fcndnis<\/strong><\/p>\n\n\n\n<p>Seit \u00fcber 30 Jahren setzen sich die Mitgliedskommunen des Klima-B\u00fcndnis mit ihren indigenen Partnern der Regenw\u00e4lder f\u00fcr das Weltklima ein. Mit fast 2.000 Mitgliedern aus mehr als 25 europ\u00e4ischen L\u00e4ndern ist das Klima-B\u00fcndnis das weltweit gr\u00f6\u00dfte St\u00e4dtenetzwerk, das sich dem Klimaschutz widmet, und das einzige, das konkrete Ziele setzt: Jede Klima-B\u00fcndnis-Kommune hat sich verpflichtet, ihre Treibhausgasemissionen alle f\u00fcnf Jahre um zehn Prozent zu reduzieren. Da sich unser Lebensstil direkt auf besonders bedrohte V\u00f6lker und Orte dieser Erde auswirkt, verbindet das Klima-B\u00fcndnis lokales Handeln mit globaler Verantwortung.<\/p>\n\n\n\n<p><a href=\"https:\/\/www.klimabuendnis.org\/home.html\" target=\"_blank\" rel=\"noreferrer noopener\">klimabuendnis.org<\/a><\/p>\n","protected":false},"excerpt":{"rendered":"<p>Ab sofort k\u00f6nnen B\u00fcrger*innen sich in Teams f\u00fcr ihre jeweilige Kommune beim STADTRADELN registrieren. Im Aktionszeitraum vom 11. August bis 31. August 2023 sind Kommunalpolitiker*innen und B\u00fcrger*innen dazu aufgerufen, m\u00f6glichst &hellip; <a href=\"https:\/\/www.schiebener.net\/wordpress\/stadtradeln-startet-im-hochsauerlandkreis-erstmalig-mit-allen-kommunen-radeln-fuer-ein-gutes-klima-anmeldungen-ab-sorfort-moeglich\/\" class=\"more-link\"><span class=\"screen-reader-text\">\u201eStadtradeln startet im Hochsauerlandkreis erstmalig mit allen Kommunen &#8211; Radeln f\u00fcr ein gutes Klima &#8211; Anmeldungen ab sofort m\u00f6glich\u201c <\/span>weiterlesen<\/a><\/p>\n","protected":false},"author":3,"featured_media":0,"comment_status":"open","ping_status":"open","sticky":false,"template":"","format":"standard","meta":{"footnotes":""},"categories":[1732,303,80,1043,618],"tags":[835,9112],"class_list":["post-54822","post","type-post","status-publish","format-standard","hentry","category-freizeit","category-in-unserem-briefkasten","category-lokales","category-pressemitteilungen","category-verkehr","tag-hochsauerlandkreis","tag-stadtradeln"],"_links":{"self":[{"href":"https:\/\/www.schiebener.net\/wordpress\/wp-json\/wp\/v2\/posts\/54822","targetHints":{"allow":["GET"]}}],"collection":[{"href":"https:\/\/www.schiebener.net\/wordpress\/wp-json\/wp\/v2\/posts"}],"about":[{"href":"https:\/\/www.schiebener.net\/wordpress\/wp-json\/wp\/v2\/types\/post"}],"author":[{"embeddable":true,"href":"https:\/\/www.schiebener.net\/wordpress\/wp-json\/wp\/v2\/users\/3"}],"replies":[{"embeddable":true,"href":"https:\/\/www.schiebener.net\/wordpress\/wp-json\/wp\/v2\/comments?post=54822"}],"version-history":[{"count":0,"href":"https:\/\/www.schiebener.net\/wordpress\/wp-json\/wp\/v2\/posts\/54822\/revisions"}],"wp:attachment":[{"href":"https:\/\/www.schiebener.net\/wordpress\/wp-json\/wp\/v2\/media?parent=54822"}],"wp:term":[{"taxonomy":"category","embeddable":true,"href":"https:\/\/www.schiebener.net\/wordpress\/wp-json\/wp\/v2\/categories?post=54822"},{"taxonomy":"post_tag","embeddable":true,"href":"https:\/\/www.schiebener.net\/wordpress\/wp-json\/wp\/v2\/tags?post=54822"}],"curies":[{"name":"wp","href":"https:\/\/api.w.org\/{rel}","templated":true}]}}