{"id":54721,"date":"2023-04-05T22:42:57","date_gmt":"2023-04-05T20:42:57","guid":{"rendered":"https:\/\/www.schiebener.net\/wordpress\/?p=54721"},"modified":"2023-04-29T14:58:21","modified_gmt":"2023-04-29T12:58:21","slug":"fuer-welches-volk-spricht-der-populismus-vortrag-zum-thema-rechtspopulismus-im-kreishaus-meschede","status":"publish","type":"post","link":"https:\/\/www.schiebener.net\/wordpress\/fuer-welches-volk-spricht-der-populismus-vortrag-zum-thema-rechtspopulismus-im-kreishaus-meschede\/","title":{"rendered":"F\u00fcr welches \u201eVolk\u201c spricht der Populismus? &#8211; Vortrag zum Thema Rechtspopulismus im Kreishaus Meschede"},"content":{"rendered":"<div class=\"wp-block-image\">\n<figure class=\"alignleft size-full is-resized\"><img loading=\"lazy\" decoding=\"async\" src=\"https:\/\/www.schiebener.net\/wordpress\/wp-content\/uploads\/2023\/04\/csm_259338P_c20e01d3f2.jpg\" alt=\"\" class=\"wp-image-54724\" width=\"141\" height=\"212\" srcset=\"https:\/\/www.schiebener.net\/wordpress\/wp-content\/uploads\/2023\/04\/csm_259338P_c20e01d3f2.jpg 282w, https:\/\/www.schiebener.net\/wordpress\/wp-content\/uploads\/2023\/04\/csm_259338P_c20e01d3f2-200x300.jpg 200w\" sizes=\"auto, (max-width: 141px) 85vw, 141px\" \/><figcaption class=\"wp-element-caption\">Referent Richard Gebhardt (Pressefoto)<\/figcaption><\/figure>\n<\/div>\n\n\n<p><strong>Rechtspopulismus ist eine politische Strategie, die auf Polarisierung, das Sch\u00fcren von \u00c4ngsten und das Aus- und Abgrenzen von anderen Menschen setzt. Eine stabile demokratische Gesellschaft lebt aber von Zusammenhalt, Solidarit\u00e4t, lebendigem Austausch und einer gesunden Gespr\u00e4chs- und Diskussionskultur.<\/strong><\/p>\n\n\n\n<p><em>(Pressemitteilung HSK) <\/em><\/p>\n\n\n\n<p>Die Volkshochschule Hochsauerlandkreis veranstaltet gemeinsam mit dem Mescheder B\u00fcndnis f\u00fcr Demokratie und Solidarit\u00e4t einen Vortrag zum Thema Rechtspopulismus. <\/p>\n\n\n\n<p>Der Referent, Richard Gebhardt, f\u00fchrt ins Thema ein, kl\u00e4rt den Begriff, erl\u00e4utert die Aktualit\u00e4t des Themas und legt dar, inwiefern Populismus der Gesellschaft und Demokratie schadet. <\/p>\n\n\n\n<p>Es wird der populistische Stil untersucht und aufgezeigt, welche Ideologie und welche Rhetorik der Ausgrenzung sichtbar wird. Im Vortrag wird auch auf den gesellschaftlichen und kulturellen Wandel eingegangen sowie auf die soziale Frage. Zudem wird diskutiert, wie auf die gegenw\u00e4rtigen Herausforderungen von rechts zu reagieren ist. Im Anschluss besteht die M\u00f6glichkeit zu Austausch und Gespr\u00e4ch mit dem Referenten. <\/p>\n\n\n\n<p>Richard Gebhardt ist Politikwissenschaftler, Publizist und Referent in der Erwachsenenbildung in K\u00f6ln und Aachen.<\/p>\n\n\n\n<p><strong>Termin und Anmeldung:<\/strong><\/p>\n\n\n\n<p>Samstag, 29. April 2023, 16 Uhr, Gro\u00dfer Sitzungssaal, Kreishaus Meschede.<\/p>\n\n\n\n<p>Die Veranstaltung ist entgeltfrei.<\/p>\n\n\n\n<p>Anmeldung \u00fcber folgenden Link: <a href=\"https:\/\/vhs.link\/9YQt2N\" target=\"_blank\" rel=\"noreferrer noopener\">https:\/\/vhs.link\/9YQt2N<\/a> oder telefonisch unter 0291 \u2013 94 4711 oder per Mail: meschederbuendnis@web.de<\/p>\n","protected":false},"excerpt":{"rendered":"<p>Rechtspopulismus ist eine politische Strategie, die auf Polarisierung, das Sch\u00fcren von \u00c4ngsten und das Aus- und Abgrenzen von anderen Menschen setzt. Eine stabile demokratische Gesellschaft lebt aber von Zusammenhalt, Solidarit\u00e4t, &hellip; <a href=\"https:\/\/www.schiebener.net\/wordpress\/fuer-welches-volk-spricht-der-populismus-vortrag-zum-thema-rechtspopulismus-im-kreishaus-meschede\/\" class=\"more-link\"><span class=\"screen-reader-text\">\u201eF\u00fcr welches \u201eVolk\u201c spricht der Populismus? &#8211; Vortrag zum Thema Rechtspopulismus im Kreishaus Meschede\u201c <\/span>weiterlesen<\/a><\/p>\n","protected":false},"author":3,"featured_media":0,"comment_status":"open","ping_status":"open","sticky":false,"template":"","format":"standard","meta":{"footnotes":""},"categories":[3,303,80,24,1043,8669,6314],"tags":[1102],"class_list":["post-54721","post","type-post","status-publish","format-standard","hentry","category-bildung-und-schule","category-in-unserem-briefkasten","category-lokales","category-politik","category-pressemitteilungen","category-rassismus","category-rechtsextremismus","tag-rechtspopulismus"],"_links":{"self":[{"href":"https:\/\/www.schiebener.net\/wordpress\/wp-json\/wp\/v2\/posts\/54721","targetHints":{"allow":["GET"]}}],"collection":[{"href":"https:\/\/www.schiebener.net\/wordpress\/wp-json\/wp\/v2\/posts"}],"about":[{"href":"https:\/\/www.schiebener.net\/wordpress\/wp-json\/wp\/v2\/types\/post"}],"author":[{"embeddable":true,"href":"https:\/\/www.schiebener.net\/wordpress\/wp-json\/wp\/v2\/users\/3"}],"replies":[{"embeddable":true,"href":"https:\/\/www.schiebener.net\/wordpress\/wp-json\/wp\/v2\/comments?post=54721"}],"version-history":[{"count":0,"href":"https:\/\/www.schiebener.net\/wordpress\/wp-json\/wp\/v2\/posts\/54721\/revisions"}],"wp:attachment":[{"href":"https:\/\/www.schiebener.net\/wordpress\/wp-json\/wp\/v2\/media?parent=54721"}],"wp:term":[{"taxonomy":"category","embeddable":true,"href":"https:\/\/www.schiebener.net\/wordpress\/wp-json\/wp\/v2\/categories?post=54721"},{"taxonomy":"post_tag","embeddable":true,"href":"https:\/\/www.schiebener.net\/wordpress\/wp-json\/wp\/v2\/tags?post=54721"}],"curies":[{"name":"wp","href":"https:\/\/api.w.org\/{rel}","templated":true}]}}