{"id":54663,"date":"2023-03-30T18:40:21","date_gmt":"2023-03-30T16:40:21","guid":{"rendered":"https:\/\/www.schiebener.net\/wordpress\/?p=54663"},"modified":"2023-03-30T18:56:53","modified_gmt":"2023-03-30T16:56:53","slug":"die-maschinerie-amazon-im-podcast-von-nuernberger-nachrichten-und-correctiv","status":"publish","type":"post","link":"https:\/\/www.schiebener.net\/wordpress\/die-maschinerie-amazon-im-podcast-von-nuernberger-nachrichten-und-correctiv\/","title":{"rendered":"Die Maschinerie Amazon im Podcast von N\u00fcrnberger Nachrichten und CORRECTIV"},"content":{"rendered":"\n<p><strong>N\u00fcrnberg, 30. M\u00e4rz 2023: Am Freitag, 31. M\u00e4rz 2023 erscheint die erste Folge der f\u00fcnfteiligen Podcast-Serie \u201eKlick Klick Boom \u2013 Die Maschine Amazon\u201d der N\u00fcrnberger Nachrichten in Kooperation mit CORRECTIV. Den Teaser gibt es schon jetzt auf Spotify, Apple Podcasts und Deezer zu h\u00f6ren.<\/strong><\/p>\n\n\n\n<p><em>(Pressemitteilung CORRECTIV)<\/em><\/p>\n\n\n\n<p>Die Podcast-Serie ist als Teil der journalistischen Ausbildung ein Projekt der zw\u00f6lf Volont\u00e4rinnen und Volont\u00e4re des Verlags N\u00fcrnberger Presse (VNP). Den gesamten Januar \u00fcber haben sie an Konzept, Recherche und Umsetzung des Podcasts gearbeitet, der die Maschinerie des Online-Versandh\u00e4ndlers Amazon erkl\u00e4rt. Amazon verspricht bequemes Shopping, st\u00e4ndige Verf\u00fcgbarkeit und g\u00fcnstigste Preise. Doch Mitarbeiterinnen und Mitarbeiter in Deutschland zahlen daf\u00fcr einen hohen Preis: Sie berichten von Druck, \u00dcberwachung und Ausbeutung in ihrem Alltag.<\/p>\n\n\n\n<p>Bereits im November 2022 hatte CORRECTIV in Zusammenarbeit mit weiteren Medienh\u00e4usern in Deutschland \u2013 darunter auch die N\u00fcrnberger Nachrichten \u2013 nach einer deutschlandweiten, siebenmonatigen Recherche Missst\u00e4nde in jedem Schritt der Arbeitskette bei Amazon aufgedeckt. In Mittelfranken befinden sich in N\u00fcrnberg, Eggolsheim (Landkreis Forchheim), Pommersfelden (Landkreis Bamberg) und Bayreuth Standorte des Onlineversandh\u00e4ndlers. \u201eKlick Klick Boom \u2013 Die Maschine Amazon\u201c kn\u00fcpft nun an diese Recherchen an.<\/p>\n\n\n\n<p>Die erste Folge der f\u00fcnfteiligen Serie erscheint am Freitag, dem 31. M\u00e4rz, \u00fcberall da, wo es Podcasts gibt, sowie bei auf den Seiten <a rel=\"noreferrer noopener\" href=\"https:\/\/correctiv.org\/podcast\/2023\/03\/30\/klick-klick-boom-die-maschine-amazon\/\" target=\"_blank\">von CORRECTIV<\/a> und <a rel=\"noreferrer noopener\" href=\"https:\/\/www.nn.de\/region\/wie-schlimm-ist-es-bei-amazon-der-podcast-klick-klick-boom-blickt-hinter-die-kulissen-1.12926531\" data-type=\"URL\" data-id=\"https:\/\/www.nn.de\/region\/wie-schlimm-ist-es-bei-amazon-der-podcast-klick-klick-boom-blickt-hinter-die-kulissen-1.12926531\" target=\"_blank\">den N\u00fcrnberger Nachrichten<\/a>. Danach jeden Freitag.<\/p>\n\n\n\n<p>Den Teaser und alle Folgen finden Sie hier:<br \/><a href=\"https:\/\/open.spotify.com\/show\/3yULPENUri18Jdvo3TWemN\" target=\"_blank\" rel=\"noreferrer noopener\">Spotify<\/a><br \/><a href=\"https:\/\/podcasts.apple.com\/us\/podcast\/klick-klick-boom-die-maschine-amazon\/id1679791399\" target=\"_blank\" rel=\"noreferrer noopener\">Apple Podcasts<\/a><br \/><a href=\"https:\/\/www.deezer.com\/de\/show\/5882097\" target=\"_blank\" rel=\"noreferrer noopener\">Deezer<\/a><\/p>\n\n\n\n<p>F\u00fcr die Recherche sprachen die Volont\u00e4rinnen und Volont\u00e4re der N\u00fcrnberger Nachrichten mit 18 Protagonisten und Protagonistinnen. Darunter aktuelle und ehemalige Kurier-, LKW-Fahrer und &#8211; Fahrerinnen aus Deutschland und Europa, Mitarbeiter und Mitarbeiterinnen aus Amazon-Logistikzentren, der ehemalige Deutschland-Chef von Amazon, Ralf Kleber, sowie Spitzenpolitiker und -politikerinnen auf Landes- bzw. Bundesebene. Amazon selbst kommt nat\u00fcrlich auch zu Wort. Au\u00dferdem geht der Podcast der Frage nach, wie das Konsumverhalten der Menschen mit dem ausbeuterischen System zusammenh\u00e4ngt.<\/p>\n\n\n\n<p>Jakob Baumer, Journalist beim SWR und Grimme-Preis nominiert f\u00fcr seinen Podcast \u201eBreitscheidplatz\u201c, sowie Anne Ramstorf von CORRECTIV berieten das Projekt im Bereich Storytelling. Jonathan Sachse und Miriam Lenz von CORRECTIV leiteten die urspr\u00fcngliche Recherche, trugen als Experten zum Podcast bei und \u00fcbernahmen das Factchecking. Finanziell unterst\u00fctzt wurde das Projekt von der Initiative \u201estart into media\u201c im Rahmen der \u201efuture skills\u201c-F\u00f6rderung. Aufnahme und Schnitt fanden in der Hochschule Ansbach statt. Die Volont\u00e4rs-Verantwortliche Ella Schindler und die Redakteurin und Produktmanagerin Audio Isabella Fischer begleiteten das Projekt von Seiten des VNP.<\/p>\n","protected":false},"excerpt":{"rendered":"<p>N\u00fcrnberg, 30. M\u00e4rz 2023: Am Freitag, 31. M\u00e4rz 2023 erscheint die erste Folge der f\u00fcnfteiligen Podcast-Serie \u201eKlick Klick Boom \u2013 Die Maschine Amazon\u201d der N\u00fcrnberger Nachrichten in Kooperation mit CORRECTIV. &hellip; <a href=\"https:\/\/www.schiebener.net\/wordpress\/die-maschinerie-amazon-im-podcast-von-nuernberger-nachrichten-und-correctiv\/\" class=\"more-link\"><span class=\"screen-reader-text\">\u201eDie Maschinerie Amazon im Podcast von N\u00fcrnberger Nachrichten und CORRECTIV\u201c <\/span>weiterlesen<\/a><\/p>\n","protected":false},"author":17,"featured_media":0,"comment_status":"open","ping_status":"open","sticky":false,"template":"","format":"standard","meta":{"footnotes":""},"categories":[542,303,32,7281,1043],"tags":[691,8910,1880],"class_list":["post-54663","post","type-post","status-publish","format-standard","hentry","category-arbeitswelt","category-in-unserem-briefkasten","category-medien","category-podcast","category-pressemitteilungen","tag-amazon","tag-correctiv-2","tag-podcast"],"_links":{"self":[{"href":"https:\/\/www.schiebener.net\/wordpress\/wp-json\/wp\/v2\/posts\/54663","targetHints":{"allow":["GET"]}}],"collection":[{"href":"https:\/\/www.schiebener.net\/wordpress\/wp-json\/wp\/v2\/posts"}],"about":[{"href":"https:\/\/www.schiebener.net\/wordpress\/wp-json\/wp\/v2\/types\/post"}],"author":[{"embeddable":true,"href":"https:\/\/www.schiebener.net\/wordpress\/wp-json\/wp\/v2\/users\/17"}],"replies":[{"embeddable":true,"href":"https:\/\/www.schiebener.net\/wordpress\/wp-json\/wp\/v2\/comments?post=54663"}],"version-history":[{"count":0,"href":"https:\/\/www.schiebener.net\/wordpress\/wp-json\/wp\/v2\/posts\/54663\/revisions"}],"wp:attachment":[{"href":"https:\/\/www.schiebener.net\/wordpress\/wp-json\/wp\/v2\/media?parent=54663"}],"wp:term":[{"taxonomy":"category","embeddable":true,"href":"https:\/\/www.schiebener.net\/wordpress\/wp-json\/wp\/v2\/categories?post=54663"},{"taxonomy":"post_tag","embeddable":true,"href":"https:\/\/www.schiebener.net\/wordpress\/wp-json\/wp\/v2\/tags?post=54663"}],"curies":[{"name":"wp","href":"https:\/\/api.w.org\/{rel}","templated":true}]}}