{"id":54611,"date":"2023-03-23T22:44:52","date_gmt":"2023-03-23T21:44:52","guid":{"rendered":"https:\/\/www.schiebener.net\/wordpress\/?p=54611"},"modified":"2023-03-23T22:44:52","modified_gmt":"2023-03-23T21:44:52","slug":"wuerde-jemand-ein-kz-abreissen-prof-andreas-frewer-1","status":"publish","type":"post","link":"https:\/\/www.schiebener.net\/wordpress\/wuerde-jemand-ein-kz-abreissen-prof-andreas-frewer-1\/","title":{"rendered":"\u201e<strong>W\u00fcrde jemand ein KZ abrei\u00dfen?\u201c (Prof. Andreas Frewer [1])<\/strong>"},"content":{"rendered":"<div class=\"wp-block-image\">\n<figure class=\"aligncenter size-full is-resized\"><a href=\"https:\/\/www.schiebener.net\/wordpress\/wp-content\/uploads\/2023\/03\/Bild01klein.jpg\" target=\"_blank\" rel=\"noreferrer noopener\"><img decoding=\"async\" src=\"https:\/\/www.schiebener.net\/wordpress\/wp-content\/uploads\/2023\/03\/Bild01klein.jpg\" alt=\"\" class=\"wp-image-54612\" width=\"700\" srcset=\"https:\/\/www.schiebener.net\/wordpress\/wp-content\/uploads\/2023\/03\/Bild01klein.jpg 1024w, https:\/\/www.schiebener.net\/wordpress\/wp-content\/uploads\/2023\/03\/Bild01klein-300x200.jpg 300w, https:\/\/www.schiebener.net\/wordpress\/wp-content\/uploads\/2023\/03\/Bild01klein-768x512.jpg 768w\" sizes=\"(max-width: 709px) 85vw, (max-width: 909px) 67vw, (max-width: 1362px) 62vw, 840px\" \/><\/a><figcaption class=\"wp-element-caption\">Ein Teil der Nordfassade der ehemaligen \u201eHeil- und Pflegeanstalt\u201c [2] (\u201eHuPfla\u201c) in Erlangen. Der Westfl\u00fcgel wurde schon 2020 abgerissen. Photos: Harald Sippel<\/figcaption><\/figure>\n<\/div>\n\n\n<p>Bitte lesen Sie das <strong>Interview von Olaf Przybilla mit Prof. Frewer in der S\u00fcddeutschen Zeitung<\/strong> [3] und unterschreiben Sie bitte die Petition gegen den unmittelbar bevorstehenden geplanten Abri\u00df. Bis vor ein paar Tagen hatten viele noch nie etwas davon geh\u00f6rt, und so bitte ich Sie von ganzem Herzen, ganzem Verstand und ganzer Verstand und Seele: Bitte unterschreiben Sie die Petition [4], denn das ist <strong>keine Angelegenheit Bayerns<\/strong>, sondern dieses Bauwerk geh\u00f6rt zu unserer Republik!<\/p>\n\n\n\n<p>Regelrecht elektrisiert war ich, als ich nicht nur den <strong>\u201eHungerkost-Erla\u00df\u201c<\/strong> [5] <sup><\/sup>auf der Seite des \u201eHistorischen Lexikons Bayers\u201c fand, sondern auch das Plakat zum Film \u201eNebel im August\u201c, der teilweise in der heutigen LWL-Klinik in Warstein-Suttrop [6] gedreht wurde. Von dort wurden 1575 Menschen in den Tod deportiert, u.a. 21 J\u00fcdinnen und Juden (als erste), der \u201epsychisch kranke\u201c \u201eQuerulant\u201c Ernst Putzki und drei sowjetische Zwangsarbeiterinnen (Natalia Tarutina \u201eaus Neheim-H\u00fcsten\u201c, Pelaneja Babjuk \u201eaus Letmathe\u201c und Anna Ikliw \u201eaus L\u00fcdenscheid\u201c nach Hadamar) [7].<\/p>\n\n\n\n<p>Da\u00df Alfred Siepmann als \u201ealter Nationalsozialist\u201c (Selbstbezeichnung) den Anstaltsleiter Ferdinand Hegemann 1933 denunzierte und 1951 gleichwohl \u201ein den Herzen der jetzigen Generation wie der kommenden den Entschlu\u00df festigen\u201c wollte, <strong>\u201ees den Vorg\u00e4ngern gleichzutun\u201c<\/strong> [8], geh\u00f6rt auch zu meinem Warsteiner Erbe [9] \u2013 wie die Erz\u00e4hlung meiner Mutter (geb. 1927), sie h\u00e4tten als Jugendliche den Aufdruck \u201eR.I.F.\u201c auf der Seife mit <strong>\u201eReines Idioten-Fett\u201c<\/strong> \u00fcbersetzt.<\/p>\n\n\n\n<p>Bitte setzen Sie sich daf\u00fcr ein, da\u00df dieser Ort erhalten bleibt \u2013 dieser Ort, an dem die \u201eEuthanasie\u201c, also der \u201eMassenmord auf dem Dienstweg\u201c [10], <strong>tats\u00e4chlich auch vollzogen<\/strong> wurde. Prof. Frewer im Interview mit Olaf Przybilla: \u201eAber einen solchen Ort der ,Euthanasie\u2018 nahezu komplett abzurei\u00dfen, ist vielleicht sogar noch dramatischer. Denn <strong>hier sind T\u00f6tungen inmitten der Zivilgesellschaft passiert<\/strong>.\u201c<\/p>\n\n\n<div class=\"wp-block-image\">\n<figure class=\"aligncenter size-large is-resized\"><a href=\"https:\/\/www.schiebener.net\/wordpress\/wp-content\/uploads\/2023\/03\/Bild02klein.jpg\" target=\"_blank\" rel=\"noreferrer noopener\"><img decoding=\"async\" src=\"https:\/\/www.schiebener.net\/wordpress\/wp-content\/uploads\/2023\/03\/Bild02klein-1024x681.jpg\" alt=\"\" class=\"wp-image-54613\" width=\"700\" srcset=\"https:\/\/www.schiebener.net\/wordpress\/wp-content\/uploads\/2023\/03\/Bild02klein-1024x681.jpg 1024w, https:\/\/www.schiebener.net\/wordpress\/wp-content\/uploads\/2023\/03\/Bild02klein-300x200.jpg 300w, https:\/\/www.schiebener.net\/wordpress\/wp-content\/uploads\/2023\/03\/Bild02klein-768x511.jpg 768w, https:\/\/www.schiebener.net\/wordpress\/wp-content\/uploads\/2023\/03\/Bild02klein-1200x798.jpg 1200w, https:\/\/www.schiebener.net\/wordpress\/wp-content\/uploads\/2023\/03\/Bild02klein.jpg 1479w\" sizes=\"(max-width: 709px) 85vw, (max-width: 909px) 67vw, (max-width: 1362px) 62vw, 840px\" \/><\/a><figcaption class=\"wp-element-caption\">\u201eDenn hier sind T\u00f6tungen inmitten der Zivilgesellschaft passiert.\u201c<\/figcaption><\/figure>\n<\/div>\n\n<div class=\"wp-block-image\">\n<figure class=\"aligncenter size-large is-resized\"><a href=\"https:\/\/www.schiebener.net\/wordpress\/wp-content\/uploads\/2023\/03\/Bild03klein.jpg\" target=\"_blank\" rel=\"noreferrer noopener\"><img decoding=\"async\" src=\"https:\/\/www.schiebener.net\/wordpress\/wp-content\/uploads\/2023\/03\/Bild03klein-1024x907.jpg\" alt=\"\" class=\"wp-image-54614\" width=\"700\" srcset=\"https:\/\/www.schiebener.net\/wordpress\/wp-content\/uploads\/2023\/03\/Bild03klein-1024x907.jpg 1024w, https:\/\/www.schiebener.net\/wordpress\/wp-content\/uploads\/2023\/03\/Bild03klein-300x266.jpg 300w, https:\/\/www.schiebener.net\/wordpress\/wp-content\/uploads\/2023\/03\/Bild03klein-768x681.jpg 768w, https:\/\/www.schiebener.net\/wordpress\/wp-content\/uploads\/2023\/03\/Bild03klein.jpg 1177w\" sizes=\"(max-width: 709px) 85vw, (max-width: 909px) 67vw, (max-width: 1362px) 62vw, 840px\" \/><\/a><figcaption class=\"wp-element-caption\">W\u00fcrde jemand ein KZ abrei\u00dfen?\u201c<br \/>Interview von Olaf Przybilla mit Prof. Andreas Frewer, \u201eS\u00fcddeutsche Zeitung\u201c, 17.2.2023 [11]<\/figcaption><\/figure>\n<\/div>\n\n\n<p>\u201e<strong>Ein Buch kann man zuschlagen und weglegen, Musik kann man ausschalten, und niemand ist gezwungen, ein Bild aufzuh\u00e4ngen, das ihm nicht gef\u00e4llt. An einem Haus oder an einem Geb\u00e4ude kann man nicht vorbeigehen, ohne es zu sehen. Architektur hat die gr\u00f6\u00dfte sichtbare gesellschaftliche Wirkung. (Bundespr\u00e4sident Johannes Rau)\u201c [12]<\/strong><\/p>\n\n\n<div class=\"wp-block-image\">\n<figure class=\"aligncenter size-large is-resized\"><a href=\"https:\/\/www.schiebener.net\/wordpress\/wp-content\/uploads\/2023\/03\/Bild04klein.jpg\" target=\"_blank\" rel=\"noreferrer noopener\"><img decoding=\"async\" src=\"https:\/\/www.schiebener.net\/wordpress\/wp-content\/uploads\/2023\/03\/Bild04klein-1024x681.jpg\" alt=\"\" class=\"wp-image-54615\" width=\"700\" srcset=\"https:\/\/www.schiebener.net\/wordpress\/wp-content\/uploads\/2023\/03\/Bild04klein-1024x681.jpg 1024w, https:\/\/www.schiebener.net\/wordpress\/wp-content\/uploads\/2023\/03\/Bild04klein-300x200.jpg 300w, https:\/\/www.schiebener.net\/wordpress\/wp-content\/uploads\/2023\/03\/Bild04klein-768x511.jpg 768w, https:\/\/www.schiebener.net\/wordpress\/wp-content\/uploads\/2023\/03\/Bild04klein-1200x798.jpg 1200w, https:\/\/www.schiebener.net\/wordpress\/wp-content\/uploads\/2023\/03\/Bild04klein.jpg 1210w\" sizes=\"(max-width: 709px) 85vw, (max-width: 909px) 67vw, (max-width: 1362px) 62vw, 840px\" \/><\/a><figcaption class=\"wp-element-caption\">An der Friedrich-Alexander Universit\u00e4t Erlangen-N\u00fcrnberg [13] soll nun auch der \u201eM\u00e4nnerfl\u00fcgel\u201c abgerissen werden. [14]<\/figcaption><\/figure>\n<\/div>\n\n\n<p>Das <strong>Aktionsb\u00fcndnis \u201eGedenken gestalten \u2014 HuPfla erhalten\u201c<\/strong> hat folgende Petition gestartet und richtet sie an die Stadt Erlangen, das Uniklinikum Erlangen und Michael Piazolo, Freie W\u00e4hler und den Bayerischen Minister f\u00fcr Unterricht und Kultus:<\/p>\n\n\n\n<p>\u201eIn wenigen Wochen [15] soll der <strong>Abriss des letzten erhaltenen Patiententraktes<\/strong> der Erlanger HUPFLA (Heil- und Pflegeanstalt) beginnen. Bei dem Geb\u00e4ude, das gegenw\u00e4rtig noch von der Universit\u00e4t genutzt wird, geht es nicht nur um ein historisch erhaltenswertes Geb\u00e4ude, sondern auch um eines, das Zeugnis ablegt \u00fcber die Schrecken der NS-Zeit.<\/p>\n\n\n\n<p>Genau hier ereigneten sich nach neuesten Forschungen grauenhafte Krankenmorde (Verhungern-Lassen von so genanntem ,lebensunwerten Leben\u2018). \u00dcber 900 ,Pfleglinge\u2018 wurden in der Zeit des Nationalsozialismus im Rahmen der sogenannten <strong>T4-Aktion<\/strong> des ,Euthanasie\u2018-Programms in T\u00f6tungsanstalten deportiert, eine \u00e4hnlich hohe Anzahl von Menschen in dem Geb\u00e4ude absichtlich dem Hungertod ausgeliefert.<\/p>\n\n\n\n<p>Das Aktionsb\u00fcndnis ,Gedenken gestalten \u2014 Hupfla erhalten\u2018 setzt sich daf\u00fcr ein, an diesem <strong>authentischen Opferort<\/strong> eine Gedenk- und Lernst\u00e4tte aufzubauen und einen m\u00f6glichst gro\u00dfen Teil des historischen Geb\u00e4udes von 1879 zu erhalten.<\/p>\n\n\n\n<p>Die Stadt Erlangen, die Klinik, die Universit\u00e4t und das Staatliche Bauamt m\u00fcssen unbedingt von ihrem Abrissvorhaben abgehalten werden.<\/p>\n\n\n\n<p>Setzen Sie sich bitte mit Ihrer Unterschrift daf\u00fcr ein!\u201c<\/p>\n\n\n<div class=\"wp-block-image\">\n<figure class=\"aligncenter size-full\"><a href=\"https:\/\/innn.it\/Hupfla-retten\" target=\"_blank\" rel=\"noreferrer noopener\"><img loading=\"lazy\" decoding=\"async\" width=\"879\" height=\"650\" src=\"https:\/\/www.schiebener.net\/wordpress\/wp-content\/uploads\/2023\/03\/Bild05klein.jpg\" alt=\"\" class=\"wp-image-54616\" srcset=\"https:\/\/www.schiebener.net\/wordpress\/wp-content\/uploads\/2023\/03\/Bild05klein.jpg 879w, https:\/\/www.schiebener.net\/wordpress\/wp-content\/uploads\/2023\/03\/Bild05klein-300x222.jpg 300w, https:\/\/www.schiebener.net\/wordpress\/wp-content\/uploads\/2023\/03\/Bild05klein-768x568.jpg 768w\" sizes=\"auto, (max-width: 709px) 85vw, (max-width: 909px) 67vw, (max-width: 1362px) 62vw, 840px\" \/><\/a><figcaption class=\"wp-element-caption\">Petition \u201eHuPfla retten\u201c [16]. Jetzt sind es nur noch wenige Tage!<\/figcaption><\/figure>\n<\/div>\n\n\n<p><strong>Bitte unterschreiben Sie die Petition auf<\/strong><\/p>\n\n\n\n<p><a rel=\"noreferrer noopener\" href=\"https:\/\/innn.it\/Hupfla-retten\" target=\"_blank\">https:\/\/innn.it\/Hupfla-retten<\/a><\/p>\n\n\n\n<p><strong>vielen herzlichen Dank! [17]<\/strong><\/p>\n\n\n\n<p>&#8212;&#8212;&#8212;&#8212;&#8212;&#8212;&#8212;&#8212;&#8212;&#8212;&#8212;&#8211;<\/p>\n\n\n\n<p><strong>Anmerkungen:<\/strong><\/p>\n\n\n\n<p>[1] \u201eAndreas Frewer ist Professor am Institut f\u00fcr Geschichte und Ethik der Medizin der FAU Erlangen-N\u00fcrnberg. Arzt in der Inneren und Intensivmedizin an Virchow-Klinikum und Charit\u00e9, HU Berlin (1994\u20131998). Promotion an der FU Berlin (1998). European Master in Bioethics in Leuven et al. (2002\u20132003). Habilitation f\u00fcr Geschichte, Theorie und Ethik der Medizin und Professor in Hannover (2002\u20132006). Leitung der Institute f\u00fcr Geschichte und Ethik der Medizin in Frankfurt\/M. (2004), Hannover (2006\/07) und Erlangen (2008\/09). EFI-Exzellenz-Projekt ,Human Rights in Healthcare\u2018 (2014\u20132017) und GRK ,Menschenrechte und Ethik in der Medizin f\u00fcr \u00c4ltere\u2018 (seit 2018). 2012 Brocher Award, 2019 Medizinpreis, 2021 Sch\u00f6ller-Sonderpreis. Senior Advisory Consultant der World Health Organization (WHO).\u201c (<a href=\"https:\/\/www.steiner-verlag.de\/person\/Andreas-Frewer-273001\"><u>https:\/\/www.steiner-verlag.de\/person\/Andreas-Frewer-273001<\/u><\/a>, abgerufen 21.3.2023)<\/p>\n\n\n\n<p>[2] \u201e<strong>Werner R. Leibbrand (1896\u20131974)<\/strong> \u2026 praktizierte als Nervenarzt in Berlin und \u2026 war \u2026 international hoch gesch\u00e4tzt. Als Nazi-Gegner wurde er drangsaliert, im Zweiten Weltkrieg nach Bayern zwangsversetzt und musste schlie\u00dflich sogar mit der j\u00fcdischen Ehefrau in einer ,Odyssee\u2018 1944 untertauchen. Nach dem Krieg wurde Leibbrand Leiter der Heil- und Pflegeanstalt in Erlangen, gr\u00fcndete dort das Universit\u00e4tsseminar f\u00fcr Medizingeschichte und war <strong>der einzige deutsche Sachverst\u00e4ndige im N\u00fcrnberger \u00c4rzteprozess<\/strong>.\u201c (zu Andreas Frewers Buch \u201e<strong>Werner Leibbrand: Leben \u2013 Weiterleben \u2013 \u00dcberleben\u201c, Stuttgart 2021<\/strong> (<a href=\"https:\/\/www.steiner-verlag.de\/Werner-Leibbrand-Leben-Weiterleben-UEberleben\/9783515129404\">https:\/\/www.steiner-verlag.de\/Werner-Leibbrand-Leben-Weiterleben-UEberleben\/9783515129404<\/a>)<\/p>\n\n\n\n<p>[3] <a href=\"https:\/\/www.sueddeutsche.de\/bayern\/erlangen-heil-und-pflegeanstalt-ns-vergangenheit-euthanasie-1.5752669?reduced=true\">https:\/\/www.sueddeutsche.de\/bayern\/erlangen-heil-und-pflegeanstalt-ns-vergangenheit-euthanasie-1.5752669?reduced=true<\/a><\/p>\n\n\n\n<p>[4] <a href=\"https:\/\/innn.it\/Hupfla-retten\"><u>https:\/\/innn.it\/Hupfla-retten<\/u><\/a><\/p>\n\n\n\n<p>[5] <a href=\"https:\/\/www.historisches-lexikon-bayerns.de\/Lexikon\/Hungerkosterlass_(30._November_1942)\">https:\/\/www.historisches-lexikon-bayerns.de\/Lexikon\/Hungerkosterlass_(30._November_1942)<\/a><\/p>\n\n\n\n<p>[6] Liste der Dateien zum \u201eStandesamt Suttrop II\u201c auf <a href=\"https:\/\/upgr.bv-opfer-ns-militaerjustiz.de\/uploads\/Dateien\/Links\/NTK-Dateien-zu-SuttropII-20230313.pdf\">https:\/\/upgr.bv-opfer-ns-militaerjustiz.de\/uploads\/Dateien\/Links\/NTK-Dateien-zu-SuttropII-20230313.pdf<\/a><\/p>\n\n\n\n<p>[7] Datei 138 auf <a href=\"https:\/\/upgr.bv-opfer-ns-militaerjustiz.de\/uploads\/Dateien\/Links\/NTK-Art-138.E.Putzki-N.Tarutina-P.Babjuk-u-A.Ilkiw.pdf\">https:\/\/upgr.bv-opfer-ns-militaerjustiz.de\/uploads\/Dateien\/Links\/NTK-Art-138.E.Putzki-N.Tarutina-P.Babjuk-u-A.Ilkiw.pdf<\/a><\/p>\n\n\n\n<p>[8] Datei 301, S. 11-18: \u201eHeute vor 76 Jahren. Siepmann-Werke Belecke, Warstein. F\u00fcr Iwan Scharow und all die Anderen\u201c auf <a href=\"https:\/\/lisa.gerda-henkel-stiftung.de\/am_15._august_vor_76_jahren._fuer_iwan_scharow_und_all_die_anderen_bei_siepmann_werke_aktiengesellschaft_belecke_moehne_warstein?nav_id=10600\"><u>https:\/\/lisa.gerda-henkel-stiftung.de\/am_15._august_vor_76_jahren._fuer_iwan_scharow_und_all_die_anderen_bei_siepmann_werke_aktiengesellschaft_belecke_moehne_warstein?nav_id=10600<\/u><\/a><\/p>\n\n\n\n<p>[9] <a href=\"https:\/\/www.wp.de\/staedte\/meschede-und-umland\/spurensuche-die-toten-vom-franzosenfriedhof-in-meschede-id215107945.html\">https:\/\/www.wp.de\/staedte\/meschede-und-umland\/spurensuche-die-toten-vom-franzosenfriedhof-in-meschede-id215107945.html<\/a><\/p>\n\n\n\n<p>[10] Vgl. dazu Datei 205: \u201e ,Massenmord auf dem Dienstweg\u2019. Texte aus dem Landeshaus\u201c auf <a href=\"https:\/\/lisa.gerda-henkel-stiftung.de\/massenmord_auf_dem_dienstweg?nav_id=8758\">https:\/\/lisa.gerda-henkel-stiftung.de\/massenmord_auf_dem_dienstweg?nav_id=8758<\/a><\/p>\n\n\n\n<p>[11] <a href=\"https:\/\/www.sueddeutsche.de\/bayern\/erlangen-heil-und-pflegeanstalt-ns-vergangenheit-euthanasie-1.5752669?reduced=true\">https:\/\/www.sueddeutsche.de\/bayern\/erlangen-heil-und-pflegeanstalt-ns-vergangenheit-euthanasie-1.5752669?reduced=true<\/a><\/p>\n\n\n\n<p>[12] Aus Datei 151: \u201eArchitektur hat die gr\u00f6\u00dfte sichtbare gesellschaftliche Wirkung\u201c auf <a href=\"https:\/\/www.schiebener.net\/wordpress\/wp-content\/uploads\/2019\/04\/151.-Architektur-hat-die-gr%C3%B6%C3%9Fte-gesellschaftliche-Wirkung.pdf\">https:\/\/www.schiebener.net\/wordpress\/wp-content\/uploads\/2019\/04\/151.-Architektur-hat-die-gr%C3%B6%C3%9Fte-gesellschaftliche-Wirkung.pdf<\/a><\/p>\n\n\n\n<p>[13] <a href=\"http:\/\/www.igem-ethik.med.fau.de\/\"><u>http:\/\/www.igem-ethik.med.fau.de<\/u><\/a> (Institut f\u00fcr Geschichte und Ethik der Medizin Friedrich-Alexander-Universit\u00e4t Erlangen-N\u00fcrnberg). H\u00f6re \u201eVor 75 Jahren wurde das Urteil im N\u00fcrnberger \u00c4rzteprozess gesprochen\u201c auf <a href=\"https:\/\/www.br.de\/radio\/bayern2\/sendungen\/notizbuch\/medizin-und-gewissen-zum-jahrestag-des-nuernberger-aerzteprozesses-100.html\">https:\/\/www.br.de\/radio\/bayern2\/sendungen\/notizbuch\/medizin-und-gewissen-zum-jahrestag-des-nuernberger-aerzteprozesses-100.html<\/a>. Dokumente zu Schwangerschaftsabbr\u00fcchen in Bayern auf <a href=\"https:\/\/collections.arolsen-archives.org\/de\/document\/70501353\"><u>https:\/\/collections.arolsen-archives.org\/de\/document\/70501353<\/u><\/a> und <a href=\"https:\/\/collections.arolsen-archives.org\/de\/archive\/2-1-1-2-BY-038-9\"><u>https:\/\/collections.arolsen-archives.org\/de\/archive\/2-1-1-2-BY-038-9<\/u><\/a>.<\/p>\n\n\n\n<p>[14] Erhalten werden soll nur ein sehr kleiner Teil des urspr\u00fcnglich rund 166m langen, schlossartigen Geb\u00e4udes aus dem Jahr 1879.<\/p>\n\n\n\n<p>[15] Jetzt sind es nur noch wenige Tage!<\/p>\n\n\n\n<p>[16] <a href=\"https:\/\/innn.it\/Hupfla-retten\"><u>https:\/\/innn.it\/Hupfla-retten<\/u><\/a><\/p>\n\n\n\n<p>[17] Der Abri\u00df soll im April beginnen; deshalb schicke ich diesen Artikel jetzt schon weiteren voraus. Die Zeit dr\u00e4ngt so sehr, und ich kann nicht so schnell lesen und schreiben, wie ich will und sollte. So viele wunderbare Menschen haben sich schon so lange bzw. ganz aktuell gegen jeden bzw. den weiteren Abri\u00df eingesetzt \u2013 darunter die \u00c4rzte f\u00fcr Frieden und soziale Verantwortung e.V. (IPPNW), das Auschwitz-Komitee in der Bundesrepublik Deutschland und die J\u00fcdische Kultusgemeinde. Und es gibt so viele Ver\u00f6ffentlichungen dazu \u2026<\/p>\n","protected":false},"excerpt":{"rendered":"<p>Bitte lesen Sie das Interview von Olaf Przybilla mit Prof. Frewer in der S\u00fcddeutschen Zeitung [3] und unterschreiben Sie bitte die Petition gegen den unmittelbar bevorstehenden geplanten Abri\u00df. Bis vor &hellip; <a href=\"https:\/\/www.schiebener.net\/wordpress\/wuerde-jemand-ein-kz-abreissen-prof-andreas-frewer-1\/\" class=\"more-link\"><span class=\"screen-reader-text\">\u201e\u201e<strong>W\u00fcrde jemand ein KZ abrei\u00dfen?\u201c (Prof. Andreas Frewer [1])<\/strong>\u201c <\/span>weiterlesen<\/a><\/p>\n","protected":false},"author":63,"featured_media":0,"comment_status":"open","ping_status":"open","sticky":false,"template":"","format":"standard","meta":{"footnotes":""},"categories":[319,32,7507],"tags":[9107,9106,3748],"class_list":["post-54611","post","type-post","status-publish","format-standard","hentry","category-geschichte","category-medien","category-nationalsozialismus","tag-hupfla","tag-konzentrationslager","tag-unterschriftenliste"],"_links":{"self":[{"href":"https:\/\/www.schiebener.net\/wordpress\/wp-json\/wp\/v2\/posts\/54611","targetHints":{"allow":["GET"]}}],"collection":[{"href":"https:\/\/www.schiebener.net\/wordpress\/wp-json\/wp\/v2\/posts"}],"about":[{"href":"https:\/\/www.schiebener.net\/wordpress\/wp-json\/wp\/v2\/types\/post"}],"author":[{"embeddable":true,"href":"https:\/\/www.schiebener.net\/wordpress\/wp-json\/wp\/v2\/users\/63"}],"replies":[{"embeddable":true,"href":"https:\/\/www.schiebener.net\/wordpress\/wp-json\/wp\/v2\/comments?post=54611"}],"version-history":[{"count":0,"href":"https:\/\/www.schiebener.net\/wordpress\/wp-json\/wp\/v2\/posts\/54611\/revisions"}],"wp:attachment":[{"href":"https:\/\/www.schiebener.net\/wordpress\/wp-json\/wp\/v2\/media?parent=54611"}],"wp:term":[{"taxonomy":"category","embeddable":true,"href":"https:\/\/www.schiebener.net\/wordpress\/wp-json\/wp\/v2\/categories?post=54611"},{"taxonomy":"post_tag","embeddable":true,"href":"https:\/\/www.schiebener.net\/wordpress\/wp-json\/wp\/v2\/tags?post=54611"}],"curies":[{"name":"wp","href":"https:\/\/api.w.org\/{rel}","templated":true}]}}