{"id":54563,"date":"2023-03-19T20:38:52","date_gmt":"2023-03-19T19:38:52","guid":{"rendered":"https:\/\/www.schiebener.net\/wordpress\/?p=54563"},"modified":"2023-03-19T20:38:52","modified_gmt":"2023-03-19T19:38:52","slug":"wie-eng-ist-der-hochsauerlandkreis-mit-rwe-verbunden","status":"publish","type":"post","link":"https:\/\/www.schiebener.net\/wordpress\/wie-eng-ist-der-hochsauerlandkreis-mit-rwe-verbunden\/","title":{"rendered":"Wie eng ist der Hochsauerlandkreis mit RWE verbunden?"},"content":{"rendered":"<div class=\"wp-block-image\">\n<figure class=\"aligncenter size-full is-resized\"><img decoding=\"async\" src=\"https:\/\/www.schiebener.net\/wordpress\/wp-content\/uploads\/2023\/03\/20230319RWE_HSK.jpg\" alt=\"\" class=\"wp-image-54565\" width=\"700\" srcset=\"https:\/\/www.schiebener.net\/wordpress\/wp-content\/uploads\/2023\/03\/20230319RWE_HSK.jpg 1024w, https:\/\/www.schiebener.net\/wordpress\/wp-content\/uploads\/2023\/03\/20230319RWE_HSK-300x225.jpg 300w, https:\/\/www.schiebener.net\/wordpress\/wp-content\/uploads\/2023\/03\/20230319RWE_HSK-768x576.jpg 768w\" sizes=\"(max-width: 709px) 85vw, (max-width: 909px) 67vw, (max-width: 1362px) 62vw, 840px\" \/><\/figure>\n<\/div>\n\n\n<p><strong>Auf der Tagesordnung der Sitzung des Ausschusses f\u00fcr Wirtschaft und Struktur am vergangenen Freitag standen auch \u00dcberlegungen zur Gr\u00fcndung eines kommunalen Unternehmens des Hochsauerlandkreises mit der Aufgabenstellung, Anlagen zur Erzeugung regenerativer Energien auf Fl\u00e4chen im Hochsauerlandkreis zu erzeugen. Die Idee war bereits im Herbst 2022 in den Ausschuss eingebracht worden, im Kreistag erfolgte noch keine inhaltliche Beratung.<\/strong><\/p>\n\n\n\n<p><em>(Der Artikel ist am Freitag <a rel=\"noreferrer noopener\" href=\"http:\/\/sbl-fraktion.de\/?p=10943\" target=\"_blank\">auf der Website der Sauerl\u00e4nder B\u00fcrgerliste<\/a> erschienen.)<\/em><\/p>\n\n\n\n<p>Der <a href=\"https:\/\/sdoffice.hochsauerlandkreis.de\/sdnetrim\/UGhVM0hpd2NXNFdFcExjZXrW5yS2S0tjUHoQXWSxURpYL4HAp2EtEgULBlPrAWv-\/Vorlage_10-680.pdf\" rel=\"noreferrer noopener\" target=\"_blank\">Sitzungsdrucksache 10\/680<\/a> der Kreisverwaltung war zu entnehmen, dass der Landrat und der Kreisk\u00e4mmerer am 23.11.2022 ein Gespr\u00e4ch mit dem Vorstandsvorsitzenden der RWE AG gef\u00fchrt hatten, inwieweit seitens der RWE AG Interesse an einem gemeinsamen Vorgehen besteht. Dabei sei seitens RWE eine gro\u00dfe Bereitschaft bekundet worden, gemeinsam mit dem Hochsauerlandkreis und den St\u00e4dten\/Gemeinden des Kreises Windenergieprojekte im Hochsauerlandkreis umzusetzen.<\/p>\n\n\n\n<p>Im Ausschuss stellten nun drei Vertreter der RWE ihr Konzept vor. Sie denken an die Gr\u00fcndung einer Gesellschaft namens \u201cEEH\u201d (Erneuerbare Energien HSK). Pikant: Die RWE erwartet, dass ihr Anteil an dieser EEH mindestens 51% betr\u00e4gt, w\u00e4hrend Kreis und Kommunen zusammen \u201cbis zu 49%\u201d halten d\u00fcrfen.<\/p>\n\n\n\n<p>In der Ausschusssitzung gab es viele kritische Fragen (au\u00dfer von der CDU-Fraktion!). Von mehreren Fraktionen wurde vor allem die angestrebte Mehrheitsbeteiligung der RWE kritisch gesehen. Die Vertreter der RWE konnten oder wollten jedoch nicht die Frage beantworten, wie hoch der RWE-Anteil mindestens sein m\u00fcsse. Auch auf die weitere Frage der SBL, bis wann der Kreis denn diese wichtige Information von der RWE erhalten k\u00f6nne, gaben die Herren der RWE keine Antwort.<\/p>\n\n\n\n<p>Mehrere Ausschussmitglieder wiesen darauf hin, dass das Vorhaben grunds\u00e4tzlich begr\u00fc\u00dfenswert sei, kritisierten aber, dass die Kreisverwaltung mit keinem anderen Partner gesprochen hatte. Angeblich \u2013 so die Verwaltung \u2013 h\u00e4tte das zu lange gedauert\u2026 Auch die zu erwartenden hohen \u201cOverhead-Kosten\u201d der RWE wurden kritisch hinterfragt.<\/p>\n\n\n\n<p>Als die SBL dann konkret beantragte die Verwaltung aufzufordern, dem Ausschuss bis zur n\u00e4chsten Sitzung im Mai zwei konkrete Alternativen vorzustellen, lehnten die CDU- und SPD-Ausschussmitglieder dies ab. Das sind diejenigen Fraktionen, die die Sitze in den RWE-Gremien inne haben.<\/p>\n\n\n\n<p>So kam es, dass der Ausschuss mehrheitlich \u201csein Einverst\u00e4ndnis\u201d erkl\u00e4rte, \u201cdass die Verwaltung gemeinsam mit der RWE AG das vorgestellte Projekt weiterverfolgt\u201d.<\/p>\n","protected":false},"excerpt":{"rendered":"<p>Auf der Tagesordnung der Sitzung des Ausschusses f\u00fcr Wirtschaft und Struktur am vergangenen Freitag standen auch \u00dcberlegungen zur Gr\u00fcndung eines kommunalen Unternehmens des Hochsauerlandkreises mit der Aufgabenstellung, Anlagen zur Erzeugung &hellip; <a href=\"https:\/\/www.schiebener.net\/wordpress\/wie-eng-ist-der-hochsauerlandkreis-mit-rwe-verbunden\/\" class=\"more-link\"><span class=\"screen-reader-text\">\u201eWie eng ist der Hochsauerlandkreis mit RWE verbunden?\u201c <\/span>weiterlesen<\/a><\/p>\n","protected":false},"author":17,"featured_media":0,"comment_status":"open","ping_status":"open","sticky":false,"template":"","format":"standard","meta":{"footnotes":""},"categories":[8406,80],"tags":[835,755,4732],"class_list":["post-54563","post","type-post","status-publish","format-standard","hentry","category-klimakrise","category-lokales","tag-hochsauerlandkreis","tag-rwe","tag-windenergie"],"_links":{"self":[{"href":"https:\/\/www.schiebener.net\/wordpress\/wp-json\/wp\/v2\/posts\/54563","targetHints":{"allow":["GET"]}}],"collection":[{"href":"https:\/\/www.schiebener.net\/wordpress\/wp-json\/wp\/v2\/posts"}],"about":[{"href":"https:\/\/www.schiebener.net\/wordpress\/wp-json\/wp\/v2\/types\/post"}],"author":[{"embeddable":true,"href":"https:\/\/www.schiebener.net\/wordpress\/wp-json\/wp\/v2\/users\/17"}],"replies":[{"embeddable":true,"href":"https:\/\/www.schiebener.net\/wordpress\/wp-json\/wp\/v2\/comments?post=54563"}],"version-history":[{"count":0,"href":"https:\/\/www.schiebener.net\/wordpress\/wp-json\/wp\/v2\/posts\/54563\/revisions"}],"wp:attachment":[{"href":"https:\/\/www.schiebener.net\/wordpress\/wp-json\/wp\/v2\/media?parent=54563"}],"wp:term":[{"taxonomy":"category","embeddable":true,"href":"https:\/\/www.schiebener.net\/wordpress\/wp-json\/wp\/v2\/categories?post=54563"},{"taxonomy":"post_tag","embeddable":true,"href":"https:\/\/www.schiebener.net\/wordpress\/wp-json\/wp\/v2\/tags?post=54563"}],"curies":[{"name":"wp","href":"https:\/\/api.w.org\/{rel}","templated":true}]}}