{"id":54422,"date":"2023-03-05T19:27:34","date_gmt":"2023-03-05T18:27:34","guid":{"rendered":"https:\/\/www.schiebener.net\/wordpress\/?p=54422"},"modified":"2023-03-09T16:39:29","modified_gmt":"2023-03-09T15:39:29","slug":"landesweiter-warntag-in-nrw-am-donnerstag-dem-9-maerz-um-11-uhr","status":"publish","type":"post","link":"https:\/\/www.schiebener.net\/wordpress\/landesweiter-warntag-in-nrw-am-donnerstag-dem-9-maerz-um-11-uhr\/","title":{"rendered":"Landesweiter Warntag in NRW am Donnerstag, dem 9. M\u00e4rz, um 11 Uhr"},"content":{"rendered":"<div class=\"wp-block-image\">\n<figure class=\"aligncenter size-large\"><img loading=\"lazy\" decoding=\"async\" width=\"683\" height=\"1024\" src=\"https:\/\/www.schiebener.net\/wordpress\/wp-content\/uploads\/2023\/03\/20230305WarntagKlein-683x1024.jpg\" alt=\"\" class=\"wp-image-54423\" srcset=\"https:\/\/www.schiebener.net\/wordpress\/wp-content\/uploads\/2023\/03\/20230305WarntagKlein-683x1024.jpg 683w, https:\/\/www.schiebener.net\/wordpress\/wp-content\/uploads\/2023\/03\/20230305WarntagKlein-200x300.jpg 200w, https:\/\/www.schiebener.net\/wordpress\/wp-content\/uploads\/2023\/03\/20230305WarntagKlein.jpg 700w\" sizes=\"auto, (max-width: 709px) 85vw, (max-width: 909px) 67vw, (max-width: 984px) 61vw, (max-width: 1362px) 45vw, 600px\" \/><figcaption class=\"wp-element-caption\">Sirene \/ Foto: FW Meschede<\/figcaption><\/figure>\n<\/div>\n\n\n<p><strong>Am Donnerstag, 9. M\u00e4rz, findet wieder der landesweite Warntag in NRW statt. Um 11 Uhr werden in der Leitstelle des Hochsauerlandkreises die Sirenen ausgel\u00f6st in der im Warnerlass des Landes vorgeschriebenen Dauer und Tonfolge: eine Minute Entwarnung \u2013 eine Minute Warnung \u2013 eine Minute Entwarnung mit einer Pause von jeweils f\u00fcnf Minuten zwischen den Tonfolgen.<\/strong><\/p>\n\n\n\n<p><em>(Pressemitteilung HSK)<\/em><\/p>\n\n\n\n<p>\u00dcberpr\u00fcft wird auch wieder das Cell-Broadcasting, wobei das neue System wie beim bundesweiten Warntag im Dezember 2022 voraussichtlich nicht mit allen Endger\u00e4ten funktionieren wird. <\/p>\n\n\n\n<p>Informationen dazu sind auf der Homepage des Bundesamtes f\u00fcr Bev\u00f6lkerungsschutz und Katastrophenhilfe unter <a href=\"https:\/\/fcld.ly\/bbk-cell_broadcast\" target=\"_blank\" rel=\"noreferrer noopener\">https:\/\/fcld.ly\/bbk-cell_broadcast<\/a> zu finden.<\/p>\n\n\n\n<p> M\u00f6glicherweise sind vorab Einstellungen am Smartphone vorzunehmen oder das Endger\u00e4t ist tats\u00e4chlich nicht empfangsf\u00e4hig.<\/p>\n","protected":false},"excerpt":{"rendered":"<p>Am Donnerstag, 9. M\u00e4rz, findet wieder der landesweite Warntag in NRW statt. Um 11 Uhr werden in der Leitstelle des Hochsauerlandkreises die Sirenen ausgel\u00f6st in der im Warnerlass des Landes &hellip; <a href=\"https:\/\/www.schiebener.net\/wordpress\/landesweiter-warntag-in-nrw-am-donnerstag-dem-9-maerz-um-11-uhr\/\" class=\"more-link\"><span class=\"screen-reader-text\">\u201eLandesweiter Warntag in NRW am Donnerstag, dem 9. M\u00e4rz, um 11 Uhr\u201c <\/span>weiterlesen<\/a><\/p>\n","protected":false},"author":17,"featured_media":0,"comment_status":"open","ping_status":"open","sticky":false,"template":"","format":"standard","meta":{"footnotes":""},"categories":[303,6413,1043],"tags":[],"class_list":["post-54422","post","type-post","status-publish","format-standard","hentry","category-in-unserem-briefkasten","category-nrw","category-pressemitteilungen"],"_links":{"self":[{"href":"https:\/\/www.schiebener.net\/wordpress\/wp-json\/wp\/v2\/posts\/54422","targetHints":{"allow":["GET"]}}],"collection":[{"href":"https:\/\/www.schiebener.net\/wordpress\/wp-json\/wp\/v2\/posts"}],"about":[{"href":"https:\/\/www.schiebener.net\/wordpress\/wp-json\/wp\/v2\/types\/post"}],"author":[{"embeddable":true,"href":"https:\/\/www.schiebener.net\/wordpress\/wp-json\/wp\/v2\/users\/17"}],"replies":[{"embeddable":true,"href":"https:\/\/www.schiebener.net\/wordpress\/wp-json\/wp\/v2\/comments?post=54422"}],"version-history":[{"count":0,"href":"https:\/\/www.schiebener.net\/wordpress\/wp-json\/wp\/v2\/posts\/54422\/revisions"}],"wp:attachment":[{"href":"https:\/\/www.schiebener.net\/wordpress\/wp-json\/wp\/v2\/media?parent=54422"}],"wp:term":[{"taxonomy":"category","embeddable":true,"href":"https:\/\/www.schiebener.net\/wordpress\/wp-json\/wp\/v2\/categories?post=54422"},{"taxonomy":"post_tag","embeddable":true,"href":"https:\/\/www.schiebener.net\/wordpress\/wp-json\/wp\/v2\/tags?post=54422"}],"curies":[{"name":"wp","href":"https:\/\/api.w.org\/{rel}","templated":true}]}}