{"id":54380,"date":"2023-03-01T12:34:09","date_gmt":"2023-03-01T11:34:09","guid":{"rendered":"https:\/\/www.schiebener.net\/wordpress\/?p=54380"},"modified":"2024-02-27T12:42:38","modified_gmt":"2024-02-27T11:42:38","slug":"amphibien-sind-in-den-startloechern-kroeten-co-wandern-wieder","status":"publish","type":"post","link":"https:\/\/www.schiebener.net\/wordpress\/amphibien-sind-in-den-startloechern-kroeten-co-wandern-wieder\/","title":{"rendered":"Amphibien sind in den Startl\u00f6chern &#8211; Kr\u00f6ten &amp; Co. wandern wieder!"},"content":{"rendered":"\n<h2 class=\"wp-block-heading\">Die Untere Naturschutzbeh\u00f6rde des HSK appelliert an Autofahrer und Landwirte<\/h2>\n\n\n<div class=\"wp-block-image\">\n<figure class=\"aligncenter size-full is-resized\"><a href=\"https:\/\/www.schiebener.net\/wordpress\/wp-content\/uploads\/2023\/03\/20230301GrasfroescheKlein.jpg\" target=\"_blank\" rel=\"noreferrer noopener\"><img decoding=\"async\" src=\"https:\/\/www.schiebener.net\/wordpress\/wp-content\/uploads\/2023\/03\/20230301GrasfroescheKlein.jpg\" alt=\"\" class=\"wp-image-54381\" width=\"700\" srcset=\"https:\/\/www.schiebener.net\/wordpress\/wp-content\/uploads\/2023\/03\/20230301GrasfroescheKlein.jpg 1024w, https:\/\/www.schiebener.net\/wordpress\/wp-content\/uploads\/2023\/03\/20230301GrasfroescheKlein-300x200.jpg 300w, https:\/\/www.schiebener.net\/wordpress\/wp-content\/uploads\/2023\/03\/20230301GrasfroescheKlein-768x512.jpg 768w\" sizes=\"(max-width: 709px) 85vw, (max-width: 909px) 67vw, (max-width: 1362px) 62vw, 840px\" \/><\/a><figcaption class=\"wp-element-caption\">Grasfr\u00f6sche beim Laichen (Foto: HSK, Stefan Pieper)<\/figcaption><\/figure>\n<\/div>\n\n\n<p><strong>Mit den steigenden Temperaturen beginnen wieder die allj\u00e4hrlichen Wanderungen von Kr\u00f6ten und Fr\u00f6schen. In den feuchtmilden Abendstunden wandern die Amphibien aus ihren Winterquartieren zu den Laichgew\u00e4ssern. Ihr m\u00fchsamer Weg ist oft mehrere Kilometer lang und f\u00fchrt dabei h\u00e4ufig auch \u00fcber belebte Stra\u00dfen, die beim \u00dcberqueren f\u00fcr die Tiere zu einer t\u00f6dlichen Gefahr werden k\u00f6nnen.<\/strong><\/p>\n\n\n\n<p><em>(Pressemitteilung HSK)<\/em><\/p>\n\n\n\n<p>Mitarbeiter der Kreisstra\u00dfenbauabteilung des HSK und des Landesstra\u00dfenbauamtes NRW haben deshalb an den betroffenen Stra\u00dfenabschnitten Warnschilder aufgestellt.<\/p>\n\n\n\n<p>Der Fachdienst Untere Naturschutzbeh\u00f6rde\/Jagd des Hochsauerlandkreises bittet alle Verkehrsteilnehmer, in den n\u00e4chsten Wochen beim Erblicken des Schildes \u201eKr\u00f6tenwanderung\u201c den Fu\u00df vom Gaspedal zu nehmen und die Geschwindigkeit deutlich herabzusetzen. Eine vorsichtige Fahrweise sch\u00fctzt nicht nur die Tiere, sondern auch die freiwilligen Helfer, die den Kr\u00f6ten beim \u00dcberqueren der Stra\u00dfe helfen.<\/p>\n\n\n\n<p>Schutz vor den Autoreifen k\u00f6nnen, bis zur Errichtung dauerhafter Ma\u00dfnahmen, die sogenannten mobilen \u201cKr\u00f6tenschutzz\u00e4une\u201d bieten. Es haben sich erfreulicherweise bisher immer freiwillige Helfer bereiterkl\u00e4rt, diese Z\u00e4une fr\u00fch morgens und abends zu kontrollieren und die Tiere in Eimern sicher \u00fcber die Stra\u00dfe zu bringen. Auch die Stra\u00dfenbau\u00e4mter unterst\u00fctzen diese Aktion durch den Auf- und Abbau der Z\u00e4une.<\/p>\n\n\n\n<p>Die Untere Naturschutzbeh\u00f6rde bittet weiterhin alle Landwirte, die in der N\u00e4he von Teichen und Laichgew\u00e4ssern Ackergrund besitzen, diese Felder nicht in den fr\u00fchmorgendlichen oder abendlichen Stunden der Amphibienwanderung mit landwirtschaftlichen Maschinen oder Ger\u00e4ten zu bearbeiten, damit die Tiere auf ihren Wanderrouten zu den Gew\u00e4ssern nicht gef\u00e4hrdet werden.<\/p>\n\n\n\n<p>Seit vielen Jahren stehen die Amphibien unter besonderem Schutz, da durch die Zerst\u00f6rung ihrer Lebensr\u00e4ume und durch die enorme Verkehrsdichte ihre Best\u00e4nde bedrohlich geschrumpft sind.<\/p>\n","protected":false},"excerpt":{"rendered":"<p>Die Untere Naturschutzbeh\u00f6rde des HSK appelliert an Autofahrer und Landwirte Mit den steigenden Temperaturen beginnen wieder die allj\u00e4hrlichen Wanderungen von Kr\u00f6ten und Fr\u00f6schen. In den feuchtmilden Abendstunden wandern die Amphibien &hellip; <a href=\"https:\/\/www.schiebener.net\/wordpress\/amphibien-sind-in-den-startloechern-kroeten-co-wandern-wieder\/\" class=\"more-link\"><span class=\"screen-reader-text\">\u201eAmphibien sind in den Startl\u00f6chern &#8211; Kr\u00f6ten &amp; Co. wandern wieder!\u201c <\/span>weiterlesen<\/a><\/p>\n","protected":false},"author":17,"featured_media":0,"comment_status":"open","ping_status":"open","sticky":false,"template":"","format":"standard","meta":{"footnotes":""},"categories":[303,80,5,1043,549],"tags":[8630,835],"class_list":["post-54380","post","type-post","status-publish","format-standard","hentry","category-in-unserem-briefkasten","category-lokales","category-naturwissenschaft","category-pressemitteilungen","category-umwelt","tag-amphibien","tag-hochsauerlandkreis"],"_links":{"self":[{"href":"https:\/\/www.schiebener.net\/wordpress\/wp-json\/wp\/v2\/posts\/54380","targetHints":{"allow":["GET"]}}],"collection":[{"href":"https:\/\/www.schiebener.net\/wordpress\/wp-json\/wp\/v2\/posts"}],"about":[{"href":"https:\/\/www.schiebener.net\/wordpress\/wp-json\/wp\/v2\/types\/post"}],"author":[{"embeddable":true,"href":"https:\/\/www.schiebener.net\/wordpress\/wp-json\/wp\/v2\/users\/17"}],"replies":[{"embeddable":true,"href":"https:\/\/www.schiebener.net\/wordpress\/wp-json\/wp\/v2\/comments?post=54380"}],"version-history":[{"count":0,"href":"https:\/\/www.schiebener.net\/wordpress\/wp-json\/wp\/v2\/posts\/54380\/revisions"}],"wp:attachment":[{"href":"https:\/\/www.schiebener.net\/wordpress\/wp-json\/wp\/v2\/media?parent=54380"}],"wp:term":[{"taxonomy":"category","embeddable":true,"href":"https:\/\/www.schiebener.net\/wordpress\/wp-json\/wp\/v2\/categories?post=54380"},{"taxonomy":"post_tag","embeddable":true,"href":"https:\/\/www.schiebener.net\/wordpress\/wp-json\/wp\/v2\/tags?post=54380"}],"curies":[{"name":"wp","href":"https:\/\/api.w.org\/{rel}","templated":true}]}}