{"id":54331,"date":"2023-02-23T21:07:58","date_gmt":"2023-02-23T20:07:58","guid":{"rendered":"https:\/\/www.schiebener.net\/wordpress\/?p=54331"},"modified":"2023-02-23T21:44:57","modified_gmt":"2023-02-23T20:44:57","slug":"westfalenpost-meschede-brilon-verliert-auch-weiterhin-abonnentinnen","status":"publish","type":"post","link":"https:\/\/www.schiebener.net\/wordpress\/westfalenpost-meschede-brilon-verliert-auch-weiterhin-abonnentinnen\/","title":{"rendered":"Westfalenpost Meschede\/Brilon verliert auch weiterhin Abonnent*innen"},"content":{"rendered":"<div class=\"wp-block-image\">\n<figure class=\"aligncenter size-large is-resized\"><a href=\"https:\/\/www.schiebener.net\/wordpress\/wp-content\/uploads\/2023\/02\/20230223MesBri.jpg\" target=\"_blank\" rel=\"noreferrer noopener\"><img decoding=\"async\" src=\"https:\/\/www.schiebener.net\/wordpress\/wp-content\/uploads\/2023\/02\/20230223MesBri-1024x357.jpg\" alt=\"\" class=\"wp-image-54332\" width=\"700\" srcset=\"https:\/\/www.schiebener.net\/wordpress\/wp-content\/uploads\/2023\/02\/20230223MesBri-1024x357.jpg 1024w, https:\/\/www.schiebener.net\/wordpress\/wp-content\/uploads\/2023\/02\/20230223MesBri-300x105.jpg 300w, https:\/\/www.schiebener.net\/wordpress\/wp-content\/uploads\/2023\/02\/20230223MesBri-768x268.jpg 768w, https:\/\/www.schiebener.net\/wordpress\/wp-content\/uploads\/2023\/02\/20230223MesBri-1536x536.jpg 1536w, https:\/\/www.schiebener.net\/wordpress\/wp-content\/uploads\/2023\/02\/20230223MesBri-1200x418.jpg 1200w, https:\/\/www.schiebener.net\/wordpress\/wp-content\/uploads\/2023\/02\/20230223MesBri.jpg 1801w\" sizes=\"(max-width: 709px) 85vw, (max-width: 909px) 67vw, (max-width: 1362px) 62vw, 840px\" \/><\/a><figcaption class=\"wp-element-caption\">Minus 6,31% Abonnements (Screenshot: ivw)<\/figcaption><\/figure>\n<\/div>\n\n\n<p><strong>Auch im letzten Quartal des Jahres 2022 hat die Lokalausgabe der Westfalenpost Meschede\/Brilon laut der <a href=\"https:\/\/www.ivw.de\/\" target=\"_blank\" rel=\"noreferrer noopener\">Informationsgemeinschaft zur Feststellung der Verbreitung von Werbetr\u00e4gern (ivw)<\/a> erneut Abonnent*innen verloren: 1.210 in absoluten Zahlen (19.178 &#8211; 17.968), entsprechend einem Minus von 6,31 Prozent.<\/strong><\/p>\n\n\n\n<p>Was mir im letzten Jahr positiv an der Westfalenpost Brilon aufgefallen war, sind die vielen neuen Namen und Gesichter, die sich sichtlich bem\u00fchen, j\u00fcngere, frischere Themen anzupacken, leider meist ohne politischen Tiefgang, gepr\u00e4gt von mangelnder Distanz zu den Lokalpolitiker*innen.<\/p>\n\n\n\n<p>Als ganz \u00fcbel empfinde ich den Trend zu rei\u00dferischen, aber gehaltlosen \u00dcberschriften, die oft viel versprechen, aber nichts oder nur sehr wenig halten.<\/p>\n\n\n\n<p>Eine Zeitung sollte in der Lage sein, die Lokalpolitik kritisch zu begleiten. Hier ist mir als sehr negativ die Verquickung von Winterberg-Marketing (Skitourismus) und Lokalredaktion aufgefallen.<\/p>\n\n\n\n<p>Seit l\u00e4ngerer Zeit schon schreibt Julian Pape als Wetterexperte f\u00fcr die WP und ist gleichzeitig laut Website[1] <em>Projektleiter<\/em> der Wintersport-Arena Sauerland\/Siegerland-Wittgenstein e.V.. Ich werfe diese Tatsache \u00fcbrigens nicht dem Winterberger Marketing oder Julian Pape vor, sondern der Westfalenpost. So verliert eine Lokalzeitung ihre professionelle Distanz und Glaubw\u00fcrdigkeit.<\/p>\n\n\n\n<p>&#8212;&#8212;&#8212;&#8212;&#8211;<\/p>\n\n\n\n<p>[1] <a rel=\"noreferrer noopener\" href=\"https:\/\/www.wintersport-arena.de\/aktuelles-service\/kontakt\/\" target=\"_blank\">https:\/\/www.wintersport-arena.de\/aktuelles-service\/kontakt\/<\/a> (zuletzt aufgerufen am 23.02.2023, 20:50)<\/p>\n","protected":false},"excerpt":{"rendered":"<p>Auch im letzten Quartal des Jahres 2022 hat die Lokalausgabe der Westfalenpost Meschede\/Brilon laut der Informationsgemeinschaft zur Feststellung der Verbreitung von Werbetr\u00e4gern (ivw) erneut Abonnent*innen verloren: 1.210 in absoluten Zahlen &hellip; <a href=\"https:\/\/www.schiebener.net\/wordpress\/westfalenpost-meschede-brilon-verliert-auch-weiterhin-abonnentinnen\/\" class=\"more-link\"><span class=\"screen-reader-text\">\u201eWestfalenpost Meschede\/Brilon verliert auch weiterhin Abonnent*innen\u201c <\/span>weiterlesen<\/a><\/p>\n","protected":false},"author":3,"featured_media":0,"comment_status":"open","ping_status":"open","sticky":false,"template":"","format":"standard","meta":{"footnotes":""},"categories":[80,32],"tags":[4915,6304,6118],"class_list":["post-54331","post","type-post","status-publish","format-standard","hentry","category-lokales","category-medien","tag-ivw-auflagenzahlen","tag-westfalenpost-brilon","tag-westfalenpost-meschede"],"_links":{"self":[{"href":"https:\/\/www.schiebener.net\/wordpress\/wp-json\/wp\/v2\/posts\/54331","targetHints":{"allow":["GET"]}}],"collection":[{"href":"https:\/\/www.schiebener.net\/wordpress\/wp-json\/wp\/v2\/posts"}],"about":[{"href":"https:\/\/www.schiebener.net\/wordpress\/wp-json\/wp\/v2\/types\/post"}],"author":[{"embeddable":true,"href":"https:\/\/www.schiebener.net\/wordpress\/wp-json\/wp\/v2\/users\/3"}],"replies":[{"embeddable":true,"href":"https:\/\/www.schiebener.net\/wordpress\/wp-json\/wp\/v2\/comments?post=54331"}],"version-history":[{"count":0,"href":"https:\/\/www.schiebener.net\/wordpress\/wp-json\/wp\/v2\/posts\/54331\/revisions"}],"wp:attachment":[{"href":"https:\/\/www.schiebener.net\/wordpress\/wp-json\/wp\/v2\/media?parent=54331"}],"wp:term":[{"taxonomy":"category","embeddable":true,"href":"https:\/\/www.schiebener.net\/wordpress\/wp-json\/wp\/v2\/categories?post=54331"},{"taxonomy":"post_tag","embeddable":true,"href":"https:\/\/www.schiebener.net\/wordpress\/wp-json\/wp\/v2\/tags?post=54331"}],"curies":[{"name":"wp","href":"https:\/\/api.w.org\/{rel}","templated":true}]}}