{"id":54325,"date":"2023-02-23T11:55:19","date_gmt":"2023-02-23T10:55:19","guid":{"rendered":"https:\/\/www.schiebener.net\/wordpress\/?p=54325"},"modified":"2023-02-23T11:55:19","modified_gmt":"2023-02-23T10:55:19","slug":"sauerland-museum-arnsberg-sucht-wald-zeitzeugen-erinnerungen-an-den-sauerlaender-wald","status":"publish","type":"post","link":"https:\/\/www.schiebener.net\/wordpress\/sauerland-museum-arnsberg-sucht-wald-zeitzeugen-erinnerungen-an-den-sauerlaender-wald\/","title":{"rendered":"Sauerland-Museum Arnsberg sucht &#8222;Wald-Zeitzeugen&#8220; &#8211; Erinnerungen an den Sauerl\u00e4nder Wald"},"content":{"rendered":"<div class=\"wp-block-image\">\n<figure class=\"aligncenter size-full is-resized\"><a href=\"https:\/\/www.schiebener.net\/wordpress\/wp-content\/uploads\/2023\/02\/20230223WaldzeitzeugenKlein.jpg\" target=\"_blank\" rel=\"noreferrer noopener\"><img decoding=\"async\" src=\"https:\/\/www.schiebener.net\/wordpress\/wp-content\/uploads\/2023\/02\/20230223WaldzeitzeugenKlein.jpg\" alt=\"\" class=\"wp-image-54326\" width=\"700\" srcset=\"https:\/\/www.schiebener.net\/wordpress\/wp-content\/uploads\/2023\/02\/20230223WaldzeitzeugenKlein.jpg 1024w, https:\/\/www.schiebener.net\/wordpress\/wp-content\/uploads\/2023\/02\/20230223WaldzeitzeugenKlein-300x218.jpg 300w, https:\/\/www.schiebener.net\/wordpress\/wp-content\/uploads\/2023\/02\/20230223WaldzeitzeugenKlein-768x559.jpg 768w\" sizes=\"(max-width: 709px) 85vw, (max-width: 909px) 67vw, (max-width: 1362px) 62vw, 840px\" \/><\/a><figcaption class=\"wp-element-caption\">Wald, Wiesen, Felder, Jugend, Romantik? Oder ist da noch mehr? (Foto: HSK\/privat)<\/figcaption><\/figure>\n<\/div>\n\n\n<p><strong>Das Sauerland-Museum in Arnsberg ruft alle Interessierten dazu auf, ihre Erinnerungen an den Sauerl\u00e4nder Wald vom Sauerland-Museum aufzeichnen zu lassen.<\/strong><\/p>\n\n\n\n<p><em>(Pressemitteilung HSK)<\/em><\/p>\n\n\n\n<p>\u201eDabei geht es um klassische Zeitzeugengespr\u00e4che, wie man sie auch aus Geschichts-Dokus kennt\u201c, erl\u00e4utert Dr. Oliver Schmidt, der Leiter des Sauerland-Museums. \u201eF\u00fcr uns wichtig ist dabei das, was Menschen auch emotional mit dem Wald verbinden, wie es ihre Vorstellung von Heimat, Natur und Umwelt pr\u00e4gt,\u201c erg\u00e4nzt Nelja L\u00fchrs, die als wissenschaftliche Volont\u00e4rin die neue Sonderausstellung \u201eWUNDER WALD\u201c, die ab Ende April im Sauerland-Museum zu sehen sein wird, mitkonzipiert.<\/p>\n\n\n\n<p>Daher sucht das Sauerland-Museum Jung und Alt und alle anderen, die etwas zum Thema \u201eWald\u201c erz\u00e4hlen m\u00f6chten. Diese Erinnerungen m\u00f6chte das Sauerland-Museum als Videogespr\u00e4che aufzeichnen. M\u00f6glich sind aber auch reine Tonaufzeichnungen.<\/p>\n\n\n\n<p>Wer sich angesprochen f\u00fchlt, kann sich jederzeit beim Sauerland-Museum melden, um einen Termin zur Aufzeichnung zu vereinbaren und mit dem F\u00f6rderverein des Sauerland-Museums, der dieses Projekt betreut, \u00fcber den Wald im Sauerland, wie er war, wie er sich ver\u00e4ndert und was aus ihm werden kann, ins Gespr\u00e4ch zu kommen.<\/p>\n","protected":false},"excerpt":{"rendered":"<p>Das Sauerland-Museum in Arnsberg ruft alle Interessierten dazu auf, ihre Erinnerungen an den Sauerl\u00e4nder Wald vom Sauerland-Museum aufzeichnen zu lassen. (Pressemitteilung HSK) \u201eDabei geht es um klassische Zeitzeugengespr\u00e4che, wie man &hellip; <a href=\"https:\/\/www.schiebener.net\/wordpress\/sauerland-museum-arnsberg-sucht-wald-zeitzeugen-erinnerungen-an-den-sauerlaender-wald\/\" class=\"more-link\"><span class=\"screen-reader-text\">\u201eSauerland-Museum Arnsberg sucht &#8222;Wald-Zeitzeugen&#8220; &#8211; Erinnerungen an den Sauerl\u00e4nder Wald\u201c <\/span>weiterlesen<\/a><\/p>\n","protected":false},"author":17,"featured_media":0,"comment_status":"open","ping_status":"open","sticky":false,"template":"","format":"standard","meta":{"footnotes":""},"categories":[319,303,674,80,549],"tags":[1943,1001],"class_list":["post-54325","post","type-post","status-publish","format-standard","hentry","category-geschichte","category-in-unserem-briefkasten","category-kultur","category-lokales","category-umwelt","tag-sauerlandmuseum","tag-wald"],"_links":{"self":[{"href":"https:\/\/www.schiebener.net\/wordpress\/wp-json\/wp\/v2\/posts\/54325","targetHints":{"allow":["GET"]}}],"collection":[{"href":"https:\/\/www.schiebener.net\/wordpress\/wp-json\/wp\/v2\/posts"}],"about":[{"href":"https:\/\/www.schiebener.net\/wordpress\/wp-json\/wp\/v2\/types\/post"}],"author":[{"embeddable":true,"href":"https:\/\/www.schiebener.net\/wordpress\/wp-json\/wp\/v2\/users\/17"}],"replies":[{"embeddable":true,"href":"https:\/\/www.schiebener.net\/wordpress\/wp-json\/wp\/v2\/comments?post=54325"}],"version-history":[{"count":0,"href":"https:\/\/www.schiebener.net\/wordpress\/wp-json\/wp\/v2\/posts\/54325\/revisions"}],"wp:attachment":[{"href":"https:\/\/www.schiebener.net\/wordpress\/wp-json\/wp\/v2\/media?parent=54325"}],"wp:term":[{"taxonomy":"category","embeddable":true,"href":"https:\/\/www.schiebener.net\/wordpress\/wp-json\/wp\/v2\/categories?post=54325"},{"taxonomy":"post_tag","embeddable":true,"href":"https:\/\/www.schiebener.net\/wordpress\/wp-json\/wp\/v2\/tags?post=54325"}],"curies":[{"name":"wp","href":"https:\/\/api.w.org\/{rel}","templated":true}]}}