{"id":54312,"date":"2023-02-19T19:56:22","date_gmt":"2023-02-19T18:56:22","guid":{"rendered":"https:\/\/www.schiebener.net\/wordpress\/?p=54312"},"modified":"2023-02-19T19:56:22","modified_gmt":"2023-02-19T18:56:22","slug":"vogelschutzgebiet-wird-groesser","status":"publish","type":"post","link":"https:\/\/www.schiebener.net\/wordpress\/vogelschutzgebiet-wird-groesser\/","title":{"rendered":"Vogelschutzgebiet wird gr\u00f6\u00dfer"},"content":{"rendered":"<div class=\"wp-block-image\">\n<figure class=\"aligncenter size-large is-resized\"><a href=\"https:\/\/www.schiebener.net\/wordpress\/wp-content\/uploads\/2023\/02\/Karte-202301-AendVSG-AmtsblattHSK.jpg\" target=\"_blank\" rel=\"noreferrer noopener\"><img decoding=\"async\" src=\"https:\/\/www.schiebener.net\/wordpress\/wp-content\/uploads\/2023\/02\/Karte-202301-AendVSG-AmtsblattHSK-1024x724.jpg\" alt=\"\" class=\"wp-image-54302\" width=\"700\" srcset=\"https:\/\/www.schiebener.net\/wordpress\/wp-content\/uploads\/2023\/02\/Karte-202301-AendVSG-AmtsblattHSK-1024x724.jpg 1024w, https:\/\/www.schiebener.net\/wordpress\/wp-content\/uploads\/2023\/02\/Karte-202301-AendVSG-AmtsblattHSK-300x212.jpg 300w, https:\/\/www.schiebener.net\/wordpress\/wp-content\/uploads\/2023\/02\/Karte-202301-AendVSG-AmtsblattHSK-768x543.jpg 768w, https:\/\/www.schiebener.net\/wordpress\/wp-content\/uploads\/2023\/02\/Karte-202301-AendVSG-AmtsblattHSK-1200x848.jpg 1200w, https:\/\/www.schiebener.net\/wordpress\/wp-content\/uploads\/2023\/02\/Karte-202301-AendVSG-AmtsblattHSK.jpg 1265w\" sizes=\"(max-width: 709px) 85vw, (max-width: 909px) 67vw, (max-width: 1362px) 62vw, 840px\" \/><\/a><figcaption class=\"wp-element-caption\">Die gr\u00fcnen Fl\u00e4chen kommen neu hinzu, die hellgelben bleiben wie bisher geplant, und die hellrot markierten Fl\u00e4chen entfallen. (Quelle: Amtsblatt HSK)<\/figcaption><\/figure>\n<\/div>\n\n\n<p><strong>Am 08.11.2022 hatte die Sauerl\u00e4nder B\u00fcrgerliste <a href=\"https:\/\/sbl-fraktion.de\/?p=10809\" target=\"_blank\" rel=\"noreferrer noopener\">auf ihrer Website bereits berichtet<\/a>: \u201cDie Bem\u00fchungen des Briloner und des Marsberger B\u00fcrgermeisters, unterst\u00fctzt vom Landrat und von CDU und SPD im HSK, das neue Vogelschutzgebiet bei Brilon und Marsberg zu verhindern, sind gescheitert.\u201d<\/strong><\/p>\n\n\n\n<p><em>(Der Artikel ist in \u00e4hnlicher Form <a href=\"http:\/\/sbl-fraktion.de\/?p=10912\" target=\"_blank\" rel=\"noreferrer noopener\">gestern auf der Website der Sauerl\u00e4nder B\u00fcrgerliste<\/a> erschienen.)<\/em><\/p>\n\n\n\n<p>Nun wurde im Amtsblatt Nr. 3\/2023 der HSK die Ank\u00fcndigung \u00fcber die erneute Auslegung der Unterlagen zum Vogelschutzgebiet ver\u00f6ffentlicht; sie erfolgt vom 27.02.2023 bis zum 27.03.2023 im Internet und in mehreren Beh\u00f6rden. Die Bekanntmachung enth\u00e4lt auch eine Karte, aus der sich die Ver\u00e4nderungen gegen\u00fcber den urspr\u00fcnglichen Planungen der zust\u00e4ndigen Landesbeh\u00f6rde LANUV f\u00fcr das Vogelschutzgebiet (VSG) bei Brilon und Marsberg ergeben.<\/p>\n\n\n\n<p>Die gr\u00fcnen Fl\u00e4chen kommen neu hinzu, die hellgelben bleiben wie bisher geplant, und die hellrot markierten Fl\u00e4chen entfallen. Das bedeutet, dass die Stadt Olsberg nun fast nicht mehr am Vogelschutzgebiet beteiligt ist; aber sie hatte bisher schon nur einen sehr geringen Anteil. In Marsberg gibt es mehr zus\u00e4tzliche als entfallende Fl\u00e4chen, in Brilon ist die Ver\u00e4nderungsbilanz fast ausgeglichen, und aus den Stadtgebieten von B\u00fcren und Bad W\u00fcnnenberg kommen gro\u00dfe Fl\u00e4chen hinzu. In allen St\u00e4dten bleiben aber zahlreiche und gro\u00dfe Fl\u00e4chen (vor allem in den Zentren und deren Umfeld), die nicht zum neuen VSG geh\u00f6ren.<\/p>\n\n\n\n<p>In der Bekanntmachung der Bezirksregierung Arnsberg hei\u00dft es u.a.:<br><em>\u201cF\u00fcr das zu meldende VSG Gebiet ist davon auszugehen, dass es sich hierbei um ein faktisches Vogelschutzgebiet handelt. Hierunter werden Gebiete verstanden, die im urspr\u00fcnglichen Meldeprozess vor 2004 nicht als VSG ausgewiesen wurden, obwohl sie aufgrund der Datenlage h\u00e4tten ausgewiesen werden m\u00fcssen, weil sie ebenfalls zu den f\u00fcr den Vogelschutz \u201egeeignetsten Gebieten\u201c geh\u00f6ren. Dort gilt das Schutzregime gem\u00e4\u00df Art. 4 Abs. 4 Satz 1 Vogelschutz-Richtlinie. Aus diesem Grunde k\u00f6nnen sich bereits zum jetzigen Zeitpunkt Auswirkungen auf Pl\u00e4ne und Projekt ergeben.<\/em><\/p>\n\n\n\n<p><em>Das Land Nordrhein-Westfalen beabsichtigt aus diesem Grunde, gem\u00e4\u00df \u00a7 32 Abs. 1 Gesetz \u00fcber Naturschutz und Landschaftspflege (Bundesnaturschutzgesetz \u2013 BNatSchG) i.V.m. \u00a7 51 des Gesetzes zum Schutz der Natur in Nordrhein-Westfalen (Landesnaturschutzgesetz NRW \u2013 LNatSchG NRW), in der geltenden Fassung, der Europ\u00e4ischen Kommission \u2013 \u00fcber die Bundesrepublik Deutschland \u2013 ein weiteres Gebiet nach der Richtlinie 2009\/147\/EG des Rates vom 30.11.2009 zur Erhaltung der wildlebenden Vogelarten zu melden.<\/em><\/p>\n\n\n\n<p><em>Das LANUV hat das Gebiet nach den in Art. 4 Abs. 1 i.V.m. Anhang III FFH-RL bzw. nach den in Art. 4 Abs. 1 und 2 V-RL genannten naturschutzfachlichen Kriterien entsprechend den Vorgaben der Natura 2000-Richtlinien und der st\u00e4ndigen Rechtsprechung auf europ\u00e4ischer und Bundesebene gepr\u00fcft und ermittelt.\u201d<\/em><\/p>\n\n\n\n<p>Der vollst\u00e4ndige Text des Amtsblattes Nr. 3\/2023 des HSK steht hier:<br><a href=\"https:\/\/www.hochsauerlandkreis.de\/fileadmin\/user_upload\/Fachbereich_1\/FD_11\/Amtsblaetter\/Amtsblaetter_2023\/00_Amtsblatt_3_2023.999.pdf\" rel=\"noreferrer noopener\" target=\"_blank\">https:\/\/www.hochsauerlandkreis.de\/fileadmin\/user_upload\/Fachbereich_1\/FD_11\/Amtsblaetter\/Amtsblaetter_2023\/00_Amtsblatt_3_2023.999.pdf<\/a><\/p>\n","protected":false},"excerpt":{"rendered":"<p>Am 08.11.2022 hatte die Sauerl\u00e4nder B\u00fcrgerliste auf ihrer Website bereits berichtet: \u201cDie Bem\u00fchungen des Briloner und des Marsberger B\u00fcrgermeisters, unterst\u00fctzt vom Landrat und von CDU und SPD im HSK, das &hellip; <a href=\"https:\/\/www.schiebener.net\/wordpress\/vogelschutzgebiet-wird-groesser\/\" class=\"more-link\"><span class=\"screen-reader-text\">\u201eVogelschutzgebiet wird gr\u00f6\u00dfer\u201c <\/span>weiterlesen<\/a><\/p>\n","protected":false},"author":17,"featured_media":0,"comment_status":"open","ping_status":"open","sticky":false,"template":"","format":"standard","meta":{"footnotes":""},"categories":[80,549],"tags":[6854,8810],"class_list":["post-54312","post","type-post","status-publish","format-standard","hentry","category-lokales","category-umwelt","tag-sauerlaender-buergerliste-sblfw","tag-vogelschutzgebiet"],"_links":{"self":[{"href":"https:\/\/www.schiebener.net\/wordpress\/wp-json\/wp\/v2\/posts\/54312","targetHints":{"allow":["GET"]}}],"collection":[{"href":"https:\/\/www.schiebener.net\/wordpress\/wp-json\/wp\/v2\/posts"}],"about":[{"href":"https:\/\/www.schiebener.net\/wordpress\/wp-json\/wp\/v2\/types\/post"}],"author":[{"embeddable":true,"href":"https:\/\/www.schiebener.net\/wordpress\/wp-json\/wp\/v2\/users\/17"}],"replies":[{"embeddable":true,"href":"https:\/\/www.schiebener.net\/wordpress\/wp-json\/wp\/v2\/comments?post=54312"}],"version-history":[{"count":0,"href":"https:\/\/www.schiebener.net\/wordpress\/wp-json\/wp\/v2\/posts\/54312\/revisions"}],"wp:attachment":[{"href":"https:\/\/www.schiebener.net\/wordpress\/wp-json\/wp\/v2\/media?parent=54312"}],"wp:term":[{"taxonomy":"category","embeddable":true,"href":"https:\/\/www.schiebener.net\/wordpress\/wp-json\/wp\/v2\/categories?post=54312"},{"taxonomy":"post_tag","embeddable":true,"href":"https:\/\/www.schiebener.net\/wordpress\/wp-json\/wp\/v2\/tags?post=54312"}],"curies":[{"name":"wp","href":"https:\/\/api.w.org\/{rel}","templated":true}]}}