{"id":54201,"date":"2023-02-10T20:34:22","date_gmt":"2023-02-10T19:34:22","guid":{"rendered":"https:\/\/www.schiebener.net\/wordpress\/?p=54201"},"modified":"2023-02-10T22:39:42","modified_gmt":"2023-02-10T21:39:42","slug":"siedlinghausen-heute-abend-um-180-gedreht-wie-gruen-wird-der-winterurlaub-der-zukunft","status":"publish","type":"post","link":"https:\/\/www.schiebener.net\/wordpress\/siedlinghausen-heute-abend-um-180-gedreht-wie-gruen-wird-der-winterurlaub-der-zukunft\/","title":{"rendered":"Siedlinghausen heute Abend: um 180\u00b0 gedreht. Wie gr\u00fcn wird der Winterurlaub der Zukunft?"},"content":{"rendered":"<div class=\"wp-block-image\">\n<figure class=\"aligncenter size-full is-resized\"><img decoding=\"async\" src=\"https:\/\/www.schiebener.net\/wordpress\/wp-content\/uploads\/2023\/02\/2023021001Siedlinghausen.jpg\" alt=\"\" class=\"wp-image-54202\" width=\"700\" srcset=\"https:\/\/www.schiebener.net\/wordpress\/wp-content\/uploads\/2023\/02\/2023021001Siedlinghausen.jpg 1024w, https:\/\/www.schiebener.net\/wordpress\/wp-content\/uploads\/2023\/02\/2023021001Siedlinghausen-300x200.jpg 300w, https:\/\/www.schiebener.net\/wordpress\/wp-content\/uploads\/2023\/02\/2023021001Siedlinghausen-768x512.jpg 768w\" sizes=\"(max-width: 709px) 85vw, (max-width: 909px) 67vw, (max-width: 1362px) 62vw, 840px\" \/><figcaption class=\"wp-element-caption\">16.54 Uhr im Vordergrund: Maisfeld-Monokultur &#8211; Hintergrund (Berg): kranke Fichtenmonokultur mit Kahlfl\u00e4chen (foto: zoom)<\/figcaption><\/figure>\n<\/div>\n\n\n<p><strong>Wenn man sich vom Maschinenschnee aus Hunderten von Schneekanonen nicht blenden l\u00e4sst, sieht man schnell die sch\u00e4bigen Seiten des Hochsauerlandes.<\/strong><\/p>\n\n\n\n<p> Landwirtschaftliche Monokultur, kranker Fichtenforst, vom Borkenk\u00e4fer und Klimawandel dahingerafft, immer weiter wachsende Kahlschl\u00e4ge &#8211; die Menschen auf dem Dach von NRW stehen vor schwierigen Aufgaben: Umbau der Forstwirtschaft, Energiewende, Neuausrichtung des Tourismus &#8211; das wird schwer, denn es ist immer noch zu leicht, mit dem inzwischen hochmaschinellen und k\u00fcnstlichen Skitourismus Geld zu verdienen. <\/p>\n\n\n\n<p>Nur nicht dran r\u00fctteln, es wird schon noch ein paar Jahre gut gehen, nach uns die Sintflut. Die Meckerk\u00f6ppe besch\u00e4digen unsere Marke &#8222;Winterberg&#8220;, da h\u00e4ngen Arbeitspl\u00e4tze dran. Zu Zehntausenden dr\u00e4ngen die Touristen aus allen Teilen Deutschlands und vor allen Dingen den Niederlanden nach Winterberg und seine h\u00f6her gelegenen Ortsteile Altastenberg und Neuastenberg. <\/p>\n\n\n\n<p>Die Marketingmaschine l\u00e4uft, die Lokalmedien machen mit. Man will ja nicht als Nestbeschmutzer dastehen. Dann lieber ein Jubelartikel zu viel als zu wenig. Zeit f\u00fcr  Gewinne, nicht f\u00fcr Konzepte.<\/p>\n\n\n\n<p>Oder vielleicht doch? Am 16. Februar findet im Oversum Winterberg das <a href=\"https:\/\/www1.wdr.de\/radio\/wdr5\/sendungen\/stadtgespraech\/winterurlaub-zukunft-100.html\" target=\"_blank\" rel=\"noreferrer noopener\">Stadtgespr\u00e4ch von WDR 5<\/a> statt. Thema: <strong>Wie gr\u00fcn wird der Winterurlaub der Zukunft?<\/strong><br><br><strong>Diskutieren werden<\/strong><\/p>\n\n\n\n<ul class=\"wp-block-list\">\n<li><strong>Michael Beckmann<\/strong>, B\u00fcrgermeister in Winterberg<\/li>\n\n\n\n<li><strong>Matthias Heise<\/strong>, Wissenschaftler der TU Dortmund und Mitautor einer Studie zum Strukturwandel in Skigebieten der Schweiz<\/li>\n\n\n\n<li><strong>Jan Matzoll<\/strong>, wirtschaftspolitischer Sprecher der Gr\u00fcnen im NRW-Landtag<\/li>\n<\/ul>\n\n\n\n<p><strong>Moderation:<\/strong> Ralph Erdenberger und Brigitte Kr\u00e4mer<\/p>\n\n\n\n<figure class=\"wp-block-table\"><table><tbody><tr><th>Beginn:<\/th><td>20.04 Uhr<\/td><\/tr><tr><th>Ende:<\/th><td>21.00 Uhr<\/td><\/tr><tr><th>Einlass:<\/th><td>19.30 Uhr<\/td><\/tr><tr><th>Karten:<\/th><td>Kostenfrei<\/td><\/tr><\/tbody><\/table><\/figure>\n\n\n\n<p>Eine Minute nach dem Bild oben habe ich mich um 180\u00b0 gedreht. Die Sonne ging hinter den Bergen unter. Siedlinghausen lag schon im Schatten.<\/p>\n\n\n<div class=\"wp-block-image\">\n<figure class=\"aligncenter size-full is-resized\"><img decoding=\"async\" src=\"https:\/\/www.schiebener.net\/wordpress\/wp-content\/uploads\/2023\/02\/2023021002Siedlinghausen.jpg\" alt=\"\" class=\"wp-image-54203\" width=\"700\" srcset=\"https:\/\/www.schiebener.net\/wordpress\/wp-content\/uploads\/2023\/02\/2023021002Siedlinghausen.jpg 1024w, https:\/\/www.schiebener.net\/wordpress\/wp-content\/uploads\/2023\/02\/2023021002Siedlinghausen-300x198.jpg 300w, https:\/\/www.schiebener.net\/wordpress\/wp-content\/uploads\/2023\/02\/2023021002Siedlinghausen-768x508.jpg 768w\" sizes=\"(max-width: 709px) 85vw, (max-width: 909px) 67vw, (max-width: 1362px) 62vw, 840px\" \/><figcaption class=\"wp-element-caption\">16.55 Uhr: Siedlinghausen im Schatten der Berge (foto: zoom)<\/figcaption><\/figure>\n<\/div>\n\n\n<p>Es gibt doch noch ganz sch\u00f6ne Ecken, habe ich gedacht. Mit Wanderschuhen oder mit dem Fahrrad lassen sie sich leicht finden. Sauerland geht auch ohne Ski-Tourismus.<\/p>\n","protected":false},"excerpt":{"rendered":"<p>Wenn man sich vom Maschinenschnee aus Hunderten von Schneekanonen nicht blenden l\u00e4sst, sieht man schnell die sch\u00e4bigen Seiten des Hochsauerlandes. Landwirtschaftliche Monokultur, kranker Fichtenforst, vom Borkenk\u00e4fer und Klimawandel dahingerafft, immer &hellip; <a href=\"https:\/\/www.schiebener.net\/wordpress\/siedlinghausen-heute-abend-um-180-gedreht-wie-gruen-wird-der-winterurlaub-der-zukunft\/\" class=\"more-link\"><span class=\"screen-reader-text\">\u201eSiedlinghausen heute Abend: um 180\u00b0 gedreht. Wie gr\u00fcn wird der Winterurlaub der Zukunft?\u201c <\/span>weiterlesen<\/a><\/p>\n","protected":false},"author":3,"featured_media":0,"comment_status":"open","ping_status":"open","sticky":false,"template":"","format":"standard","meta":{"footnotes":""},"categories":[174,1732,80,32,549],"tags":[3782,476,6579,322],"class_list":["post-54201","post","type-post","status-publish","format-standard","hentry","category-dit-und-dat","category-freizeit","category-lokales","category-medien","category-umwelt","tag-radfahren","tag-skitourismus","tag-wandern","tag-winterberg"],"_links":{"self":[{"href":"https:\/\/www.schiebener.net\/wordpress\/wp-json\/wp\/v2\/posts\/54201","targetHints":{"allow":["GET"]}}],"collection":[{"href":"https:\/\/www.schiebener.net\/wordpress\/wp-json\/wp\/v2\/posts"}],"about":[{"href":"https:\/\/www.schiebener.net\/wordpress\/wp-json\/wp\/v2\/types\/post"}],"author":[{"embeddable":true,"href":"https:\/\/www.schiebener.net\/wordpress\/wp-json\/wp\/v2\/users\/3"}],"replies":[{"embeddable":true,"href":"https:\/\/www.schiebener.net\/wordpress\/wp-json\/wp\/v2\/comments?post=54201"}],"version-history":[{"count":0,"href":"https:\/\/www.schiebener.net\/wordpress\/wp-json\/wp\/v2\/posts\/54201\/revisions"}],"wp:attachment":[{"href":"https:\/\/www.schiebener.net\/wordpress\/wp-json\/wp\/v2\/media?parent=54201"}],"wp:term":[{"taxonomy":"category","embeddable":true,"href":"https:\/\/www.schiebener.net\/wordpress\/wp-json\/wp\/v2\/categories?post=54201"},{"taxonomy":"post_tag","embeddable":true,"href":"https:\/\/www.schiebener.net\/wordpress\/wp-json\/wp\/v2\/tags?post=54201"}],"curies":[{"name":"wp","href":"https:\/\/api.w.org\/{rel}","templated":true}]}}