{"id":54172,"date":"2023-02-08T19:28:20","date_gmt":"2023-02-08T18:28:20","guid":{"rendered":"https:\/\/www.schiebener.net\/wordpress\/?p=54172"},"modified":"2023-02-08T19:34:32","modified_gmt":"2023-02-08T18:34:32","slug":"internationale-jugendbegegnung-2023-teilnehmer-fuer-austausch-mit-israel-gesucht","status":"publish","type":"post","link":"https:\/\/www.schiebener.net\/wordpress\/internationale-jugendbegegnung-2023-teilnehmer-fuer-austausch-mit-israel-gesucht\/","title":{"rendered":"Internationale Jugendbegegnung 2023: Teilnehmer f\u00fcr Austausch mit Israel gesucht"},"content":{"rendered":"<div class=\"wp-block-image\">\n<figure class=\"aligncenter size-full is-resized\"><a href=\"https:\/\/www.schiebener.net\/wordpress\/wp-content\/uploads\/2023\/02\/2023020801IsraelKlein.jpg\" target=\"_blank\" rel=\"noreferrer noopener\"><img decoding=\"async\" src=\"https:\/\/www.schiebener.net\/wordpress\/wp-content\/uploads\/2023\/02\/2023020801IsraelKlein.jpg\" alt=\"\" class=\"wp-image-54173\" width=\"700\" srcset=\"https:\/\/www.schiebener.net\/wordpress\/wp-content\/uploads\/2023\/02\/2023020801IsraelKlein.jpg 1024w, https:\/\/www.schiebener.net\/wordpress\/wp-content\/uploads\/2023\/02\/2023020801IsraelKlein-300x225.jpg 300w, https:\/\/www.schiebener.net\/wordpress\/wp-content\/uploads\/2023\/02\/2023020801IsraelKlein-768x576.jpg 768w\" sizes=\"(max-width: 709px) 85vw, (max-width: 909px) 67vw, (max-width: 1362px) 62vw, 840px\" \/><\/a><figcaption class=\"wp-element-caption\">Jugendliche eines fr\u00fcheren Austauschs vor der St. Peter Kirche in Jaffa. (Foto: HSK)<\/figcaption><\/figure>\n<\/div>\n\n\n<p><strong>Bereits seit 1969 besuchen junge Menschen aus dem Hochsauerlandkreis Israel bzw. die Stadt Jerusalem und auch umgekehrt. Jugendliche zwischen 15 und 17 Jahren aus dem Kreisgebiet haben die einzigartige M\u00f6glichkeit, Land, Leute und Kultur bei einem zw\u00f6lft\u00e4gigen Besuch vor Ort kennenzulernen. Im Gegenzug wird eine israelische Jugendgruppe hier im Sauerland begr\u00fc\u00dft. <\/strong><\/p>\n\n\n\n<p><em>(Pressemitteilung HSK)<\/em><\/p>\n\n\n\n<p>In diesem Jahr ist der Besuch der israelischen Gruppe im HSK vom 17. bis zum 28. Juli vorgesehen und die deutschen Teilnehmerinnen und Teilnehmer reisen am 27. Dezember 2023 f\u00fcr zw\u00f6lf Tage in den Nahen Osten, nach Jerusalem.<\/p>\n\n\n\n<p>Unter der Leitung der Mitarbeiterinnen und Mitarbeiter des Kreisjugendamtes werden bei dem Jugendaustausch nicht nur neue Freundschaften gekn\u00fcpft, sondern auch kulturelle und historische H\u00f6hepunkte in beiden L\u00e4ndern besucht. In Deutschland steht u.a. ein Besuch der Hauptstadt mit auf dem Programm. Insbesondere aufgrund der schwierigen Geschichte der beiden L\u00e4nder sind diese Begegnungen ein wichtiger Baustein des Kreises zur V\u00f6lkerverst\u00e4ndigung und auch politischen Bildung junger Menschen.<\/p>\n\n\n<div class=\"wp-block-image\">\n<figure class=\"aligncenter size-full is-resized\"><a href=\"https:\/\/www.schiebener.net\/wordpress\/wp-content\/uploads\/2023\/02\/2023020802IsraelKlein.jpg\" target=\"_blank\" rel=\"noreferrer noopener\"><img decoding=\"async\" src=\"https:\/\/www.schiebener.net\/wordpress\/wp-content\/uploads\/2023\/02\/2023020802IsraelKlein.jpg\" alt=\"\" class=\"wp-image-54174\" width=\"700\" srcset=\"https:\/\/www.schiebener.net\/wordpress\/wp-content\/uploads\/2023\/02\/2023020802IsraelKlein.jpg 1024w, https:\/\/www.schiebener.net\/wordpress\/wp-content\/uploads\/2023\/02\/2023020802IsraelKlein-300x225.jpg 300w, https:\/\/www.schiebener.net\/wordpress\/wp-content\/uploads\/2023\/02\/2023020802IsraelKlein-768x576.jpg 768w\" sizes=\"(max-width: 709px) 85vw, (max-width: 909px) 67vw, (max-width: 1362px) 62vw, 840px\" \/><\/a><figcaption class=\"wp-element-caption\">Vor dem Felsendom in Jerusalem (Foto: HSK)<\/figcaption><\/figure>\n<\/div>\n\n\n<p>Kreisjugendreferent Christian Schulte-Backhaus wei\u00df aus den letzten Jahren zu berichten, wie eindrucksvoll die Begegnungen sind: &#8222;Wenn die Teilnehmerinnen und Teilnehmer unserer bisherigen Reisen beispielsweise die Holocaust-Gedenkst\u00e4tte Yad Vashem besuchen, ist die bedr\u00fcckte Stimmung immer sehr deutlich zu sp\u00fcren. Ich denke, dass die Erinnerung und auch das Erleben vor Ort sowie der Austausch mit unseren israelischen Freunden sehr wichtig f\u00fcr die Entwicklung der Jugendlichen sind.&#8220; Allerdings stehen auch der Spa\u00df und das Besichtigen von eher touristisch gepr\u00e4gten Orten auf der Agenda der Reisen, berichtet Schulte-Backhaus.<\/p>\n\n\n\n<p>Bei Vor- und Nachbereitungstreffen mit den Verantwortlichen des Kreisjugendamtes werden die teilnehmenden Jugendlichen intensiv auf die Begegnungen vorbereitet. Und auch das Thema Sicherheit, aufgrund der angespannten politischen Lage in Israel, wird ausf\u00fchrlich mit den Eltern besprochen.<\/p>\n\n\n\n<p>&#8212;&#8212;&#8212;&#8212;&#8212;&#8212;&#8212;&#8211;<\/p>\n\n\n\n<p><em>Weitere Informationen zu den Abl\u00e4ufen und dem Programm und auch die M\u00f6glichkeiten zur Anmeldung sind auf der Internetseite des Hochsauerlandkreises und auf der speziell eingerichteten Seite des Kreisjugendamtes nachzulesen: <a rel=\"noreferrer noopener\" href=\"http:\/\/www.young-hsk.de\/israel2023\" target=\"_blank\">www.young-hsk.de\/israel2023<\/a>.<\/em><\/p>\n","protected":false},"excerpt":{"rendered":"<p>Bereits seit 1969 besuchen junge Menschen aus dem Hochsauerlandkreis Israel bzw. die Stadt Jerusalem und auch umgekehrt. Jugendliche zwischen 15 und 17 Jahren aus dem Kreisgebiet haben die einzigartige M\u00f6glichkeit, &hellip; <a href=\"https:\/\/www.schiebener.net\/wordpress\/internationale-jugendbegegnung-2023-teilnehmer-fuer-austausch-mit-israel-gesucht\/\" class=\"more-link\"><span class=\"screen-reader-text\">\u201eInternationale Jugendbegegnung 2023: Teilnehmer f\u00fcr Austausch mit Israel gesucht\u201c <\/span>weiterlesen<\/a><\/p>\n","protected":false},"author":3,"featured_media":0,"comment_status":"open","ping_status":"open","sticky":false,"template":"","format":"standard","meta":{"footnotes":""},"categories":[3,303,80,1043,2729],"tags":[2749,835,1418],"class_list":["post-54172","post","type-post","status-publish","format-standard","hentry","category-bildung-und-schule","category-in-unserem-briefkasten","category-lokales","category-pressemitteilungen","category-reisen","tag-austausch","tag-hochsauerlandkreis","tag-israel"],"_links":{"self":[{"href":"https:\/\/www.schiebener.net\/wordpress\/wp-json\/wp\/v2\/posts\/54172","targetHints":{"allow":["GET"]}}],"collection":[{"href":"https:\/\/www.schiebener.net\/wordpress\/wp-json\/wp\/v2\/posts"}],"about":[{"href":"https:\/\/www.schiebener.net\/wordpress\/wp-json\/wp\/v2\/types\/post"}],"author":[{"embeddable":true,"href":"https:\/\/www.schiebener.net\/wordpress\/wp-json\/wp\/v2\/users\/3"}],"replies":[{"embeddable":true,"href":"https:\/\/www.schiebener.net\/wordpress\/wp-json\/wp\/v2\/comments?post=54172"}],"version-history":[{"count":0,"href":"https:\/\/www.schiebener.net\/wordpress\/wp-json\/wp\/v2\/posts\/54172\/revisions"}],"wp:attachment":[{"href":"https:\/\/www.schiebener.net\/wordpress\/wp-json\/wp\/v2\/media?parent=54172"}],"wp:term":[{"taxonomy":"category","embeddable":true,"href":"https:\/\/www.schiebener.net\/wordpress\/wp-json\/wp\/v2\/categories?post=54172"},{"taxonomy":"post_tag","embeddable":true,"href":"https:\/\/www.schiebener.net\/wordpress\/wp-json\/wp\/v2\/tags?post=54172"}],"curies":[{"name":"wp","href":"https:\/\/api.w.org\/{rel}","templated":true}]}}