{"id":54161,"date":"2023-02-06T18:32:21","date_gmt":"2023-02-06T17:32:21","guid":{"rendered":"https:\/\/www.schiebener.net\/wordpress\/?p=54161"},"modified":"2023-02-06T18:32:21","modified_gmt":"2023-02-06T17:32:21","slug":"untere-naturschutzbehoerde-informiert-schonzeit-fuer-heckenschnitte-beachten","status":"publish","type":"post","link":"https:\/\/www.schiebener.net\/wordpress\/untere-naturschutzbehoerde-informiert-schonzeit-fuer-heckenschnitte-beachten\/","title":{"rendered":"Untere Naturschutzbeh\u00f6rde informiert: Schonzeit f\u00fcr Heckenschnitte beachten"},"content":{"rendered":"<div class=\"wp-block-image\">\n<figure class=\"aligncenter size-full is-resized\"><img loading=\"lazy\" decoding=\"async\" src=\"https:\/\/www.schiebener.net\/wordpress\/wp-content\/uploads\/2020\/07\/Heckenschnitt02.jpg\" alt=\"\" class=\"wp-image-46933\" width=\"699\" height=\"418\"\/><figcaption class=\"wp-element-caption\">Hier wegen der Verkehrssicherheit erlaubt: Heckenschnitt im Sommer (archivfoto: spd winterberg) [1]<\/figcaption><\/figure>\n<\/div>\n\n\n<p><strong>Wuchernde Hecken und Str\u00e4ucher k\u00f6nnen Hobbyg\u00e4rtnern und Landwirten ein Dorn im Auge sein. Wer aber mit dem Winterschnitt noch nicht fertig ist, sollte sich damit jetzt beeilen. <\/strong><br><br><em>(Presssemitteilung HSK)<\/em><br><br>Denn vom 1. M\u00e4rz bis 30. September gilt nach dem Bundesnaturschutzgesetz ein allgemeines Verbot f\u00fcr diese Ma\u00dfnahmen. In diesem Zeitraum d\u00fcrfen Hecken und Geb\u00fcsche sowie B\u00e4ume nicht abgeschnitten, gerodet oder \u201eauf den Stock gesetzt\u201c werden. Darauf wei\u00dft die Untere Naturschutzbeh\u00f6rde des Hochsauerlandkreises hin.<\/p>\n\n\n\n<p>Zul\u00e4ssig sind jedoch schonende Form- und Pflegeschnitte zur Beseitigung des Zuwachses der Pflanzen oder zur Gesunderhaltung von B\u00e4umen. Weitere Informationen finden Interessierte auf der Internetseite des Hochsauerlandkreises unter <a rel=\"noreferrer noopener\" href=\"http:\/\/www.hochsauerlandkreis.de\" target=\"_blank\">www.hochsauerlandkreis.de<\/a><\/p>\n\n\n\n<p>&#8212;&#8212;&#8212;&#8212;&#8212;&#8212;&#8211;<\/p>\n\n\n\n<p><em>[1] Das Foto aus Z\u00fcschen habe ich diesem Beitrag von Juli 2020 entnommen:<br><a rel=\"noreferrer noopener\" href=\"https:\/\/www.schiebener.net\/wordpress\/die-spd-greift-zur-schere-und-stutzt-die-hecke-an-der-b-236-in-zueschen\/\" target=\"_blank\">https:\/\/www.schiebener.net\/wordpress\/die-spd-greift-zur-schere-und-stutzt-die-hecke-an-der-b-236-in-zueschen\/<\/a><\/em><\/p>\n","protected":false},"excerpt":{"rendered":"<p>Wuchernde Hecken und Str\u00e4ucher k\u00f6nnen Hobbyg\u00e4rtnern und Landwirten ein Dorn im Auge sein. Wer aber mit dem Winterschnitt noch nicht fertig ist, sollte sich damit jetzt beeilen. (Presssemitteilung HSK) Denn &hellip; <a href=\"https:\/\/www.schiebener.net\/wordpress\/untere-naturschutzbehoerde-informiert-schonzeit-fuer-heckenschnitte-beachten\/\" class=\"more-link\"><span class=\"screen-reader-text\">\u201eUntere Naturschutzbeh\u00f6rde informiert: Schonzeit f\u00fcr Heckenschnitte beachten\u201c <\/span>weiterlesen<\/a><\/p>\n","protected":false},"author":17,"featured_media":0,"comment_status":"open","ping_status":"open","sticky":false,"template":"","format":"standard","meta":{"footnotes":""},"categories":[303,1043,549],"tags":[],"class_list":["post-54161","post","type-post","status-publish","format-standard","hentry","category-in-unserem-briefkasten","category-pressemitteilungen","category-umwelt"],"_links":{"self":[{"href":"https:\/\/www.schiebener.net\/wordpress\/wp-json\/wp\/v2\/posts\/54161","targetHints":{"allow":["GET"]}}],"collection":[{"href":"https:\/\/www.schiebener.net\/wordpress\/wp-json\/wp\/v2\/posts"}],"about":[{"href":"https:\/\/www.schiebener.net\/wordpress\/wp-json\/wp\/v2\/types\/post"}],"author":[{"embeddable":true,"href":"https:\/\/www.schiebener.net\/wordpress\/wp-json\/wp\/v2\/users\/17"}],"replies":[{"embeddable":true,"href":"https:\/\/www.schiebener.net\/wordpress\/wp-json\/wp\/v2\/comments?post=54161"}],"version-history":[{"count":0,"href":"https:\/\/www.schiebener.net\/wordpress\/wp-json\/wp\/v2\/posts\/54161\/revisions"}],"wp:attachment":[{"href":"https:\/\/www.schiebener.net\/wordpress\/wp-json\/wp\/v2\/media?parent=54161"}],"wp:term":[{"taxonomy":"category","embeddable":true,"href":"https:\/\/www.schiebener.net\/wordpress\/wp-json\/wp\/v2\/categories?post=54161"},{"taxonomy":"post_tag","embeddable":true,"href":"https:\/\/www.schiebener.net\/wordpress\/wp-json\/wp\/v2\/tags?post=54161"}],"curies":[{"name":"wp","href":"https:\/\/api.w.org\/{rel}","templated":true}]}}