{"id":54143,"date":"2023-02-05T08:56:03","date_gmt":"2023-02-05T07:56:03","guid":{"rendered":"https:\/\/www.schiebener.net\/wordpress\/?p=54143"},"modified":"2023-02-05T08:56:03","modified_gmt":"2023-02-05T07:56:03","slug":"die-lage-am-morgen-trueb-und-nass","status":"publish","type":"post","link":"https:\/\/www.schiebener.net\/wordpress\/die-lage-am-morgen-trueb-und-nass\/","title":{"rendered":"Die Lage am Morgen: tr\u00fcb und nass"},"content":{"rendered":"<div class=\"wp-block-image\">\n<figure class=\"aligncenter size-full is-resized\"><a href=\"https:\/\/www.schiebener.net\/wordpress\/wp-content\/uploads\/2023\/02\/2023020501BlickAusDemFenster.jpg\" target=\"_blank\" rel=\"noreferrer noopener\"><img decoding=\"async\" src=\"https:\/\/www.schiebener.net\/wordpress\/wp-content\/uploads\/2023\/02\/2023020501BlickAusDemFenster.jpg\" alt=\"\" class=\"wp-image-54144\" width=\"697\" srcset=\"https:\/\/www.schiebener.net\/wordpress\/wp-content\/uploads\/2023\/02\/2023020501BlickAusDemFenster.jpg 1024w, https:\/\/www.schiebener.net\/wordpress\/wp-content\/uploads\/2023\/02\/2023020501BlickAusDemFenster-300x200.jpg 300w, https:\/\/www.schiebener.net\/wordpress\/wp-content\/uploads\/2023\/02\/2023020501BlickAusDemFenster-768x512.jpg 768w\" sizes=\"(max-width: 709px) 85vw, (max-width: 909px) 67vw, (max-width: 1362px) 62vw, 840px\" \/><\/a><figcaption class=\"wp-element-caption\">Der Blick aus dem Fenster ist heute Morgen stark getr\u00fcbt. (foto: zoom)<\/figcaption><\/figure>\n<\/div>\n\n\n<p><strong>Gestern Abend habe ich noch gedacht, dass ich heute eine Wanderung hoch nach Winterberg machen k\u00f6nnte, aber der Blick aus dem Fenster und vor allen Dingen auf den Regenradar h\u00e4lt mich davon ab. <\/strong><\/p>\n\n\n\n<p>Vielleicht ist noch eine kleine Runde ins Tal der Namenlose m\u00f6glich, aber es wird doch wieder alles aufs Schwimmbad hinauslaufen. Ein weiterer trauriger Februartag im kalendarischen und meteorologischen Winter[1]. Den ph\u00e4nologischen Vorfr\u00fchling habe ich  aufgrund der Schneegl\u00f6ckchenbl\u00fcte <a rel=\"noreferrer noopener\" href=\"https:\/\/www.schiebener.net\/wordpress\/der-vorfruehling-ist-da\/\" target=\"_blank\">schon eingel\u00e4utet<\/a>. Wenn das Wetter wenigstens zum Fahrradfahren reichen w\u00fcrde!<\/p>\n\n\n\n<hr class=\"wp-block-separator has-alpha-channel-opacity\"\/>\n\n\n\n<p><em>[1] Der meteorologische Fr\u00fchling beginnt stets am 1. M\u00e4rz, der kalendarische Fr\u00fchling startet in diesem Jahr am 20. M\u00e4rz um 22.24 MEZ. <\/em><\/p>\n","protected":false},"excerpt":{"rendered":"<p>Gestern Abend habe ich noch gedacht, dass ich heute eine Wanderung hoch nach Winterberg machen k\u00f6nnte, aber der Blick aus dem Fenster und vor allen Dingen auf den Regenradar h\u00e4lt &hellip; <a href=\"https:\/\/www.schiebener.net\/wordpress\/die-lage-am-morgen-trueb-und-nass\/\" class=\"more-link\"><span class=\"screen-reader-text\">\u201eDie Lage am Morgen: tr\u00fcb und nass\u201c <\/span>weiterlesen<\/a><\/p>\n","protected":false},"author":3,"featured_media":0,"comment_status":"open","ping_status":"open","sticky":false,"template":"","format":"standard","meta":{"footnotes":""},"categories":[174,1732,80,549],"tags":[384,634,343,267],"class_list":["post-54143","post","type-post","status-publish","format-standard","hentry","category-dit-und-dat","category-freizeit","category-lokales","category-umwelt","tag-fruhling","tag-regen","tag-wetter","tag-winter"],"_links":{"self":[{"href":"https:\/\/www.schiebener.net\/wordpress\/wp-json\/wp\/v2\/posts\/54143","targetHints":{"allow":["GET"]}}],"collection":[{"href":"https:\/\/www.schiebener.net\/wordpress\/wp-json\/wp\/v2\/posts"}],"about":[{"href":"https:\/\/www.schiebener.net\/wordpress\/wp-json\/wp\/v2\/types\/post"}],"author":[{"embeddable":true,"href":"https:\/\/www.schiebener.net\/wordpress\/wp-json\/wp\/v2\/users\/3"}],"replies":[{"embeddable":true,"href":"https:\/\/www.schiebener.net\/wordpress\/wp-json\/wp\/v2\/comments?post=54143"}],"version-history":[{"count":0,"href":"https:\/\/www.schiebener.net\/wordpress\/wp-json\/wp\/v2\/posts\/54143\/revisions"}],"wp:attachment":[{"href":"https:\/\/www.schiebener.net\/wordpress\/wp-json\/wp\/v2\/media?parent=54143"}],"wp:term":[{"taxonomy":"category","embeddable":true,"href":"https:\/\/www.schiebener.net\/wordpress\/wp-json\/wp\/v2\/categories?post=54143"},{"taxonomy":"post_tag","embeddable":true,"href":"https:\/\/www.schiebener.net\/wordpress\/wp-json\/wp\/v2\/tags?post=54143"}],"curies":[{"name":"wp","href":"https:\/\/api.w.org\/{rel}","templated":true}]}}