{"id":54083,"date":"2023-01-25T08:57:33","date_gmt":"2023-01-25T07:57:33","guid":{"rendered":"https:\/\/www.schiebener.net\/wordpress\/?p=54083"},"modified":"2023-01-25T08:57:33","modified_gmt":"2023-01-25T07:57:33","slug":"winternebel-auf-dem-kahlen-asten","status":"publish","type":"post","link":"https:\/\/www.schiebener.net\/wordpress\/winternebel-auf-dem-kahlen-asten\/","title":{"rendered":"Winternebel auf dem Kahlen Asten"},"content":{"rendered":"<div class=\"wp-block-image\">\n<figure class=\"aligncenter size-large\"><a href=\"https:\/\/www.schiebener.net\/wordpress\/wp-content\/uploads\/2023\/01\/2023012403KahlerAsten.jpg\" target=\"_blank\" rel=\"noreferrer noopener\"><img loading=\"lazy\" decoding=\"async\" width=\"737\" height=\"1024\" src=\"https:\/\/www.schiebener.net\/wordpress\/wp-content\/uploads\/2023\/01\/2023012403KahlerAsten-737x1024.jpg\" alt=\"\" class=\"wp-image-54084\" srcset=\"https:\/\/www.schiebener.net\/wordpress\/wp-content\/uploads\/2023\/01\/2023012403KahlerAsten-737x1024.jpg 737w, https:\/\/www.schiebener.net\/wordpress\/wp-content\/uploads\/2023\/01\/2023012403KahlerAsten-216x300.jpg 216w, https:\/\/www.schiebener.net\/wordpress\/wp-content\/uploads\/2023\/01\/2023012403KahlerAsten-768x1067.jpg 768w, https:\/\/www.schiebener.net\/wordpress\/wp-content\/uploads\/2023\/01\/2023012403KahlerAsten-1106x1536.jpg 1106w, https:\/\/www.schiebener.net\/wordpress\/wp-content\/uploads\/2023\/01\/2023012403KahlerAsten-1200x1667.jpg 1200w, https:\/\/www.schiebener.net\/wordpress\/wp-content\/uploads\/2023\/01\/2023012403KahlerAsten.jpg 1474w\" sizes=\"auto, (max-width: 709px) 85vw, (max-width: 909px) 67vw, (max-width: 984px) 61vw, (max-width: 1362px) 45vw, 600px\" \/><\/a><figcaption class=\"wp-element-caption\">Einer von vielen interessanten B\u00e4umen (foto: zoom)<\/figcaption><\/figure>\n<\/div>\n\n\n<p><strong>Der Kahle Asten ist eine weitl\u00e4ufige Kuppe, auf der man auch bei ungew\u00f6hnlichen Wetterlagen interessante Perspektiven entdecken kann; gestern nicht Sonnenuntergang oder Wolkent\u00fcrme, sondern schneebedeckte und vereiste B\u00e4ume.<\/strong> <\/p>\n\n\n\n<p>Die Luft war feucht und kalt, die Wanderwege nur zu erahnen. Dichter Nebel lag auf der Bergh\u00f6he.<\/p>\n\n\n\n<p>Eigentlich h\u00e4tte uns nach dem Spaziergang eine hei\u00dfe Schokolade gut getan, aber mit der Gastronomie hapert es auf dem bekanntesten Berg Nordrhein-Westfalens. <\/p>\n\n\n\n<p>Beim n\u00e4chsten Mal dann halt mit Thermoskanne.<\/p>\n","protected":false},"excerpt":{"rendered":"<p>Der Kahle Asten ist eine weitl\u00e4ufige Kuppe, auf der man auch bei ungew\u00f6hnlichen Wetterlagen interessante Perspektiven entdecken kann; gestern nicht Sonnenuntergang oder Wolkent\u00fcrme, sondern schneebedeckte und vereiste B\u00e4ume. Die Luft &hellip; <a href=\"https:\/\/www.schiebener.net\/wordpress\/winternebel-auf-dem-kahlen-asten\/\" class=\"more-link\"><span class=\"screen-reader-text\">\u201eWinternebel auf dem Kahlen Asten\u201c <\/span>weiterlesen<\/a><\/p>\n","protected":false},"author":3,"featured_media":0,"comment_status":"open","ping_status":"open","sticky":false,"template":"","format":"standard","meta":{"footnotes":""},"categories":[174,1732,80],"tags":[1058,2938,322],"class_list":["post-54083","post","type-post","status-publish","format-standard","hentry","category-dit-und-dat","category-freizeit","category-lokales","tag-kahler-asten","tag-spaziergang","tag-winterberg"],"_links":{"self":[{"href":"https:\/\/www.schiebener.net\/wordpress\/wp-json\/wp\/v2\/posts\/54083","targetHints":{"allow":["GET"]}}],"collection":[{"href":"https:\/\/www.schiebener.net\/wordpress\/wp-json\/wp\/v2\/posts"}],"about":[{"href":"https:\/\/www.schiebener.net\/wordpress\/wp-json\/wp\/v2\/types\/post"}],"author":[{"embeddable":true,"href":"https:\/\/www.schiebener.net\/wordpress\/wp-json\/wp\/v2\/users\/3"}],"replies":[{"embeddable":true,"href":"https:\/\/www.schiebener.net\/wordpress\/wp-json\/wp\/v2\/comments?post=54083"}],"version-history":[{"count":0,"href":"https:\/\/www.schiebener.net\/wordpress\/wp-json\/wp\/v2\/posts\/54083\/revisions"}],"wp:attachment":[{"href":"https:\/\/www.schiebener.net\/wordpress\/wp-json\/wp\/v2\/media?parent=54083"}],"wp:term":[{"taxonomy":"category","embeddable":true,"href":"https:\/\/www.schiebener.net\/wordpress\/wp-json\/wp\/v2\/categories?post=54083"},{"taxonomy":"post_tag","embeddable":true,"href":"https:\/\/www.schiebener.net\/wordpress\/wp-json\/wp\/v2\/tags?post=54083"}],"curies":[{"name":"wp","href":"https:\/\/api.w.org\/{rel}","templated":true}]}}