{"id":54023,"date":"2023-01-14T08:11:20","date_gmt":"2023-01-14T07:11:20","guid":{"rendered":"https:\/\/www.schiebener.net\/wordpress\/?p=54023"},"modified":"2023-01-14T08:18:54","modified_gmt":"2023-01-14T07:18:54","slug":"vortrag-krieg-gegen-das-eigene-volk-arbeitskreis-dorfgeschichte-vosswinkel-zu-gast-im-sauerland-museum","status":"publish","type":"post","link":"https:\/\/www.schiebener.net\/wordpress\/vortrag-krieg-gegen-das-eigene-volk-arbeitskreis-dorfgeschichte-vosswinkel-zu-gast-im-sauerland-museum\/","title":{"rendered":"Vortrag \u201eKrieg gegen das eigene Volk\u201c &#8211; \u201eArbeitskreis Dorfgeschichte Vo\u00dfwinkel\u201c zu Gast im Sauerland-Museum"},"content":{"rendered":"\n<p><strong>Unter dem Motto &#8222;Brennpunkt Heimat&#8220; l\u00e4dt das Sauerland-Museum die verschiedenen Heimatvereine aus dem Hochsauerlandkreis ein, ihre Arbeit in einer Vortragsreihe vorzustellen. In der n\u00e4chsten Folge gastiert der \u201eArbeitskreis Dorfgeschichte Vo\u00dfwinkel\u201c im Blauen Haus des Museums.<\/strong><\/p>\n\n\n\n<p><em>(Pressemitteilung HSK)<\/em><\/p>\n\n\n\n<p>Mord und Zwangssterilisationen hat es in der Zeit des Nationalsozialismus nicht nur in gr\u00f6\u00dferen St\u00e4dten, sondern auch im l\u00e4ndlichen Sauerland gegeben. So auch in Arnsberg-Vo\u00dfwinkel. Diese Opfer der nationalsozialistischen Gewaltherrschaft, die im Rahmen der \u201eEuthanasie\u201c ermordet wurden oder denen durch Zwangssterilisation gro\u00dfes Leid zugef\u00fcgt wurde, werden meistens vergessen. In vielen Familien war das auch lange Zeit ein Tabu-Thema, in manchen Familien wirkt dieses Trauma bis heute nach.<\/p>\n\n\n\n<p>Durch die \u00dcbergabe der \u201eEuthanasieakte\u201c durch Angeh\u00f6rige einer betroffenen Familie fanden sich Ansatzpunkte f\u00fcr umfangreiche Recherchen. Erstaunt waren die Mitarbeiter des Arbeitskreises, wie viele Familien im Ort von den wahnsinnigen Vorstellungen der Nazis zu \u201eErbgesundheit und Rassenhygiene\u201c betroffen waren.&nbsp;<\/p>\n\n\n\n<p>Am 30. Januar 1933 ernannte Reichspr\u00e4sident von Hindenburg Adolf Hitler zum Reichskanzler. Dies f\u00fchrte zu einer r\u00fccksichtslosen Aush\u00f6hlung des demokratischen Systems und der diktatorischen Macht\u00fcbernahme durch die NSDAP im Zuge der bereits unfreien Reichstagswahlen vom 5. M\u00e4rz 1933 und des Erm\u00e4chtigungsgesetzes vom 23. M\u00e4rz 1933, das die verfassungsm\u00e4\u00dfig garantierten Freiheiten aufhob, f\u00fchrte.<\/p>\n\n\n\n<p>Zeitlich passend zu diesem 90. Jahrestag pr\u00e4sentiert der Arbeitskreis seine Forschungsergebnisse im Sauerland-Museum.<\/p>\n\n\n\n<p>F\u00fcr diese umfangreiche Arbeit haben die Ehrenamtlichen aus Vo\u00dfwinkel den ersten Platz beim Heimatpreis 2022 der Stadt Arnsberg belegt. B\u00fcrgermeister Ralf Paul Bittner hat die Schirmherrschaft \u00fcbernommen und wird im Blauen Haus eine Einf\u00fchrung in das Projekt geben.<\/p>\n\n\n\n<p>Der Vortrag findet <strong>am Dienstag, den 31. Januar 2023 um 18 Uhr im Blauen Haus des Sauerland-Museums<\/strong> (Alter Markt 30) statt. <strong>Der Eintritt ist frei.<\/strong><br><br>Weitere Informationen und Anmeldungen telefonisch unter 02931\/94-4444, per E-Mail an <a href=\"javascript:linkTo_UnCryptMailto(%27nbjmup%2BtbvfsmboenvtfvnAipditbvfsmboelsfjt%5C%2Fef%27);\">sauerlandmuseum(at)hochsauerlandkreis.de<\/a> oder auf der Homepage <a href=\"http:\/\/www.sauerland-museum.de\" target=\"_blank\" rel=\"noreferrer noopener\">www.sauerland-museum.de<\/a><\/p>\n","protected":false},"excerpt":{"rendered":"<p>Unter dem Motto &#8222;Brennpunkt Heimat&#8220; l\u00e4dt das Sauerland-Museum die verschiedenen Heimatvereine aus dem Hochsauerlandkreis ein, ihre Arbeit in einer Vortragsreihe vorzustellen. In der n\u00e4chsten Folge gastiert der \u201eArbeitskreis Dorfgeschichte Vo\u00dfwinkel\u201c &hellip; <a href=\"https:\/\/www.schiebener.net\/wordpress\/vortrag-krieg-gegen-das-eigene-volk-arbeitskreis-dorfgeschichte-vosswinkel-zu-gast-im-sauerland-museum\/\" class=\"more-link\"><span class=\"screen-reader-text\">\u201eVortrag \u201eKrieg gegen das eigene Volk\u201c &#8211; \u201eArbeitskreis Dorfgeschichte Vo\u00dfwinkel\u201c zu Gast im Sauerland-Museum\u201c <\/span>weiterlesen<\/a><\/p>\n","protected":false},"author":17,"featured_media":0,"comment_status":"open","ping_status":"open","sticky":false,"template":"","format":"standard","meta":{"footnotes":""},"categories":[319,303,80,7507,1043],"tags":[1943],"class_list":["post-54023","post","type-post","status-publish","format-standard","hentry","category-geschichte","category-in-unserem-briefkasten","category-lokales","category-nationalsozialismus","category-pressemitteilungen","tag-sauerlandmuseum"],"_links":{"self":[{"href":"https:\/\/www.schiebener.net\/wordpress\/wp-json\/wp\/v2\/posts\/54023","targetHints":{"allow":["GET"]}}],"collection":[{"href":"https:\/\/www.schiebener.net\/wordpress\/wp-json\/wp\/v2\/posts"}],"about":[{"href":"https:\/\/www.schiebener.net\/wordpress\/wp-json\/wp\/v2\/types\/post"}],"author":[{"embeddable":true,"href":"https:\/\/www.schiebener.net\/wordpress\/wp-json\/wp\/v2\/users\/17"}],"replies":[{"embeddable":true,"href":"https:\/\/www.schiebener.net\/wordpress\/wp-json\/wp\/v2\/comments?post=54023"}],"version-history":[{"count":0,"href":"https:\/\/www.schiebener.net\/wordpress\/wp-json\/wp\/v2\/posts\/54023\/revisions"}],"wp:attachment":[{"href":"https:\/\/www.schiebener.net\/wordpress\/wp-json\/wp\/v2\/media?parent=54023"}],"wp:term":[{"taxonomy":"category","embeddable":true,"href":"https:\/\/www.schiebener.net\/wordpress\/wp-json\/wp\/v2\/categories?post=54023"},{"taxonomy":"post_tag","embeddable":true,"href":"https:\/\/www.schiebener.net\/wordpress\/wp-json\/wp\/v2\/tags?post=54023"}],"curies":[{"name":"wp","href":"https:\/\/api.w.org\/{rel}","templated":true}]}}