{"id":53991,"date":"2023-01-10T11:32:23","date_gmt":"2023-01-10T10:32:23","guid":{"rendered":"https:\/\/www.schiebener.net\/wordpress\/?p=53991"},"modified":"2023-01-10T11:39:08","modified_gmt":"2023-01-10T10:39:08","slug":"das-wetter-radfahren-buecher-und-pilze","status":"publish","type":"post","link":"https:\/\/www.schiebener.net\/wordpress\/das-wetter-radfahren-buecher-und-pilze\/","title":{"rendered":"Das Wetter: Radfahren, B\u00fccher und Pilze"},"content":{"rendered":"<div class=\"wp-block-image\">\n<figure class=\"aligncenter size-large is-resized\"><a href=\"https:\/\/www.schiebener.net\/wordpress\/wp-content\/uploads\/2023\/01\/2023010701RadtourGevOls.jpg\" target=\"_blank\" rel=\"noreferrer noopener\"><img decoding=\"async\" src=\"https:\/\/www.schiebener.net\/wordpress\/wp-content\/uploads\/2023\/01\/2023010701RadtourGevOls-768x1024.jpg\" alt=\"\" class=\"wp-image-53992\" width=\"700\" srcset=\"https:\/\/www.schiebener.net\/wordpress\/wp-content\/uploads\/2023\/01\/2023010701RadtourGevOls-768x1025.jpg 768w, https:\/\/www.schiebener.net\/wordpress\/wp-content\/uploads\/2023\/01\/2023010701RadtourGevOls-225x300.jpg 225w, https:\/\/www.schiebener.net\/wordpress\/wp-content\/uploads\/2023\/01\/2023010701RadtourGevOls-1151x1536.jpg 1151w, https:\/\/www.schiebener.net\/wordpress\/wp-content\/uploads\/2023\/01\/2023010701RadtourGevOls-1200x1601.jpg 1200w, https:\/\/www.schiebener.net\/wordpress\/wp-content\/uploads\/2023\/01\/2023010701RadtourGevOls.jpg 1535w\" sizes=\"(max-width: 709px) 85vw, (max-width: 909px) 67vw, (max-width: 984px) 61vw, (max-width: 1362px) 45vw, 600px\" \/><\/a><figcaption class=\"wp-element-caption\">Blickrichtung Olsberg: Die erste Radtour im Jahr 2023. (foto: zoom)<\/figcaption><\/figure>\n<\/div>\n\n\n<p><strong>Das neue Jahr 2023 beginnt mit Zeitmangel, was man auch an der Zahl der Eintr\u00e4ge hier im Blog sehen kann. Dabei g\u00e4be es gerade im Hochsauerland viel zu beschreiben: die verkorkste Ski-Saison, die mangelnde Diskussion \u00fcber die Zukunft des Tourismus im Sauerland, das unerm\u00fcdliche Festhalten Winterbergs am Boykott der Energiewende, das Sterben der W\u00e4lder, die kahlen Berge&#8230;<\/strong><\/p>\n\n\n\n<p>Ich schiebe das alles weg, lese B\u00fccher, besuche Museen, belege Online-Kurse und springe aufs Fahrrad, sobald das Wetter es erlaubt.<br><br>Saisoner\u00f6ffnung am 7. Januar 2023. Ein sonniger, aber leider viel zu kurzer, f\u00fcr den Januar zu warmer Samstag. Eine Runde \u00fcber Altenfeld, Elpe, Gevelinghausen, Olsberg, Wulmeringhausen und Brunskappel zur\u00fcck nach Siedlinghausen. Die Stra\u00dfen waren wenig befahren, die wenigen Radwege frei von Schnee und Matsch. Fast alle Autofahrenden haben mich vern\u00fcnftig \u00fcberholt, bis auf diesen einen Heini, der mich mit seiner schwarzen, flachen Flunder, Modell flotte Oberklasse, in den Gegenverkehr hinein \u00fcberholte, dabei kaum Abstand hielt und mich beim Einscheren schnitt, um auf der schmalen Landstra\u00dfe nicht mit dem entgegenkommenden Fahrzeug zusammmenzusto\u00dfen. Ein paar Sekunden hinter mir, dem verletzlichen Radfahrer, warten, ist anscheinend zu viel verlangt.<\/p>\n\n\n\n<p>In solchen Momenten schie\u00dft der \u00c4rger \u00fcber das schlechte Radwegenetz im Hochsauerland hoch. Ich meine damit Radwege f\u00fcr den Alltag, sichere, asphaltierte oder zumindest gut gepflegte, vom Autoverkehr getrennte Wege. Ich wiederhole mich.<\/p>\n\n\n\n<p>Der einzig nennenswerte Fortschritt in der Zeit meiner 25 Sauerl\u00e4nder Jahre ist der Bahntrassenradweg zwischen Winterberg und Hallenberg. Ich nutze ihn sehr h\u00e4ufig, aber dazu muss ich erst einmal von Siedlinghausen nach Winterberg kommen.<\/p>\n\n\n\n<p>Der 7. Januar war vielleicht der letzte sonnige Wintertag. Es herrschte tr\u00fcbes, feuchtes Wetter wie ich es als Kind am Niederrhein erlebt habe. Wir sind dort auch bei miesem Wetter Rad gefahren, weil man es einfach konnte: asphaltierte Radwege. Klar, flach ist es dort, anders als im Hochsauerland, aber mit dem Aufkommen der E-Bikes erledigen sich die Anstiege. Ein Hoch auf den technischen Fortschritt.<\/p>\n\n\n\n<p>Regen, Matsch und Nebel. Ich habe gerade den Krimi <em>The Lamplighters<\/em> von Emma Stonex gelesen. Das Buch hat sehr gute Kritiken, aber das hat mir nicht geholfen. Es ist mir schwer gefallen, in diesem Puzzle aus inneren Monologen die Spur zu halten: die metaphorische \u00dcberladung der Leuchtt\u00fcrme mit allen m\u00f6glichen menschlichen Problemen, die ausufernden Naturbeschreibungen und am Ende die slapstickartige L\u00f6sung der Frage nach dem spurlosen Verschwinden dreier Leuchtturmw\u00e4rter. Ich schlie\u00dfe mich den euphorischen Rezensionen nicht an und gehe spazieren.<\/p>\n\n\n<div class=\"wp-block-image\">\n<figure class=\"aligncenter size-large is-resized\"><img decoding=\"async\" src=\"https:\/\/www.schiebener.net\/wordpress\/wp-content\/uploads\/2023\/01\/2023010901SilbachPilze-1024x630.jpg\" alt=\"\" class=\"wp-image-53993\" width=\"700\" srcset=\"https:\/\/www.schiebener.net\/wordpress\/wp-content\/uploads\/2023\/01\/2023010901SilbachPilze-1024x630.jpg 1024w, https:\/\/www.schiebener.net\/wordpress\/wp-content\/uploads\/2023\/01\/2023010901SilbachPilze-300x184.jpg 300w, https:\/\/www.schiebener.net\/wordpress\/wp-content\/uploads\/2023\/01\/2023010901SilbachPilze-768x472.jpg 768w, https:\/\/www.schiebener.net\/wordpress\/wp-content\/uploads\/2023\/01\/2023010901SilbachPilze-1536x944.jpg 1536w, https:\/\/www.schiebener.net\/wordpress\/wp-content\/uploads\/2023\/01\/2023010901SilbachPilze-1200x738.jpg 1200w, https:\/\/www.schiebener.net\/wordpress\/wp-content\/uploads\/2023\/01\/2023010901SilbachPilze.jpg 2048w\" sizes=\"(max-width: 709px) 85vw, (max-width: 909px) 67vw, (max-width: 1362px) 62vw, 840px\" \/><figcaption class=\"wp-element-caption\">Pilze statt einer Schneedecke bei Silbach (foto: zoom)<\/figcaption><\/figure>\n<\/div>\n\n\n<p>Pilze bedecken die Wiese am Sportplatz in Silbach. Ein Herbstspaziergang im Winter. Frische Luft. Entspannung. Ich freue mich auf das n\u00e4chste Buch. Es liegt neben mir: <em>They Knew<\/em>, von Sarah Kendzior. <\/p>\n","protected":false},"excerpt":{"rendered":"<p>Das neue Jahr 2023 beginnt mit Zeitmangel, was man auch an der Zahl der Eintr\u00e4ge hier im Blog sehen kann. Dabei g\u00e4be es gerade im Hochsauerland viel zu beschreiben: die &hellip; <a href=\"https:\/\/www.schiebener.net\/wordpress\/das-wetter-radfahren-buecher-und-pilze\/\" class=\"more-link\"><span class=\"screen-reader-text\">\u201eDas Wetter: Radfahren, B\u00fccher und Pilze\u201c <\/span>weiterlesen<\/a><\/p>\n","protected":false},"author":3,"featured_media":0,"comment_status":"open","ping_status":"open","sticky":false,"template":"","format":"standard","meta":{"footnotes":""},"categories":[218,174,1732,2489,8406,80,549,618],"tags":[110,6832],"class_list":["post-53991","post","type-post","status-publish","format-standard","hentry","category-bucher","category-dit-und-dat","category-freizeit","category-in-eigener-sache","category-klimakrise","category-lokales","category-umwelt","category-verkehr","tag-fahrrad","tag-radtouren"],"_links":{"self":[{"href":"https:\/\/www.schiebener.net\/wordpress\/wp-json\/wp\/v2\/posts\/53991","targetHints":{"allow":["GET"]}}],"collection":[{"href":"https:\/\/www.schiebener.net\/wordpress\/wp-json\/wp\/v2\/posts"}],"about":[{"href":"https:\/\/www.schiebener.net\/wordpress\/wp-json\/wp\/v2\/types\/post"}],"author":[{"embeddable":true,"href":"https:\/\/www.schiebener.net\/wordpress\/wp-json\/wp\/v2\/users\/3"}],"replies":[{"embeddable":true,"href":"https:\/\/www.schiebener.net\/wordpress\/wp-json\/wp\/v2\/comments?post=53991"}],"version-history":[{"count":0,"href":"https:\/\/www.schiebener.net\/wordpress\/wp-json\/wp\/v2\/posts\/53991\/revisions"}],"wp:attachment":[{"href":"https:\/\/www.schiebener.net\/wordpress\/wp-json\/wp\/v2\/media?parent=53991"}],"wp:term":[{"taxonomy":"category","embeddable":true,"href":"https:\/\/www.schiebener.net\/wordpress\/wp-json\/wp\/v2\/categories?post=53991"},{"taxonomy":"post_tag","embeddable":true,"href":"https:\/\/www.schiebener.net\/wordpress\/wp-json\/wp\/v2\/tags?post=53991"}],"curies":[{"name":"wp","href":"https:\/\/api.w.org\/{rel}","templated":true}]}}