{"id":5395,"date":"2009-10-29T16:08:31","date_gmt":"2009-10-29T15:08:31","guid":{"rendered":"http:\/\/www.schiebener.net\/wordpress\/?p=5395"},"modified":"2009-10-29T16:08:31","modified_gmt":"2009-10-29T15:08:31","slug":"hochsauerland-brisantes-thema-im-kreistag-fluchtlinge-und-bleiberecht","status":"publish","type":"post","link":"https:\/\/www.schiebener.net\/wordpress\/hochsauerland-brisantes-thema-im-kreistag-fluchtlinge-und-bleiberecht\/","title":{"rendered":"Hochsauerland: Brisantes Thema im Kreistag &#8211; Fl\u00fcchtlinge und Bleiberecht"},"content":{"rendered":"<p><img loading=\"lazy\" decoding=\"async\" class=\"alignleft size-full wp-image-2182\" src=\"http:\/\/www.schiebener.net\/wordpress\/wp-content\/uploads\/2009\/02\/lt_briefkasten01.jpg\" alt=\"\" width=\"120\" height=\"91\" \/>Wie schon <a href=\"http:\/\/www.schiebener.net\/wordpress\/?s=Fl%C3%BCchtlinge\" target=\"_blank\">mehrmals berichtetet<\/a>, droht vielen unserer Mitb\u00fcrgerinnen und Mitb\u00fcrgern die Abschiebung. Betroffen sind vor allem die Menschen, die bis zum 31.12.2009 unter die sogenannte Bleiberechtsregelung fallen und besonders Fl\u00fcchtlinge aus dem ehemaligen Jugoslawien, die ethnischen Minderheiten angeh\u00f6ren.<\/p>\n<p>Kirchen, Sozialverb\u00e4nde, zahlreiche Politiker und sogar einige benachbarte Landkreise wie der Kreis Soest fordern mittlerweile eine Verl\u00e4ngerung der Bleiberechtsregelung.<\/p>\n<p>Die Kreistagsfraktion Sauerl\u00e4nder B\u00fcrgerliste beantragte k\u00fcrzlich beim Landrat, der HSK solle sich der Forderung des Soester Kreistags nach Verl\u00e4ngerung der Bleiberechtsregelung anschlie\u00dfen.<\/p>\n<p>In der konstituierenden Sitzung des Kreistags des HSK am 6. November soll \u00fcber die Resolution abgestimmt werden. Der Beschlussvorschlag der Verwaltung lautet: \u00e2\u20ac\u017eDer Kreistag nimmt die Ausf\u00fchrungen der SBL zur Kenntnis; er spricht sich gegen eine Resolution aus&#8220;.<\/p>\n<p>Genauso ergeht es einer zweiten Resolution der SBL-Fraktion zur Abschiebung der Kosovo-Roma und anderer ethnischer Minderheiten. Der Beschlussvorschlag der Verwaltung empfiehlt die Ablehnung.<\/p>\n<p>Die SBL-Fraktion hofft nun, dass die Mitglieder der 5 im Kreistag vertretenen Fraktionen, doch im Sinne der von Abschiebung bedrohten Kinder, Frauen und M\u00e4nner entscheiden und sich trotz anderslautender Beschlussempfehlung f\u00fcr die Annahme beider Resolutionen aussprechen.<\/p>\n<p>Vielleicht erinnert sich der ein oder andere an die aktuelle \u00c4u\u00dferung von NRW-Integrationsminister Armin Laschet: &#8222;Wir k\u00f6nnen es uns allein aus demografischen Gr\u00fcnden nicht mehr leisten, Menschen zu verlieren&#8220;.<\/p>\n","protected":false},"excerpt":{"rendered":"<p>Wie schon mehrmals berichtetet, droht vielen unserer Mitb\u00fcrgerinnen und Mitb\u00fcrgern die Abschiebung. Betroffen sind vor allem die Menschen, die bis zum 31.12.2009 unter die sogenannte Bleiberechtsregelung fallen und besonders Fl\u00fcchtlinge &hellip; <a href=\"https:\/\/www.schiebener.net\/wordpress\/hochsauerland-brisantes-thema-im-kreistag-fluchtlinge-und-bleiberecht\/\" class=\"more-link\"><span class=\"screen-reader-text\">\u201eHochsauerland: Brisantes Thema im Kreistag &#8211; Fl\u00fcchtlinge und Bleiberecht\u201c <\/span>weiterlesen<\/a><\/p>\n","protected":false},"author":3,"featured_media":0,"comment_status":"open","ping_status":"open","sticky":false,"template":"","format":"standard","meta":{"footnotes":""},"categories":[303,80,24],"tags":[796,861,793,494],"class_list":["post-5395","post","type-post","status-publish","format-standard","hentry","category-in-unserem-briefkasten","category-lokales","category-politik","tag-abschiebung","tag-fluchtlinge","tag-kosovo","tag-kreistag-meschede"],"_links":{"self":[{"href":"https:\/\/www.schiebener.net\/wordpress\/wp-json\/wp\/v2\/posts\/5395","targetHints":{"allow":["GET"]}}],"collection":[{"href":"https:\/\/www.schiebener.net\/wordpress\/wp-json\/wp\/v2\/posts"}],"about":[{"href":"https:\/\/www.schiebener.net\/wordpress\/wp-json\/wp\/v2\/types\/post"}],"author":[{"embeddable":true,"href":"https:\/\/www.schiebener.net\/wordpress\/wp-json\/wp\/v2\/users\/3"}],"replies":[{"embeddable":true,"href":"https:\/\/www.schiebener.net\/wordpress\/wp-json\/wp\/v2\/comments?post=5395"}],"version-history":[{"count":0,"href":"https:\/\/www.schiebener.net\/wordpress\/wp-json\/wp\/v2\/posts\/5395\/revisions"}],"wp:attachment":[{"href":"https:\/\/www.schiebener.net\/wordpress\/wp-json\/wp\/v2\/media?parent=5395"}],"wp:term":[{"taxonomy":"category","embeddable":true,"href":"https:\/\/www.schiebener.net\/wordpress\/wp-json\/wp\/v2\/categories?post=5395"},{"taxonomy":"post_tag","embeddable":true,"href":"https:\/\/www.schiebener.net\/wordpress\/wp-json\/wp\/v2\/tags?post=5395"}],"curies":[{"name":"wp","href":"https:\/\/api.w.org\/{rel}","templated":true}]}}