{"id":53922,"date":"2022-12-29T21:36:13","date_gmt":"2022-12-29T20:36:13","guid":{"rendered":"https:\/\/www.schiebener.net\/wordpress\/?p=53922"},"modified":"2022-12-29T21:43:37","modified_gmt":"2022-12-29T20:43:37","slug":"kreishaushalt-hsk-wie-ein-buchhaltungstrick-akzeptabel-wurde","status":"publish","type":"post","link":"https:\/\/www.schiebener.net\/wordpress\/kreishaushalt-hsk-wie-ein-buchhaltungstrick-akzeptabel-wurde\/","title":{"rendered":"Kreishaushalt HSK: Wie ein \u201cBuchhaltungstrick\u201d akzeptabel wurde\u2026"},"content":{"rendered":"<div class=\"wp-block-image\">\n<figure class=\"aligncenter size-full is-resized\"><img decoding=\"async\" src=\"https:\/\/www.schiebener.net\/wordpress\/wp-content\/uploads\/2022\/12\/2022122901haushalt.jpg\" alt=\"\" class=\"wp-image-53925\" width=\"700\" srcset=\"https:\/\/www.schiebener.net\/wordpress\/wp-content\/uploads\/2022\/12\/2022122901haushalt.jpg 1024w, https:\/\/www.schiebener.net\/wordpress\/wp-content\/uploads\/2022\/12\/2022122901haushalt-300x300.jpg 300w, https:\/\/www.schiebener.net\/wordpress\/wp-content\/uploads\/2022\/12\/2022122901haushalt-150x150.jpg 150w, https:\/\/www.schiebener.net\/wordpress\/wp-content\/uploads\/2022\/12\/2022122901haushalt-768x768.jpg 768w\" sizes=\"(max-width: 709px) 85vw, (max-width: 909px) 67vw, (max-width: 1362px) 62vw, 840px\" \/><\/figure>\n<\/div>\n\n\n<p><strong>Am 9. Dezember 2022 hat der Kreistag den Kreishaushalt 2022 beschlossen. Erst w\u00e4hrend der Sitzung brachten CDU und FDP den (wie \u00fcblich) gemeinsamen Antrag ein, den Hebesatz f\u00fcr die Kreisumlage gegen\u00fcber dem Haushaltsentwurf um 1,22 Punkte zu senken. Vorher gab es dazu keine Sitzungsvorlage. <\/strong><\/p>\n\n\n\n<p><em>(Der Artikel ist heute <a rel=\"noreferrer noopener\" href=\"http:\/\/sbl-fraktion.de\/?p=10868\" target=\"_blank\">auf der Website der Sauerl\u00e4nder B\u00fcrgerliste<\/a> erschienen.)<\/em><\/p>\n\n\n\n<p>Die St\u00e4dte und Gemeinden waren allerdings vorher schon informiert \u2013 und selbstverst\u00e4ndlich erfreut, denn eine niedrigere Kreisumlage schont ihre Kassen. Die B\u00fcrgermeister verzichteten so ganz auf das ihnen zustehende Recht, vor dem Kreisausschuss zum Kreishaushalt Stellung zu nehmen.<\/p>\n\n\n\n<p>Was sich hier gut anh\u00f6rt, ist in Wahrheit aber eine sehr bedenkliche Aktion. Denn der Kreis hat nicht etwa seine Ausgaben gesenkt, sondern nur eine Art Schattenhaushalt gebildet. 6,1 Mio Euro wurden als sog. Finanzsch\u00e4den, die als Folgen des Ukraine-Kriegs entstanden sind, \u201cisoliert\u201d. Dazu geh\u00f6ren z.B. Verteuerungen f\u00fcr Strom uns Gas. Diese tats\u00e4chlich entstehenden Aufwendungen erscheinen damit nicht mehr in den aktuellen Ausgaben des Kreises, sondern diese Lasten sollen dann in den n\u00e4chsten (bis zu 50 !) Jahren abgetragen werden.<\/p>\n\n\n\n<p>In seiner Rede zur Einbringung des Haushaltsentwurfs fand der Landrat Ende Oktober noch ganz andere Worte. Dort bezeichnete er eine solche Isolierung als \u201cBuchhaltungstrick\u201d, mit dem \u201cheutige Belastungen \u2026 in die Zukunft verschoben werden\u201d. An dieser Ausgangslage hatte sich bis zum 9. Dezember nichts ge\u00e4ndert. Es bestand noch nicht einmal eine gesetzliche Grundlage f\u00fcr diese Lastenverschiebung.<\/p>\n\n\n\n<p>Besonders bemerkenswert: Auf Bundesebene kritisiert die CDU die Bildung von Sonderverm\u00f6gen als Umgehung der Schuldenbremse. Und im Kreis veranlasst sie genau so etwas. Bekanntlich ist der Bundestagsabgeordnete aus dem HSK auch Fraktionsvorsitzender der CDU-Bundestagsfraktion.<\/p>\n\n\n\n<p>Ganz anders verliefen die Haushaltsberatungen im s\u00fcdwestf\u00e4lischen Nachbarkreis Siegen-Wittgenstein. Dort lehnte der Kreistag am 16.12. den vom dortigen Landrat eingebrachten Haushaltsentwurf ab &#8211; nach siebenst\u00fcndiger Debatte. CDU und SPD konnten sich nicht \u00fcber die H\u00f6he der Kreisumlage einigen, und die faktische GroKo ist dort wohl beendet (das w\u00e4re auch im HSK w\u00fcnschenswert!). Dieser Kreis geht nun ohne beschlossenen Haushalt ins neue Jahr, aber wahrscheinlich gibt es dort k\u00fcnftig eine offenere Debattenkultur im Kreistag.<\/p>\n","protected":false},"excerpt":{"rendered":"<p>Am 9. Dezember 2022 hat der Kreistag den Kreishaushalt 2022 beschlossen. Erst w\u00e4hrend der Sitzung brachten CDU und FDP den (wie \u00fcblich) gemeinsamen Antrag ein, den Hebesatz f\u00fcr die Kreisumlage &hellip; <a href=\"https:\/\/www.schiebener.net\/wordpress\/kreishaushalt-hsk-wie-ein-buchhaltungstrick-akzeptabel-wurde\/\" class=\"more-link\"><span class=\"screen-reader-text\">\u201eKreishaushalt HSK: Wie ein \u201cBuchhaltungstrick\u201d akzeptabel wurde\u2026\u201c <\/span>weiterlesen<\/a><\/p>\n","protected":false},"author":17,"featured_media":0,"comment_status":"open","ping_status":"open","sticky":false,"template":"","format":"standard","meta":{"footnotes":""},"categories":[3182,80],"tags":[9080,494],"class_list":["post-53922","post","type-post","status-publish","format-standard","hentry","category-finanzen","category-lokales","tag-haushalt-2022","tag-kreistag-meschede"],"_links":{"self":[{"href":"https:\/\/www.schiebener.net\/wordpress\/wp-json\/wp\/v2\/posts\/53922","targetHints":{"allow":["GET"]}}],"collection":[{"href":"https:\/\/www.schiebener.net\/wordpress\/wp-json\/wp\/v2\/posts"}],"about":[{"href":"https:\/\/www.schiebener.net\/wordpress\/wp-json\/wp\/v2\/types\/post"}],"author":[{"embeddable":true,"href":"https:\/\/www.schiebener.net\/wordpress\/wp-json\/wp\/v2\/users\/17"}],"replies":[{"embeddable":true,"href":"https:\/\/www.schiebener.net\/wordpress\/wp-json\/wp\/v2\/comments?post=53922"}],"version-history":[{"count":0,"href":"https:\/\/www.schiebener.net\/wordpress\/wp-json\/wp\/v2\/posts\/53922\/revisions"}],"wp:attachment":[{"href":"https:\/\/www.schiebener.net\/wordpress\/wp-json\/wp\/v2\/media?parent=53922"}],"wp:term":[{"taxonomy":"category","embeddable":true,"href":"https:\/\/www.schiebener.net\/wordpress\/wp-json\/wp\/v2\/categories?post=53922"},{"taxonomy":"post_tag","embeddable":true,"href":"https:\/\/www.schiebener.net\/wordpress\/wp-json\/wp\/v2\/tags?post=53922"}],"curies":[{"name":"wp","href":"https:\/\/api.w.org\/{rel}","templated":true}]}}