{"id":53914,"date":"2022-12-26T11:47:52","date_gmt":"2022-12-26T10:47:52","guid":{"rendered":"https:\/\/www.schiebener.net\/wordpress\/?p=53914"},"modified":"2022-12-28T16:16:52","modified_gmt":"2022-12-28T15:16:52","slug":"wyk-oder-winterberg","status":"publish","type":"post","link":"https:\/\/www.schiebener.net\/wordpress\/wyk-oder-winterberg\/","title":{"rendered":"Wyk oder Winterberg?"},"content":{"rendered":"<div class=\"wp-block-image\">\n<figure class=\"aligncenter size-large is-resized\"><img decoding=\"async\" src=\"https:\/\/www.schiebener.net\/wordpress\/wp-content\/uploads\/2022\/12\/2022122503Wyk-1024x768.jpg\" alt=\"\" class=\"wp-image-53915\" width=\"698\" srcset=\"https:\/\/www.schiebener.net\/wordpress\/wp-content\/uploads\/2022\/12\/2022122503Wyk-1024x768.jpg 1024w, https:\/\/www.schiebener.net\/wordpress\/wp-content\/uploads\/2022\/12\/2022122503Wyk-300x225.jpg 300w, https:\/\/www.schiebener.net\/wordpress\/wp-content\/uploads\/2022\/12\/2022122503Wyk-768x576.jpg 768w, https:\/\/www.schiebener.net\/wordpress\/wp-content\/uploads\/2022\/12\/2022122503Wyk-1536x1152.jpg 1536w, https:\/\/www.schiebener.net\/wordpress\/wp-content\/uploads\/2022\/12\/2022122503Wyk-1200x900.jpg 1200w, https:\/\/www.schiebener.net\/wordpress\/wp-content\/uploads\/2022\/12\/2022122503Wyk.jpg 2048w\" sizes=\"(max-width: 709px) 85vw, (max-width: 909px) 67vw, (max-width: 1362px) 62vw, 840px\" \/><figcaption class=\"wp-element-caption\">Am Hafen in Wyk auf F\u00f6hr (foto: zoom)<\/figcaption><\/figure>\n<\/div>\n\n\n<p><strong>Wenn ich die Webcam-Bilder aus Winterberg und meine Handy-Fotos am Meer vergleiche, f\u00e4llt meine Wahl dieses Jahr erneut auf die See.<\/strong> <\/p>\n\n\n\n<p>Der Winter hat sich kurz im Hochsauerland blicken lassen, die Schneekanonen wurden euphorisch angeworfen, die Medien schmissen wei\u00dfe Schneebilder ins Netz und jetzt haben wir Plustemperaturen, Regen, einen schneefreien Kahlen Asten, schmutzig-graue B\u00e4nder von Kunstschnee auf gr\u00fcnen H\u00e4ngen und die k\u00fcrzesten Tage des Jahres.<\/p>\n\n\n\n<p>Wenn ich zu Hause aus dem Fensters schaue, sehe ich nicht mehr die dunkelgr\u00fcnen Fichtenw\u00e4lder meiner ersten Jahre im Hochsauerland, sondern Maisfelder, Weihnachtsbaumkulturen und Kahlschl\u00e4ge.<\/p>\n\n\n\n<p>Nun ja, ein paar Fichten stehen noch, aber nicht mehr lange. Schon nach den gro\u00dfen St\u00fcrmen, als die Fichtenplantagen riesige Ausma\u00dfe annahmen, hatte ich einen Widerwillen gegen den Weihnachtsbaum im Wohnzimmer entwickelt. Auf der einen Seite sterben die W\u00e4lder und auf der anderen Seite werden kurzlebige Schmuckb\u00e4umchen angepflanzt und f\u00fcr ein paar Tage im Jahr geerntet, geschm\u00fcckt und vernichtet. Ein eintr\u00e4gliches Gesch\u00e4ft f\u00fcr die Waldbauern. <br><br>Am Stra\u00dfenrand stehen immer noch die gro\u00dfen Plakate, die davor warnen, dass Windr\u00e4der &#8222;unsere&#8220; W\u00e4lder zerst\u00f6ren. Das Wundersame: Winterberg war bislang stolz darauf, keine Windr\u00e4der zu haben, aber die W\u00e4lder sind trotzdem zerst\u00f6rt. <\/p>\n\n\n<div class=\"wp-block-image\">\n<figure class=\"aligncenter size-large is-resized\"><img decoding=\"async\" src=\"https:\/\/www.schiebener.net\/wordpress\/wp-content\/uploads\/2022\/03\/20220312Windkraftgegner-1-1024x677.jpg\" alt=\"\" class=\"wp-image-51737\" width=\"700\" srcset=\"https:\/\/www.schiebener.net\/wordpress\/wp-content\/uploads\/2022\/03\/20220312Windkraftgegner-1-1024x677.jpg 1024w, https:\/\/www.schiebener.net\/wordpress\/wp-content\/uploads\/2022\/03\/20220312Windkraftgegner-1-300x198.jpg 300w, https:\/\/www.schiebener.net\/wordpress\/wp-content\/uploads\/2022\/03\/20220312Windkraftgegner-1-768x508.jpg 768w, https:\/\/www.schiebener.net\/wordpress\/wp-content\/uploads\/2022\/03\/20220312Windkraftgegner-1-1536x1016.jpg 1536w, https:\/\/www.schiebener.net\/wordpress\/wp-content\/uploads\/2022\/03\/20220312Windkraftgegner-1-1200x793.jpg 1200w, https:\/\/www.schiebener.net\/wordpress\/wp-content\/uploads\/2022\/03\/20220312Windkraftgegner-1.jpg 2048w\" sizes=\"(max-width: 709px) 85vw, (max-width: 909px) 67vw, (max-width: 1362px) 62vw, 840px\" \/><figcaption class=\"wp-element-caption\">Eine widersinnige Installation zwischen Brunskappel und Winterberg (archivfoto: zoom)<\/figcaption><\/figure>\n<\/div>\n\n\n<p>Der Klimawandel wird auch dem Ski-Sport im Hochsauerland ein Ende bereiten, aber die Politik agiert immer noch wie der Wurmfortsatz der Wintertouristiker*innen.<\/p>\n\n\n\n<p>Ich erinnere mich. Zuerst wurde der Klimawandel geleugnet. Dann wurde behauptet, dass man noch nicht so genau wisse, ob es ihn gebe. Als nun wirklich nicht mehr zu \u00fcbersehen war, dass auch Winterberg der Klimakatastrophe nicht entkommen w\u00fcrde, hie\u00df es, dass es nicht so schlimm werde wie in den Alpen, ja, dass sogar aufgrund der Westlage mehr Schnee fiele. <\/p>\n\n\n\n<p>Auf keinen Fall Windr\u00e4der, denn der Strom f\u00fcr die Schneekanonen kommt aus der Steckdose und das Wasser f\u00fcr die Eiskristalle aus dem Wasserhahn.<\/p>\n\n\n\n<p>Schon lange mahnen Natursch\u00fctzer*innen eine touristische Wende auch im Hochsauerland an, aber die letzte Generation der Skitouristiker*innen h\u00e4ngt starr, wie mit Sekundenkleber befestigt, an ihren Lift-Installationen und Bobbahnen.<\/p>\n\n\n\n<p>Die Wende wird wahrscheinlich erst dann kommen, wenn diejenigen, die das Geld ins Sauerland bringen, dem Skifahren auf Kunstschnee und der zerhackten Landschaft den R\u00fccken kehren.<\/p>\n","protected":false},"excerpt":{"rendered":"<p>Wenn ich die Webcam-Bilder aus Winterberg und meine Handy-Fotos am Meer vergleiche, f\u00e4llt meine Wahl dieses Jahr erneut auf die See. Der Winter hat sich kurz im Hochsauerland blicken lassen, &hellip; <a href=\"https:\/\/www.schiebener.net\/wordpress\/wyk-oder-winterberg\/\" class=\"more-link\"><span class=\"screen-reader-text\">\u201eWyk oder Winterberg?\u201c <\/span>weiterlesen<\/a><\/p>\n","protected":false},"author":3,"featured_media":0,"comment_status":"open","ping_status":"open","sticky":false,"template":"","format":"standard","meta":{"footnotes":""},"categories":[174,1732,8406,80,2729,549],"tags":[],"class_list":["post-53914","post","type-post","status-publish","format-standard","hentry","category-dit-und-dat","category-freizeit","category-klimakrise","category-lokales","category-reisen","category-umwelt"],"_links":{"self":[{"href":"https:\/\/www.schiebener.net\/wordpress\/wp-json\/wp\/v2\/posts\/53914","targetHints":{"allow":["GET"]}}],"collection":[{"href":"https:\/\/www.schiebener.net\/wordpress\/wp-json\/wp\/v2\/posts"}],"about":[{"href":"https:\/\/www.schiebener.net\/wordpress\/wp-json\/wp\/v2\/types\/post"}],"author":[{"embeddable":true,"href":"https:\/\/www.schiebener.net\/wordpress\/wp-json\/wp\/v2\/users\/3"}],"replies":[{"embeddable":true,"href":"https:\/\/www.schiebener.net\/wordpress\/wp-json\/wp\/v2\/comments?post=53914"}],"version-history":[{"count":0,"href":"https:\/\/www.schiebener.net\/wordpress\/wp-json\/wp\/v2\/posts\/53914\/revisions"}],"wp:attachment":[{"href":"https:\/\/www.schiebener.net\/wordpress\/wp-json\/wp\/v2\/media?parent=53914"}],"wp:term":[{"taxonomy":"category","embeddable":true,"href":"https:\/\/www.schiebener.net\/wordpress\/wp-json\/wp\/v2\/categories?post=53914"},{"taxonomy":"post_tag","embeddable":true,"href":"https:\/\/www.schiebener.net\/wordpress\/wp-json\/wp\/v2\/tags?post=53914"}],"curies":[{"name":"wp","href":"https:\/\/api.w.org\/{rel}","templated":true}]}}