{"id":5384,"date":"2009-10-28T23:11:05","date_gmt":"2009-10-28T21:11:05","guid":{"rendered":"http:\/\/www.schiebener.net\/wordpress\/?p=5384"},"modified":"2009-10-28T23:28:22","modified_gmt":"2009-10-28T21:28:22","slug":"umleitung-der-sumpf-von-jamaika-bertelsmann-stiftung-dreifaltigkeit-und-komplizierte-affaren","status":"publish","type":"post","link":"https:\/\/www.schiebener.net\/wordpress\/umleitung-der-sumpf-von-jamaika-bertelsmann-stiftung-dreifaltigkeit-und-komplizierte-affaren\/","title":{"rendered":"Umleitung: Der Sumpf von Jamaika, Bertelsmann-Stiftung, Dreifaltigkeit und komplizierte Aff\u00e4ren"},"content":{"rendered":"<p><img loading=\"lazy\" decoding=\"async\" class=\"alignleft size-full wp-image-2311\" src=\"http:\/\/www.schiebener.net\/wordpress\/wp-content\/uploads\/2009\/02\/umleitung.gif\" alt=\"umleitung\" width=\"110\" height=\"28\" \/><strong>Gr\u00fcne an der Saar:<\/strong> Jamaika versinkt im Sumpf &#8230;<a href=\"http:\/\/www.spiegelfechter.com\/wordpress\/1102\/jamaika-versinkt-im-grunen-sumpf#comments\" target=\"_blank\"> spiegelfechter<\/a><\/p>\n<p><strong>Bertelsmann-Stiftung:<\/strong> n\u00fctzlich und gemein &#8230; <a href=\"http:\/\/www.nachdenkseiten.de\/?p=4297\" target=\"_blank\">nachdenkseiten<\/a><\/p>\n<p><strong>Die Heilige Dreifaltigkeit:<\/strong> endlich einfach und plausibel erkl\u00e4rt \ud83d\ude09 &#8230;<\/p>\n<p><object width=\"560\" height=\"340\"><param name=\"movie\" value=\"http:\/\/www.youtube.com\/v\/mII6-IyaT3o&#038;hl=de&#038;fs=1&#038;\"><\/param><param name=\"allowFullScreen\" value=\"true\"><\/param><param name=\"allowscriptaccess\" value=\"always\"><\/param><embed src=\"http:\/\/www.youtube.com\/v\/mII6-IyaT3o&#038;hl=de&#038;fs=1&#038;\" type=\"application\/x-shockwave-flash\" allowscriptaccess=\"always\" allowfullscreen=\"true\" width=\"560\" height=\"340\"><\/embed><\/object><\/p>\n<p><strong>komplizierte Aff\u00e4ren:<\/strong> LKA-Chef auf d\u00fcnnem Eis &#8230; <a href=\"http:\/\/www.ruhrbarone.de\/innenministerium-schickt-lka-chef-gatzke-auf-dunnes-eis\/\" target=\"_blank\">ruhrbarone<\/a><\/p>\n","protected":false},"excerpt":{"rendered":"<p>Gr\u00fcne an der Saar: Jamaika versinkt im Sumpf &#8230; spiegelfechter Bertelsmann-Stiftung: n\u00fctzlich und gemein &#8230; nachdenkseiten Die Heilige Dreifaltigkeit: endlich einfach und plausibel erkl\u00e4rt \ud83d\ude09 &#8230; komplizierte Aff\u00e4ren: LKA-Chef auf &hellip; <a href=\"https:\/\/www.schiebener.net\/wordpress\/umleitung-der-sumpf-von-jamaika-bertelsmann-stiftung-dreifaltigkeit-und-komplizierte-affaren\/\" class=\"more-link\"><span class=\"screen-reader-text\">\u201eUmleitung: Der Sumpf von Jamaika, Bertelsmann-Stiftung, Dreifaltigkeit und komplizierte Aff\u00e4ren\u201c <\/span>weiterlesen<\/a><\/p>\n","protected":false},"author":3,"featured_media":0,"comment_status":"open","ping_status":"open","sticky":false,"template":"","format":"standard","meta":{"footnotes":""},"categories":[24,49,379],"tags":[941,164,942,892],"class_list":["post-5384","post","type-post","status-publish","format-standard","hentry","category-politik","category-religion","category-umleitung","tag-dreifaltigkeit","tag-grune","tag-harald-f","tag-saarland"],"_links":{"self":[{"href":"https:\/\/www.schiebener.net\/wordpress\/wp-json\/wp\/v2\/posts\/5384","targetHints":{"allow":["GET"]}}],"collection":[{"href":"https:\/\/www.schiebener.net\/wordpress\/wp-json\/wp\/v2\/posts"}],"about":[{"href":"https:\/\/www.schiebener.net\/wordpress\/wp-json\/wp\/v2\/types\/post"}],"author":[{"embeddable":true,"href":"https:\/\/www.schiebener.net\/wordpress\/wp-json\/wp\/v2\/users\/3"}],"replies":[{"embeddable":true,"href":"https:\/\/www.schiebener.net\/wordpress\/wp-json\/wp\/v2\/comments?post=5384"}],"version-history":[{"count":0,"href":"https:\/\/www.schiebener.net\/wordpress\/wp-json\/wp\/v2\/posts\/5384\/revisions"}],"wp:attachment":[{"href":"https:\/\/www.schiebener.net\/wordpress\/wp-json\/wp\/v2\/media?parent=5384"}],"wp:term":[{"taxonomy":"category","embeddable":true,"href":"https:\/\/www.schiebener.net\/wordpress\/wp-json\/wp\/v2\/categories?post=5384"},{"taxonomy":"post_tag","embeddable":true,"href":"https:\/\/www.schiebener.net\/wordpress\/wp-json\/wp\/v2\/tags?post=5384"}],"curies":[{"name":"wp","href":"https:\/\/api.w.org\/{rel}","templated":true}]}}