{"id":5368,"date":"2009-10-27T22:14:30","date_gmt":"2009-10-27T20:14:30","guid":{"rendered":"http:\/\/www.schiebener.net\/wordpress\/?p=5368"},"modified":"2009-10-28T16:19:17","modified_gmt":"2009-10-28T14:19:17","slug":"umleitung-halloween-facebook-opel-neruda-brandt-die-westfalenpost-und-das-grose-online-schweigen","status":"publish","type":"post","link":"https:\/\/www.schiebener.net\/wordpress\/umleitung-halloween-facebook-opel-neruda-brandt-die-westfalenpost-und-das-grose-online-schweigen\/","title":{"rendered":"Umleitung: Halloween, Facebook, Opel, Neruda, Brandt, die Westfalenpost und das gro\u00dfe Online-Schweigen"},"content":{"rendered":"<p><img loading=\"lazy\" decoding=\"async\" class=\"alignleft size-full wp-image-2311\" src=\"http:\/\/www.schiebener.net\/wordpress\/wp-content\/uploads\/2009\/02\/umleitung.gif\" alt=\"\" width=\"110\" height=\"28\" \/><strong>Halloween:<\/strong> l\u00e4sst die Kassen klingeln &#8230; <a href=\"http:\/\/www.neues-deutschland.de\/artikel\/158073.halloween-laesst-die-kassen-klingeln.html\" target=\"_blank\">nd<\/a><\/p>\n<p><strong>Facebook<\/strong>: Was wir durch Web 2.0 Netzwerke verlieren &#8230; <a href=\"http:\/\/www.welt.de\/webwelt\/article4982539\/Was-wir-durch-Facebook-und-Co-verlieren.html\" target=\"_blank\">weltonline<\/a><\/p>\n<p><strong>Opel:<\/strong> und immer noch kein Ende &#8230; <a href=\"http:\/\/www.faz.net\/s\/RubCE844206AD5543959580E21EDC440854\/Doc~E8B82A7C2346C432C8F69285E89EA3BC8~ATpl~Ecommon~Scontent.html\" target=\"_blank\">faz<\/a><\/p>\n<p><strong>Rot-Rot-Gr\u00fcn an der Ruhr:<\/strong> Duisburger Gr\u00fcne knapp dagegen &#8230; <a href=\"http:\/\/www.ruhrbarone.de\/kein-rot-rot-grun-in-duisburg-eisenhuttenstadt-vor-wechselnden-mehrheiten\/\" target=\"_blank\">ruhrbarone<\/a><\/p>\n<p><strong>Pablo Neruda:<\/strong> \u00dcbersetzer Fritz Vogelgsang gestorben &#8230;<a href=\"http:\/\/www.ruhrnachrichten.de\/Neruda-Uebersetzer-Fritz-Vogelgsang-gestorben;art601,713280\" target=\"_blank\"> ruhrnachrichten<\/a><\/p>\n<p><strong>Willy Brandt:<\/strong> Mehr Demokratie wagen &#8211; vor 40 Jahren &#8230; <a href=\"http:\/\/www.nachdenkseiten.de\/?p=4295#more-4295\" target=\"_blank\">nachdenkseiten<\/a><\/p>\n<p><strong>Meschede:<\/strong> Neuer Kreistag &#8230; <a href=\"http:\/\/sbl-fraktion.de\/wer-ist-dr-friedrich\/neuer-kreistag-konstituiert-sich.html\" target=\"_blank\">sbl <\/a><\/p>\n<p><strong>Alte Synagoge Neheim:<\/strong> Lesung mit Dr. Matthias Knoll &#8230; <a href=\"http:\/\/www.ruhrtalcruising.de\/?p=974\" target=\"_blank\">ruhrtalcruising<\/a><\/p>\n<p><strong>Westfalenpost:<\/strong> Bei der Briloner FDP brennt der Baum &#8230; nur in der Papierausgabe von heute<\/p>\n<p>Zitat: &#8222;Bei der Briloner FDP brennt der Baum. Seit die meisten Parteimitglieder &#8211; bis hinauf an die Vorstandsspitze &#8211; erst aus der WP erfahren haben, dass die dreik\u00f6pfige Ratsfraktion mit BBL und SPD eine Mehrheit arrangieren will, herrscht dicke Luft bei den Liberalen. Selbst eine Versammlung kann nicht mehr ohne weiteres einberufen werden.&#8220; weiter im Print<\/p>\n<p>Anmerkung: Bei der BBL handelt es sich \u00fcm die Briloner B\u00fcrgerliste, auf <a href=\"http:\/\/www.briloner-buergerliste.de\/\" target=\"_blank\">deren Website <\/a>auch nichts zum Thema steht.<\/p>\n<p>M\u00fc\u00dfig zu bemerken, dass <a href=\"http:\/\/www.fdp-brilon.de\/\" target=\"_blank\">bei der FDP Brilon<\/a> ebenfalls nicht berichtet wird.<\/p>\n<p>So werde ich einfach warten m\u00fcssen, was die Westfalenpost am morgigen Mittwoch \u00fcber die heutige Tagung des Ortsverbandes der FDP in ihrer Papierausgabe bekannt geben wird.<\/p>\n<p><strong>Update<\/strong>: Ich bin mir nicht sicher, ob das Zur\u00fcckhalten gerade dieses Artikels die richtige Publikationsstrategie ist, denn eventuell ist in dem Thema soviel &#8222;drin&#8220;, dass es durchaus h\u00e4tte Synergie-Effekte zwischen Print und Online\u00a0 geben k\u00f6nnen. H\u00e4tte, w\u00fcrde, sollte &#8230; Sicher ist: Die <a href=\"http:\/\/www.derwesten.de\/nachrichten\/staedte\/brilon.html\" target=\"_blank\">Online Ausgabe der Westfalenpos<\/a>t bewegt sich\u00a0 zur Zeit quantitativ und qualitativ weit unter dem Niveau der Print-Ausgabe, und zwar derart offensichtlich, dass es gewollt sein muss. Ich bin gespannt auf die mittel- und langfristige Wirkung &#8230;<\/p>\n","protected":false},"excerpt":{"rendered":"<p>Halloween: l\u00e4sst die Kassen klingeln &#8230; nd Facebook: Was wir durch Web 2.0 Netzwerke verlieren &#8230; weltonline Opel: und immer noch kein Ende &#8230; faz Rot-Rot-Gr\u00fcn an der Ruhr: Duisburger &hellip; <a href=\"https:\/\/www.schiebener.net\/wordpress\/umleitung-halloween-facebook-opel-neruda-brandt-die-westfalenpost-und-das-grose-online-schweigen\/\" class=\"more-link\"><span class=\"screen-reader-text\">\u201eUmleitung: Halloween, Facebook, Opel, Neruda, Brandt, die Westfalenpost und das gro\u00dfe Online-Schweigen\u201c <\/span>weiterlesen<\/a><\/p>\n","protected":false},"author":3,"featured_media":0,"comment_status":"open","ping_status":"open","sticky":false,"template":"","format":"standard","meta":{"footnotes":""},"categories":[854,80,32,24,379],"tags":[720,744,938,922,552,124,937,340],"class_list":["post-5368","post","type-post","status-publish","format-standard","hentry","category-kunst","category-lokales","category-medien","category-politik","category-umleitung","tag-bbl","tag-facebook","tag-fdp-brilon","tag-halloween","tag-opel","tag-pablo-neruda","tag-synagoge-neheim","tag-westfalenpost"],"_links":{"self":[{"href":"https:\/\/www.schiebener.net\/wordpress\/wp-json\/wp\/v2\/posts\/5368","targetHints":{"allow":["GET"]}}],"collection":[{"href":"https:\/\/www.schiebener.net\/wordpress\/wp-json\/wp\/v2\/posts"}],"about":[{"href":"https:\/\/www.schiebener.net\/wordpress\/wp-json\/wp\/v2\/types\/post"}],"author":[{"embeddable":true,"href":"https:\/\/www.schiebener.net\/wordpress\/wp-json\/wp\/v2\/users\/3"}],"replies":[{"embeddable":true,"href":"https:\/\/www.schiebener.net\/wordpress\/wp-json\/wp\/v2\/comments?post=5368"}],"version-history":[{"count":0,"href":"https:\/\/www.schiebener.net\/wordpress\/wp-json\/wp\/v2\/posts\/5368\/revisions"}],"wp:attachment":[{"href":"https:\/\/www.schiebener.net\/wordpress\/wp-json\/wp\/v2\/media?parent=5368"}],"wp:term":[{"taxonomy":"category","embeddable":true,"href":"https:\/\/www.schiebener.net\/wordpress\/wp-json\/wp\/v2\/categories?post=5368"},{"taxonomy":"post_tag","embeddable":true,"href":"https:\/\/www.schiebener.net\/wordpress\/wp-json\/wp\/v2\/tags?post=5368"}],"curies":[{"name":"wp","href":"https:\/\/api.w.org\/{rel}","templated":true}]}}