{"id":53660,"date":"2022-11-11T07:44:54","date_gmt":"2022-11-11T06:44:54","guid":{"rendered":"https:\/\/www.schiebener.net\/wordpress\/?p=53660"},"modified":"2022-11-12T08:36:29","modified_gmt":"2022-11-12T07:36:29","slug":"umleitung-rechte-praesenz-im-oeffentlichen-raum-peroenlichkeitsveraenderung-durch-corona-kein-asyl-fuer-whistleblower-roller-wahn-und-die-bedeutung-einer-waehlerin","status":"publish","type":"post","link":"https:\/\/www.schiebener.net\/wordpress\/umleitung-rechte-praesenz-im-oeffentlichen-raum-peroenlichkeitsveraenderung-durch-corona-kein-asyl-fuer-whistleblower-roller-wahn-und-die-bedeutung-einer-waehlerin\/","title":{"rendered":"Umleitung: rechte Pr\u00e4senz im \u00f6ffentlichen Raum, Pers\u00f6nlichkeitsver\u00e4nderung durch Corona, im Kaninchenbau, kein Asyl f\u00fcr Whistleblower, Roller-Wahn und die Bedeutung einer W\u00e4hler*in"},"content":{"rendered":"<div class=\"wp-block-image\">\n<figure class=\"aligncenter size-large\"><a href=\"https:\/\/www.schiebener.net\/wordpress\/wp-content\/uploads\/2022\/11\/2022111001KahlerAsten.jpg\" target=\"_blank\" rel=\"noreferrer noopener\"><img loading=\"lazy\" decoding=\"async\" width=\"1024\" height=\"630\" src=\"https:\/\/www.schiebener.net\/wordpress\/wp-content\/uploads\/2022\/11\/2022111001KahlerAsten-1024x630.jpg\" alt=\"\" class=\"wp-image-53661\" srcset=\"https:\/\/www.schiebener.net\/wordpress\/wp-content\/uploads\/2022\/11\/2022111001KahlerAsten-1024x630.jpg 1024w, https:\/\/www.schiebener.net\/wordpress\/wp-content\/uploads\/2022\/11\/2022111001KahlerAsten-300x184.jpg 300w, https:\/\/www.schiebener.net\/wordpress\/wp-content\/uploads\/2022\/11\/2022111001KahlerAsten-768x472.jpg 768w, https:\/\/www.schiebener.net\/wordpress\/wp-content\/uploads\/2022\/11\/2022111001KahlerAsten-1536x944.jpg 1536w, https:\/\/www.schiebener.net\/wordpress\/wp-content\/uploads\/2022\/11\/2022111001KahlerAsten-1200x738.jpg 1200w, https:\/\/www.schiebener.net\/wordpress\/wp-content\/uploads\/2022\/11\/2022111001KahlerAsten.jpg 2048w\" sizes=\"auto, (max-width: 709px) 85vw, (max-width: 909px) 67vw, (max-width: 1362px) 62vw, 840px\" \/><\/a><figcaption class=\"wp-element-caption\">Auf dem Kahlen Asten (foto: zoom)<\/figcaption><\/figure>\n<\/div>\n\n\n<p><strong>Beratungsstelle warnt vor verfestigter rechter Pr\u00e4senz im \u00f6ffentlichen Raum:<\/strong> Der Dachverband der Beratungsstellen f\u00fcr Betroffene rechter, rassistischer und antisemitischer Gewalt (VBRG) zeigt sich besorgt \u00fcber eine sich immer weiter enthemmende Gewaltspirale. Vorstandsmitglied Robert Kusche fordert im Interview einen Paradigmenwechsel bei Polizei und Justiz in Ostdeutschland in der Strafverfolgung bei rechten Gewalttaten und im Umgang mit rechten Aufm\u00e4rschen &#8230; <a href=\"https:\/\/www.endstation-rechts.de\/news\/beratungsstelle-warnt-vor-verfestigter-rechter-praesenz-im-oeffentlichen-raum\" target=\"_blank\" rel=\"noreferrer noopener\">derrechterand<\/a><\/p>\n\n\n\n<p><strong>Wie Corona unsere Pers\u00f6nlichkeit ver\u00e4ndert:<\/strong> Ist Ihnen schon einmal aufgefallen, dass sich Menschen in Ihrem Umfeld seit dem Beginn der Pandemie anders benehmen? Sei es eine Tante, die Ihnen t\u00e4glich panische Textnachrichten und die neuesten Querdenkernews schickt, oder eine Freundin, die unter Angstzust\u00e4nden leidet und kaum mehr aus dem Haus geht &#8230; <a rel=\"noreferrer noopener\" href=\"https:\/\/scilogs.spektrum.de\/hirn-und-weg\/wie-corona-unsere-persoenlichkeit-veraendert\/\" target=\"_blank\">scilogs<\/a><\/p>\n\n\n\n<p><strong>Die Metapher vom Kaninchenbau-Syndrom:<\/strong> Das Kinderbuch \u00bbAlice im Wunderland\u00ab h\u00e4lt so manche Weisheit parat. Eine bekannte Szene dient Psychologen als Metapher daf\u00fcr, wie Menschen immer tiefer in der Welt der Verschw\u00f6rungstheorien versinken &#8230; <a href=\"https:\/\/www.spektrum.de\/news\/verschwoerungstheorien-die-metapher-vom-kaninchenbau-syndrom\/2073651\" target=\"_blank\" rel=\"noreferrer noopener\">spektrum<\/a><\/p>\n\n\n\n<p><strong>Asyl f\u00fcr Whistleblower:<\/strong>&nbsp;Ampel-Regierung l\u00e4sst Snowden im Regen stehen &#8230; <a href=\"https:\/\/netzpolitik.org\/2022\/asyl-fuer-snowden-ampel-regierung-zeigt-sich-unwillig\/\" target=\"_blank\" rel=\"noreferrer noopener\">netzpolitik<\/a><\/p>\n\n\n\n<p><strong>Roller-Wahn verschwindet aus Haspe<\/strong>: Der Anbieter f\u00fcr E-Roller in Hagen, die ZEUS Scooter GmbH, hat die Stadt Hagen dar\u00fcber informiert, dass die E-Roller auf unbestimmte Zeit aus dem Bezirk Hagen-Haspe entfernt wurden &#8230; <a href=\"https:\/\/doppelwacholder.wordpress.com\/2022\/11\/09\/und-tschuss-2\/\" target=\"_blank\" rel=\"noreferrer noopener\">doppelwacholder<\/a><\/p>\n\n\n\n<p><strong>Die (Nicht-)Bedeutung einer W\u00e4hlerin oder eines W\u00e4hlers:<\/strong> Wie egal ist man der Politik eigentlich? &#8230; <a href=\"https:\/\/unkreativ.net\/die-nicht-bedeutung-einer-waehlerin-oder-eines-waehlers\/\" target=\"_blank\" rel=\"noreferrer noopener\">unkreativ<\/a><\/p>\n","protected":false},"excerpt":{"rendered":"<p>Beratungsstelle warnt vor verfestigter rechter Pr\u00e4senz im \u00f6ffentlichen Raum: Der Dachverband der Beratungsstellen f\u00fcr Betroffene rechter, rassistischer und antisemitischer Gewalt (VBRG) zeigt sich besorgt \u00fcber eine sich immer weiter enthemmende &hellip; <a href=\"https:\/\/www.schiebener.net\/wordpress\/umleitung-rechte-praesenz-im-oeffentlichen-raum-peroenlichkeitsveraenderung-durch-corona-kein-asyl-fuer-whistleblower-roller-wahn-und-die-bedeutung-einer-waehlerin\/\" class=\"more-link\"><span class=\"screen-reader-text\">\u201eUmleitung: rechte Pr\u00e4senz im \u00f6ffentlichen Raum, Pers\u00f6nlichkeitsver\u00e4nderung durch Corona, im Kaninchenbau, kein Asyl f\u00fcr Whistleblower, Roller-Wahn und die Bedeutung einer W\u00e4hler*in\u201c <\/span>weiterlesen<\/a><\/p>\n","protected":false},"author":3,"featured_media":0,"comment_status":"open","ping_status":"open","sticky":false,"template":"","format":"standard","meta":{"footnotes":""},"categories":[7088,24,6314,379,618],"tags":[8645,9047,4352],"class_list":["post-53660","post","type-post","status-publish","format-standard","hentry","category-gesundheit","category-politik","category-rechtsextremismus","category-umleitung","category-verkehr","tag-corona-krise","tag-e-scooter","tag-edward-snowden"],"_links":{"self":[{"href":"https:\/\/www.schiebener.net\/wordpress\/wp-json\/wp\/v2\/posts\/53660","targetHints":{"allow":["GET"]}}],"collection":[{"href":"https:\/\/www.schiebener.net\/wordpress\/wp-json\/wp\/v2\/posts"}],"about":[{"href":"https:\/\/www.schiebener.net\/wordpress\/wp-json\/wp\/v2\/types\/post"}],"author":[{"embeddable":true,"href":"https:\/\/www.schiebener.net\/wordpress\/wp-json\/wp\/v2\/users\/3"}],"replies":[{"embeddable":true,"href":"https:\/\/www.schiebener.net\/wordpress\/wp-json\/wp\/v2\/comments?post=53660"}],"version-history":[{"count":0,"href":"https:\/\/www.schiebener.net\/wordpress\/wp-json\/wp\/v2\/posts\/53660\/revisions"}],"wp:attachment":[{"href":"https:\/\/www.schiebener.net\/wordpress\/wp-json\/wp\/v2\/media?parent=53660"}],"wp:term":[{"taxonomy":"category","embeddable":true,"href":"https:\/\/www.schiebener.net\/wordpress\/wp-json\/wp\/v2\/categories?post=53660"},{"taxonomy":"post_tag","embeddable":true,"href":"https:\/\/www.schiebener.net\/wordpress\/wp-json\/wp\/v2\/tags?post=53660"}],"curies":[{"name":"wp","href":"https:\/\/api.w.org\/{rel}","templated":true}]}}