{"id":53076,"date":"2022-09-09T17:10:48","date_gmt":"2022-09-09T15:10:48","guid":{"rendered":"https:\/\/www.schiebener.net\/wordpress\/?p=53076"},"modified":"2022-09-09T17:10:48","modified_gmt":"2022-09-09T15:10:48","slug":"toulu-hassani-erhaelt-den-august-macke-preis-des-hochsauerlandkreises-2022","status":"publish","type":"post","link":"https:\/\/www.schiebener.net\/wordpress\/toulu-hassani-erhaelt-den-august-macke-preis-des-hochsauerlandkreises-2022\/","title":{"rendered":"Toulu Hassani erh\u00e4lt den August-Macke-Preis des Hochsauerlandkreises 2022"},"content":{"rendered":"<div class=\"wp-block-image\">\n<figure class=\"aligncenter size-full is-resized\"><a href=\"https:\/\/www.schiebener.net\/wordpress\/wp-content\/uploads\/2022\/09\/2020090901TouluKlein.jpg\" target=\"_blank\" rel=\"noreferrer noopener\"><img decoding=\"async\" src=\"https:\/\/www.schiebener.net\/wordpress\/wp-content\/uploads\/2022\/09\/2020090901TouluKlein.jpg\" alt=\"\" class=\"wp-image-53077\" width=\"700\" srcset=\"https:\/\/www.schiebener.net\/wordpress\/wp-content\/uploads\/2022\/09\/2020090901TouluKlein.jpg 1024w, https:\/\/www.schiebener.net\/wordpress\/wp-content\/uploads\/2022\/09\/2020090901TouluKlein-300x114.jpg 300w, https:\/\/www.schiebener.net\/wordpress\/wp-content\/uploads\/2022\/09\/2020090901TouluKlein-768x293.jpg 768w\" sizes=\"(max-width: 709px) 85vw, (max-width: 909px) 67vw, (max-width: 1362px) 62vw, 840px\" \/><\/a><figcaption>Bekanntgabe Preistr\u00e4gerin August-Macke-Preis 2022: Toulu Hassani (mit Blumen) in der Mitte der Jurymitglieder und Unterst\u00fctzer. (Foto: Pressestelle HSK)<\/figcaption><\/figure>\n<\/div>\n\n\n<p><strong>Toulu Hassani erh\u00e4lt den August-Macke-Preis des Hochsauerlandkreises 2022. Den Namen der Preistr\u00e4gerin gab Herbert Sollich, Marketing-Direktor der Brauerei C. &amp; A. Veltins, w\u00e4hrend eines Pressegespr\u00e4ches am Freitag, 9. September, bekannt.<\/strong><\/p>\n\n\n\n<p><em>(Pressemitteilung Hochsauerlandkreis)<\/em><\/p>\n\n\n\n<p>Der Macke-Preis ist mit 20.000 Euro dotiert und wird alle drei Jahre verliehen. Erste Preistr\u00e4gerin 2008 war Leiko Ikemura. 2011 erhielt Corinne Wasmuht die Auszeichnung. Kerstin Br\u00e4tsch wurde 2014 der Preis zuerkannt und letzter Preistr\u00e4ger war Michael Sailstorfer 2017. Wegen der Corona-Pandemie musste von der Verleihung im Dreijahresrhythmus abgewichen werden.<\/p>\n\n\n<div class=\"wp-block-image\">\n<figure class=\"aligncenter size-large is-resized\"><a href=\"https:\/\/www.schiebener.net\/wordpress\/wp-content\/uploads\/2022\/09\/2022090903TouluKlein.jpg\" target=\"_blank\" rel=\"noreferrer noopener\"><img decoding=\"async\" src=\"https:\/\/www.schiebener.net\/wordpress\/wp-content\/uploads\/2022\/09\/2022090903TouluKlein-731x1024.jpg\" alt=\"\" class=\"wp-image-53078\" width=\"700\" srcset=\"https:\/\/www.schiebener.net\/wordpress\/wp-content\/uploads\/2022\/09\/2022090903TouluKlein-731x1024.jpg 731w, https:\/\/www.schiebener.net\/wordpress\/wp-content\/uploads\/2022\/09\/2022090903TouluKlein-214x300.jpg 214w, https:\/\/www.schiebener.net\/wordpress\/wp-content\/uploads\/2022\/09\/2022090903TouluKlein-768x1076.jpg 768w, https:\/\/www.schiebener.net\/wordpress\/wp-content\/uploads\/2022\/09\/2022090903TouluKlein.jpg 1024w\" sizes=\"(max-width: 709px) 85vw, (max-width: 909px) 67vw, (max-width: 984px) 61vw, (max-width: 1362px) 45vw, 600px\" \/><\/a><figcaption>Portrait Toulu Hassani (Foto: Volker Crone)<\/figcaption><\/figure>\n<\/div>\n\n\n<p>Toulu Hassani wurde 1984 in Ahwaz im Iran geboren und lebt und arbeitet heute in Hannover. Von 2005 bis 2011 studierte sie Freie Kunst an der Hochschule f\u00fcr Bildende K\u00fcnste Braunschweig bei Hartmut Neumann, Thomas Rentmeister und Walter Dahn. In den Jahren 2008 und 2009 ging Hassani zu Auslandssemestern an die Facultad de Bellas Artes in Valencia\/Spanien. 2011 und 2012 war sie Meistersch\u00fclerin von Professor Walter Dahn. 2013 erhielt Hassani den Preis des Kunstvereins Hannover, Atelierstipendium Villa Minimo, und 2016 den Sprengel-Preis f\u00fcr Bildende Kunst der Nieders\u00e4chsischen Sparkassenstiftung. F\u00fcr den Kunstpreis B\u00f6ttcherstra\u00dfe 2020 Bremen war sie nominiert und hat in diesem Kontext in der Kunsthalle Bremen ihre Werke ausgestellt.<\/p>\n\n\n\n<p>Die K\u00fcnstlerin absolvierte bereits viele Stipendien, so beispielsweise das New York-Stipendium der Nieders\u00e4chsischen Sparkassenstiftung und des Landes Niedersachsen in der K\u00fcnstlerresidenz am International Studio &amp; Curatorial Program New York. Zuletzt erhielt sie das Marianne-Defet-Malerei-Stipendium in Kombination mit einer Ausstellung in der Kunsthalle N\u00fcrnberg.<\/p>\n\n\n<div class=\"wp-block-image\">\n<figure class=\"aligncenter size-large is-resized\"><a href=\"https:\/\/www.schiebener.net\/wordpress\/wp-content\/uploads\/2022\/09\/2022090902TouluKlein.jpg\" target=\"_blank\" rel=\"noreferrer noopener\"><img decoding=\"async\" src=\"https:\/\/www.schiebener.net\/wordpress\/wp-content\/uploads\/2022\/09\/2022090902TouluKlein-731x1024.jpg\" alt=\"\" class=\"wp-image-53079\" width=\"700\" srcset=\"https:\/\/www.schiebener.net\/wordpress\/wp-content\/uploads\/2022\/09\/2022090902TouluKlein-731x1024.jpg 731w, https:\/\/www.schiebener.net\/wordpress\/wp-content\/uploads\/2022\/09\/2022090902TouluKlein-214x300.jpg 214w, https:\/\/www.schiebener.net\/wordpress\/wp-content\/uploads\/2022\/09\/2022090902TouluKlein-768x1076.jpg 768w, https:\/\/www.schiebener.net\/wordpress\/wp-content\/uploads\/2022\/09\/2022090902TouluKlein.jpg 1024w\" sizes=\"(max-width: 709px) 85vw, (max-width: 909px) 67vw, (max-width: 984px) 61vw, (max-width: 1362px) 45vw, 600px\" \/><\/a><figcaption>Ohne Titel, Epoxidharz und Pigment, 65,7 x 53 cm Sammlung \u00dcltzen, Ausstellungsansicht \u201cGeordnete Verh\u00e4ltnisse\u201d (2022), Kunsthalle N\u00fcrnberg<\/figcaption><\/figure>\n<\/div>\n\n\n<p>In der Begr\u00fcndung f\u00fcr die Verleihung des August-Macke Preises 2022 schreibt die Jury auszugsweise: \u201eDie Bilder von Toulu Hassani sind minuti\u00f6s ausgearbeitete abstrakte Werke. Die Konzentration und Ruhe, die sie beim Zeichnen und Malen dieser Werke aufbringt, vermitteln sich dem Betrachter, der angeregt wird, sich meditativ in die Oberfl\u00e4chen und Strukturen der Werke hineinzusehen. Toulu Hassani bereitet oft zun\u00e4chst ein Raster vor, welches sie dann zeichnend und malend ausarbeitet. Dabei variiert sie die Formen und Bewegungen im Laufe der Arbeit, so dass das Ergebnis sich erst im Prozess herausbildet. Sie experimentiert auch mit Materialien, so z.B. Gips, Holz oder Stoff, so dass nicht nur die Oberfl\u00e4che von Papier oder Leinwand gestaltet wird, sondern mitunter ein Bildobjekt entsteht, das von allen Seiten bearbeitet ist. Toulu Hassanis intensive Arbeiten demonstrieren die Kraft des individuellen Kunstwerks, mithin das, worum es auch August Macke wesentlich in seiner Kunst ging.\u201c<br><\/p>\n\n\n\n<p class=\"has-text-align-center\"><em>&#8212;&#8212;&#8212; Bier, Infos und Sponsoring &#8212;&#8212;-<\/em><\/p>\n\n\n\n<p><em>Der August-Macke-Preis wird unterst\u00fctzt von der Brauerei C. &amp; A. Veltins, den Sparkassen im Hochsauerlandkreis, von der Annegret und Hans-Richard Meininghaus-Stiftung, dem Hochsauerlandkreis sowie vom August-Macke-Kuratorium.<\/em><\/p>\n\n\n\n<p><em>August Macke wurde am 3. Januar 1887 in Meschede\/Hochsauerlandkreis geboren. Er geh\u00f6rte zu den bekanntesten deutschen Malern des Expressionismus und nahm an beiden Ausstellungen des Blauen Reiters 1911 und 1912 teil.<\/em><\/p>\n","protected":false},"excerpt":{"rendered":"<p>Toulu Hassani erh\u00e4lt den August-Macke-Preis des Hochsauerlandkreises 2022. Den Namen der Preistr\u00e4gerin gab Herbert Sollich, Marketing-Direktor der Brauerei C. &amp; A. Veltins, w\u00e4hrend eines Pressegespr\u00e4ches am Freitag, 9. September, bekannt. &hellip; <a href=\"https:\/\/www.schiebener.net\/wordpress\/toulu-hassani-erhaelt-den-august-macke-preis-des-hochsauerlandkreises-2022\/\" class=\"more-link\"><span class=\"screen-reader-text\">\u201eToulu Hassani erh\u00e4lt den August-Macke-Preis des Hochsauerlandkreises 2022\u201c <\/span>weiterlesen<\/a><\/p>\n","protected":false},"author":17,"featured_media":0,"comment_status":"open","ping_status":"open","sticky":false,"template":"","format":"standard","meta":{"footnotes":""},"categories":[303,674,854,80,1043],"tags":[8334],"class_list":["post-53076","post","type-post","status-publish","format-standard","hentry","category-in-unserem-briefkasten","category-kultur","category-kunst","category-lokales","category-pressemitteilungen","tag-august-macke"],"_links":{"self":[{"href":"https:\/\/www.schiebener.net\/wordpress\/wp-json\/wp\/v2\/posts\/53076","targetHints":{"allow":["GET"]}}],"collection":[{"href":"https:\/\/www.schiebener.net\/wordpress\/wp-json\/wp\/v2\/posts"}],"about":[{"href":"https:\/\/www.schiebener.net\/wordpress\/wp-json\/wp\/v2\/types\/post"}],"author":[{"embeddable":true,"href":"https:\/\/www.schiebener.net\/wordpress\/wp-json\/wp\/v2\/users\/17"}],"replies":[{"embeddable":true,"href":"https:\/\/www.schiebener.net\/wordpress\/wp-json\/wp\/v2\/comments?post=53076"}],"version-history":[{"count":0,"href":"https:\/\/www.schiebener.net\/wordpress\/wp-json\/wp\/v2\/posts\/53076\/revisions"}],"wp:attachment":[{"href":"https:\/\/www.schiebener.net\/wordpress\/wp-json\/wp\/v2\/media?parent=53076"}],"wp:term":[{"taxonomy":"category","embeddable":true,"href":"https:\/\/www.schiebener.net\/wordpress\/wp-json\/wp\/v2\/categories?post=53076"},{"taxonomy":"post_tag","embeddable":true,"href":"https:\/\/www.schiebener.net\/wordpress\/wp-json\/wp\/v2\/tags?post=53076"}],"curies":[{"name":"wp","href":"https:\/\/api.w.org\/{rel}","templated":true}]}}