{"id":5307,"date":"2009-10-24T21:36:49","date_gmt":"2009-10-24T19:36:49","guid":{"rendered":"http:\/\/www.schiebener.net\/wordpress\/?p=5307"},"modified":"2009-10-24T21:38:11","modified_gmt":"2009-10-24T19:38:11","slug":"umleitung-21","status":"publish","type":"post","link":"https:\/\/www.schiebener.net\/wordpress\/umleitung-21\/","title":{"rendered":"Umleitung: Schwarz-Gelb, Laschet, Gr\u00fcne, Wiemeringhausen und ein bisschen Zensur"},"content":{"rendered":"<p><img loading=\"lazy\" decoding=\"async\" class=\"alignleft size-full wp-image-2311\" src=\"http:\/\/www.schiebener.net\/wordpress\/wp-content\/uploads\/2009\/02\/umleitung.gif\" alt=\"\" width=\"110\" height=\"28\" \/><strong>Deutschland<\/strong>: Schwarz-Gelb &#8230; <a href=\"http:\/\/www.spiegelfechter.com\/wordpress\/1090\/deutschland-wird-schwarzgelb\" target=\"_blank\">spiegelfechter<\/a><\/p>\n<p><strong>Internet-Zensur:<\/strong> Gelb Gut? Kommentare! &#8230; <a href=\"http:\/\/www.ruhrbarone.de\/netzneutralitat-und-aus-fur-stoppschilder\/#comments\" target=\"_blank\">ruhrbarone <\/a><\/p>\n<p><strong>Gr\u00fcne:<\/strong> Ab in die Mitte &#8230;<a href=\"http:\/\/www.fr-online.de\/_em_cms\/_globals\/print.php?em_ssc=MSwwLDEsMCwxLDAsMSww&amp;em_cnt=2030758&amp;em_loc=1231&amp;em_ref=\/in_und_ausland\/politik\/aktuell\/&amp;em_ivw=fr_poltop\" target=\"_blank\"> fr<\/a><\/p>\n<p><strong>Wiemeringhausen:<\/strong> Hubertus Moos&#8216; letzte \u00f6ffentliche B\u00fcrgersprechstunde &#8230; <a href=\"http:\/\/wiemeringhausen.blog.de\/2009\/10\/20\/sag-beim-abschied-leise-servus-7206161\/\" target=\"_blank\">wiemeringhausenblog<\/a><\/p>\n<p><strong>Heimatzeitung:<\/strong> Minister Laschet kommt nach Siedlinghausen &#8230; <a href=\"http:\/\/www.derwesten.de\/nachrichten\/staedte\/winterberg\/2009\/10\/23\/news-137992018\/detail.html\" target=\"_blank\">wpwinterberg<\/a><\/p>\n","protected":false},"excerpt":{"rendered":"<p>Deutschland: Schwarz-Gelb &#8230; spiegelfechter Internet-Zensur: Gelb Gut? Kommentare! &#8230; ruhrbarone Gr\u00fcne: Ab in die Mitte &#8230; fr Wiemeringhausen: Hubertus Moos&#8216; letzte \u00f6ffentliche B\u00fcrgersprechstunde &#8230; wiemeringhausenblog Heimatzeitung: Minister Laschet kommt nach &hellip; <a href=\"https:\/\/www.schiebener.net\/wordpress\/umleitung-21\/\" class=\"more-link\"><span class=\"screen-reader-text\">\u201eUmleitung: Schwarz-Gelb, Laschet, Gr\u00fcne, Wiemeringhausen und ein bisschen Zensur\u201c <\/span>weiterlesen<\/a><\/p>\n","protected":false},"author":3,"featured_media":0,"comment_status":"open","ping_status":"open","sticky":false,"template":"","format":"standard","meta":{"footnotes":""},"categories":[80,32,24],"tags":[164,602,904,804,883],"class_list":["post-5307","post","type-post","status-publish","format-standard","hentry","category-lokales","category-medien","category-politik","tag-grune","tag-internetzensur","tag-laschet","tag-merkelantismus","tag-wiemeringhausen"],"_links":{"self":[{"href":"https:\/\/www.schiebener.net\/wordpress\/wp-json\/wp\/v2\/posts\/5307","targetHints":{"allow":["GET"]}}],"collection":[{"href":"https:\/\/www.schiebener.net\/wordpress\/wp-json\/wp\/v2\/posts"}],"about":[{"href":"https:\/\/www.schiebener.net\/wordpress\/wp-json\/wp\/v2\/types\/post"}],"author":[{"embeddable":true,"href":"https:\/\/www.schiebener.net\/wordpress\/wp-json\/wp\/v2\/users\/3"}],"replies":[{"embeddable":true,"href":"https:\/\/www.schiebener.net\/wordpress\/wp-json\/wp\/v2\/comments?post=5307"}],"version-history":[{"count":0,"href":"https:\/\/www.schiebener.net\/wordpress\/wp-json\/wp\/v2\/posts\/5307\/revisions"}],"wp:attachment":[{"href":"https:\/\/www.schiebener.net\/wordpress\/wp-json\/wp\/v2\/media?parent=5307"}],"wp:term":[{"taxonomy":"category","embeddable":true,"href":"https:\/\/www.schiebener.net\/wordpress\/wp-json\/wp\/v2\/categories?post=5307"},{"taxonomy":"post_tag","embeddable":true,"href":"https:\/\/www.schiebener.net\/wordpress\/wp-json\/wp\/v2\/tags?post=5307"}],"curies":[{"name":"wp","href":"https:\/\/api.w.org\/{rel}","templated":true}]}}