{"id":52849,"date":"2022-08-05T20:45:52","date_gmt":"2022-08-05T18:45:52","guid":{"rendered":"https:\/\/www.schiebener.net\/wordpress\/?p=52849"},"modified":"2022-08-05T20:45:52","modified_gmt":"2022-08-05T18:45:52","slug":"der-stumme-schrei-nach-windraedern","status":"publish","type":"post","link":"https:\/\/www.schiebener.net\/wordpress\/der-stumme-schrei-nach-windraedern\/","title":{"rendered":"Der stumme Schrei nach Windr\u00e4dern"},"content":{"rendered":"<div class=\"wp-block-image\">\n<figure class=\"aligncenter size-large is-resized\"><a href=\"https:\/\/www.schiebener.net\/wordpress\/wp-content\/uploads\/2022\/08\/2022080501Altenfeld.jpg\" target=\"_blank\" rel=\"noreferrer noopener\"><img decoding=\"async\" src=\"https:\/\/www.schiebener.net\/wordpress\/wp-content\/uploads\/2022\/08\/2022080501Altenfeld-1024x678.jpg\" alt=\"\" class=\"wp-image-52850\" width=\"700\" srcset=\"https:\/\/www.schiebener.net\/wordpress\/wp-content\/uploads\/2022\/08\/2022080501Altenfeld-1024x678.jpg 1024w, https:\/\/www.schiebener.net\/wordpress\/wp-content\/uploads\/2022\/08\/2022080501Altenfeld-300x198.jpg 300w, https:\/\/www.schiebener.net\/wordpress\/wp-content\/uploads\/2022\/08\/2022080501Altenfeld-768x508.jpg 768w, https:\/\/www.schiebener.net\/wordpress\/wp-content\/uploads\/2022\/08\/2022080501Altenfeld-1536x1016.jpg 1536w, https:\/\/www.schiebener.net\/wordpress\/wp-content\/uploads\/2022\/08\/2022080501Altenfeld-1200x794.jpg 1200w, https:\/\/www.schiebener.net\/wordpress\/wp-content\/uploads\/2022\/08\/2022080501Altenfeld.jpg 2048w\" sizes=\"(max-width: 709px) 85vw, (max-width: 909px) 67vw, (max-width: 1362px) 62vw, 840px\" \/><\/a><figcaption>Plakat am Ortseingang von Altenfeld (foto: zoom)<\/figcaption><\/figure>\n<\/div>\n\n\n<p><strong>Schon viele Male bin ich an dem Plakat der Altenfelder Windkraftgegner*innen vorbeigefahren. Es m\u00fcssen Gegner*innen der erneuerbaren Energien sein, denn die Bef\u00fcrworter*innen h\u00e4ngen bei uns keine Plakate auf.<\/strong><br><br>Den Satz &#8222;Kein Anbau von Windr\u00e4dern &#8211; Todesurteil f\u00fcr die D\u00f6rfer!&#8220; kann man durchaus anders als wahrscheinlich beabsichtigt lesen: Wenn keine Windr\u00e4der angebaut werden, bedeutet das das Todesurteil f\u00fcr unsere D\u00f6rfer!<br><br>Analog zu: Keine Rentenerh\u00f6hung &#8211; Armut f\u00fcr die Alten! <br><br>Das Todesurteil \u00fcber den Fichtenwald ist jedenfalls schon gesprochen und zum Teil exekutiert.<br><br>Was kommt als n\u00e4chstes? <\/p>\n\n\n\n<p>Keine Verkehrswende &#8211; Mobilit\u00e4tskollaps in Winterberg!<br><br>Keine Windenergie &#8211; Energiekatastrophe f\u00fcr uns alle!<br><br>Kein \u00f6kologischer Anbau &#8211; Todesurteil f\u00fcr die Landwirtschaft!<br><br>Keine Energiewende &#8211; Hitze- und D\u00fcrre auch im Hochsauerland!<\/p>\n\n\n\n<p>Kein sanfter Tourismus &#8211; Todesurteil f\u00fcr unsere Skipisten!<br><br>Nun ja, so in der Art. <\/p>\n\n\n\n<p><br><br><\/p>\n","protected":false},"excerpt":{"rendered":"<p>Schon viele Male bin ich an dem Plakat der Altenfelder Windkraftgegner*innen vorbeigefahren. Es m\u00fcssen Gegner*innen der erneuerbaren Energien sein, denn die Bef\u00fcrworter*innen h\u00e4ngen bei uns keine Plakate auf. Den Satz &hellip; <a href=\"https:\/\/www.schiebener.net\/wordpress\/der-stumme-schrei-nach-windraedern\/\" class=\"more-link\"><span class=\"screen-reader-text\">\u201eDer stumme Schrei nach Windr\u00e4dern\u201c <\/span>weiterlesen<\/a><\/p>\n","protected":false},"author":3,"featured_media":0,"comment_status":"open","ping_status":"open","sticky":false,"template":"","format":"standard","meta":{"footnotes":""},"categories":[174,8406,80,2241],"tags":[4732,5647],"class_list":["post-52849","post","type-post","status-publish","format-standard","hentry","category-dit-und-dat","category-klimakrise","category-lokales","category-sprache","tag-windenergie","tag-windkraftgegner"],"_links":{"self":[{"href":"https:\/\/www.schiebener.net\/wordpress\/wp-json\/wp\/v2\/posts\/52849","targetHints":{"allow":["GET"]}}],"collection":[{"href":"https:\/\/www.schiebener.net\/wordpress\/wp-json\/wp\/v2\/posts"}],"about":[{"href":"https:\/\/www.schiebener.net\/wordpress\/wp-json\/wp\/v2\/types\/post"}],"author":[{"embeddable":true,"href":"https:\/\/www.schiebener.net\/wordpress\/wp-json\/wp\/v2\/users\/3"}],"replies":[{"embeddable":true,"href":"https:\/\/www.schiebener.net\/wordpress\/wp-json\/wp\/v2\/comments?post=52849"}],"version-history":[{"count":0,"href":"https:\/\/www.schiebener.net\/wordpress\/wp-json\/wp\/v2\/posts\/52849\/revisions"}],"wp:attachment":[{"href":"https:\/\/www.schiebener.net\/wordpress\/wp-json\/wp\/v2\/media?parent=52849"}],"wp:term":[{"taxonomy":"category","embeddable":true,"href":"https:\/\/www.schiebener.net\/wordpress\/wp-json\/wp\/v2\/categories?post=52849"},{"taxonomy":"post_tag","embeddable":true,"href":"https:\/\/www.schiebener.net\/wordpress\/wp-json\/wp\/v2\/tags?post=52849"}],"curies":[{"name":"wp","href":"https:\/\/api.w.org\/{rel}","templated":true}]}}