{"id":52844,"date":"2022-08-03T22:02:43","date_gmt":"2022-08-03T20:02:43","guid":{"rendered":"https:\/\/www.schiebener.net\/wordpress\/?p=52844"},"modified":"2022-08-03T22:10:11","modified_gmt":"2022-08-03T20:10:11","slug":"umleitung-klima-krise-ein-wall-um-luetzerath-gewalt-documenta-anarchismus-die-vorhoelle-in-niendorf-und-mehr","status":"publish","type":"post","link":"https:\/\/www.schiebener.net\/wordpress\/umleitung-klima-krise-ein-wall-um-luetzerath-gewalt-documenta-anarchismus-die-vorhoelle-in-niendorf-und-mehr\/","title":{"rendered":"Umleitung: Klima-Krise, ein Wall um L\u00fctzerath, Gewalt, Documenta, Anarchismus, die Vorh\u00f6lle in Niendorf und mehr&#8230;"},"content":{"rendered":"<div class=\"wp-block-image\">\n<figure class=\"aligncenter size-large is-resized\"><a href=\"https:\/\/www.schiebener.net\/wordpress\/wp-content\/uploads\/2022\/08\/2022072704Kassel.jpg\" target=\"_blank\" rel=\"noreferrer noopener\"><img decoding=\"async\" src=\"https:\/\/www.schiebener.net\/wordpress\/wp-content\/uploads\/2022\/08\/2022072704Kassel-1024x768.jpg\" alt=\"\" class=\"wp-image-52845\" width=\"700\" srcset=\"https:\/\/www.schiebener.net\/wordpress\/wp-content\/uploads\/2022\/08\/2022072704Kassel-1024x768.jpg 1024w, https:\/\/www.schiebener.net\/wordpress\/wp-content\/uploads\/2022\/08\/2022072704Kassel-300x225.jpg 300w, https:\/\/www.schiebener.net\/wordpress\/wp-content\/uploads\/2022\/08\/2022072704Kassel-768x576.jpg 768w, https:\/\/www.schiebener.net\/wordpress\/wp-content\/uploads\/2022\/08\/2022072704Kassel-1536x1151.jpg 1536w, https:\/\/www.schiebener.net\/wordpress\/wp-content\/uploads\/2022\/08\/2022072704Kassel-1200x899.jpg 1200w, https:\/\/www.schiebener.net\/wordpress\/wp-content\/uploads\/2022\/08\/2022072704Kassel.jpg 2048w\" sizes=\"(max-width: 709px) 85vw, (max-width: 909px) 67vw, (max-width: 1362px) 62vw, 840px\" \/><\/a><figcaption>Kann man die Documenta in Kassel (Bild oben)  und das Humbold-Forum in Berlin vergleichen? Ja, meint der Hamburger Historiker J\u00fcrgen Zimmerer in der Berliner Zeitung. (Link s.u) (foto: zoom)<\/figcaption><\/figure>\n<\/div>\n\n\n<p><strong>Extremwetter:<\/strong> Bisherige Rekorde werden deutlich \u00fcberschritten &#8230; <a href=\"https:\/\/www.bpb.de\/kurz-knapp\/hintergrund-aktuell\/511332\/extremwetter-bisherige-rekorde-werden-deutlich-ueberschritten\/\" target=\"_blank\" rel=\"noreferrer noopener\">bpb<\/a><\/p>\n\n\n\n<p><strong>\u201eH\u00e4tten sich \u00d6konomen nicht eingemischt, w\u00e4ren wir zwanzig Jahre weiter\u201c<\/strong>: Was uns zu einer tieferen Klimakrise f\u00fchrte als m\u00f6glich gewesen w\u00e4re &#8230; <a rel=\"noreferrer noopener\" href=\"https:\/\/scilogs.spektrum.de\/beobachtungen-der-wissenschaft\/zur-langen-ignoranz-der-politiker-und-oekonomen-was-uns-zu-einer-tieferen-klimakrise-fuehrte-als-moeglich-gewesen-waere\/\" target=\"_blank\">scilogs<\/a><\/p>\n\n\n\n<p><strong>Ein Wall um L\u00fctzerath:<\/strong> Kohlekonzern RWE bereitet Abbaggerung vor und st\u00f6\u00dft auf Protest &#8230; <a href=\"https:\/\/www.nd-aktuell.de\/artikel\/1165826.klimaproteste-ein-wall-um-luetzerath.html\" target=\"_blank\" rel=\"noreferrer noopener\">nd<\/a><\/p>\n\n\n\n<p><strong>Das Gewalt-Dilemma:<\/strong> Zwischen \u201eDie Waffen nieder!\u201c und \u201egerechter Krieg\u201c \u2013 Pazifismus und Anti-Militarismus in Kriegszeiten &#8230; <a href=\"https:\/\/misik.at\/2022\/07\/das-gewalt-dilemma\/\" target=\"_blank\" rel=\"noreferrer noopener\">misik<\/a><\/p>\n\n\n\n<p><strong>Humboldt-Forum und Documenta: <\/strong>Wir sollten aufh\u00f6ren mit zweierlei Ma\u00df zu messen &#8230; <a href=\"https:\/\/www.berliner-zeitung.de\/kultur-vergnuegen\/humboldt-forum-und-documenta-wir-sollten-aufhoeren-mit-zweierlei-mass-zu-messen-li.252352\" target=\"_blank\" rel=\"noreferrer noopener\">bz<\/a><\/p>\n\n\n\n<p><strong>Dortmund:<\/strong> F\u00fcnftes Anarchistisches Parkfest im Bl\u00fccherpark &#8230; <a href=\"https:\/\/www.nordstadtblogger.de\/5-anarchistisches-parkfest-im-bluecherpark\/\" target=\"_blank\" rel=\"noreferrer noopener\">nordstadtblogger<\/a><\/p>\n\n\n\n<p><strong>Die besten Fernseh- oder Streaming-Serien \u2013 Teil 2:<\/strong> Die 10 schlimmsten Fehler der TV-Serien &#8230; <a href=\"https:\/\/www.endoplast.de\/2022\/07\/22\/die-besten-fernseh-oder-streaming-serien-teil-2-die-10-schlimmsten-fehler-der-tv-serien\/\" target=\"_blank\" rel=\"noreferrer noopener\">endoplast<\/a><\/p>\n\n\n\n<p id=\"line1\"><strong>R\u00fcckzug in die Vorh\u00f6lle:<\/strong> Heinz Strunks Roman \u201eEin Sommer in Niendorf\u201c &#8230; <a href=\"https:\/\/www.revierpassagen.de\/126986\/rueckzug-in-die-vorhoelle-heinz-strunks-roman-ein-sommer-in-niendorf\/20220726_1957\" target=\"_blank\" rel=\"noreferrer noopener\">revierpassagen<\/a><\/p>\n\n\n\n<p><strong>Hagen-Hohenlimburg:<\/strong> Die renaturierte Lenne mit dem Rad&nbsp;erkunden &#8230; <a rel=\"noreferrer noopener\" href=\"https:\/\/doppelwacholder.wordpress.com\/2022\/08\/03\/die-renaturierte-lenne-mit-dem-rad-erkunden\/\" target=\"_blank\">doppelwacholder<\/a><\/p>\n","protected":false},"excerpt":{"rendered":"<p>Extremwetter: Bisherige Rekorde werden deutlich \u00fcberschritten &#8230; bpb \u201eH\u00e4tten sich \u00d6konomen nicht eingemischt, w\u00e4ren wir zwanzig Jahre weiter\u201c: Was uns zu einer tieferen Klimakrise f\u00fchrte als m\u00f6glich gewesen w\u00e4re &#8230; &hellip; <a href=\"https:\/\/www.schiebener.net\/wordpress\/umleitung-klima-krise-ein-wall-um-luetzerath-gewalt-documenta-anarchismus-die-vorhoelle-in-niendorf-und-mehr\/\" class=\"more-link\"><span class=\"screen-reader-text\">\u201eUmleitung: Klima-Krise, ein Wall um L\u00fctzerath, Gewalt, Documenta, Anarchismus, die Vorh\u00f6lle in Niendorf und mehr&#8230;\u201c <\/span>weiterlesen<\/a><\/p>\n","protected":false},"author":3,"featured_media":0,"comment_status":"open","ping_status":"open","sticky":false,"template":"","format":"standard","meta":{"footnotes":""},"categories":[8668,218,8406,674,854,24,379],"tags":[2763,404,6164,6035,8914,7686,9023,6765],"class_list":["post-52844","post","type-post","status-publish","format-standard","hentry","category-antisemitismus","category-bucher","category-klimakrise","category-kultur","category-kunst","category-politik","category-umleitung","tag-documenta","tag-dortmund","tag-humboldtforum","tag-lenne","tag-luetzerath","tag-niendorf","tag-pazifismus","tag-streaming"],"_links":{"self":[{"href":"https:\/\/www.schiebener.net\/wordpress\/wp-json\/wp\/v2\/posts\/52844","targetHints":{"allow":["GET"]}}],"collection":[{"href":"https:\/\/www.schiebener.net\/wordpress\/wp-json\/wp\/v2\/posts"}],"about":[{"href":"https:\/\/www.schiebener.net\/wordpress\/wp-json\/wp\/v2\/types\/post"}],"author":[{"embeddable":true,"href":"https:\/\/www.schiebener.net\/wordpress\/wp-json\/wp\/v2\/users\/3"}],"replies":[{"embeddable":true,"href":"https:\/\/www.schiebener.net\/wordpress\/wp-json\/wp\/v2\/comments?post=52844"}],"version-history":[{"count":0,"href":"https:\/\/www.schiebener.net\/wordpress\/wp-json\/wp\/v2\/posts\/52844\/revisions"}],"wp:attachment":[{"href":"https:\/\/www.schiebener.net\/wordpress\/wp-json\/wp\/v2\/media?parent=52844"}],"wp:term":[{"taxonomy":"category","embeddable":true,"href":"https:\/\/www.schiebener.net\/wordpress\/wp-json\/wp\/v2\/categories?post=52844"},{"taxonomy":"post_tag","embeddable":true,"href":"https:\/\/www.schiebener.net\/wordpress\/wp-json\/wp\/v2\/tags?post=52844"}],"curies":[{"name":"wp","href":"https:\/\/api.w.org\/{rel}","templated":true}]}}