{"id":52747,"date":"2022-07-23T14:42:55","date_gmt":"2022-07-23T12:42:55","guid":{"rendered":"https:\/\/www.schiebener.net\/wordpress\/?p=52747"},"modified":"2022-07-23T15:02:39","modified_gmt":"2022-07-23T13:02:39","slug":"so-verschwindet-oeffentlicher-raum-fussweg-weg","status":"publish","type":"post","link":"https:\/\/www.schiebener.net\/wordpress\/so-verschwindet-oeffentlicher-raum-fussweg-weg\/","title":{"rendered":"So verschwindet \u00f6ffentlicher Raum: Fu\u00dfweg weg"},"content":{"rendered":"<div class=\"wp-block-image\">\n<figure class=\"aligncenter size-full is-resized\"><a href=\"https:\/\/www.schiebener.net\/wordpress\/wp-content\/uploads\/2022\/07\/map.png\" target=\"_blank\" rel=\"noreferrer noopener\"><img decoding=\"async\" src=\"https:\/\/www.schiebener.net\/wordpress\/wp-content\/uploads\/2022\/07\/map.png\" alt=\"\" class=\"wp-image-52748\" width=\"700\" srcset=\"https:\/\/www.schiebener.net\/wordpress\/wp-content\/uploads\/2022\/07\/map.png 884w, https:\/\/www.schiebener.net\/wordpress\/wp-content\/uploads\/2022\/07\/map-300x217.png 300w, https:\/\/www.schiebener.net\/wordpress\/wp-content\/uploads\/2022\/07\/map-768x554.png 768w\" sizes=\"(max-width: 709px) 85vw, (max-width: 909px) 67vw, (max-width: 1362px) 62vw, 840px\" \/><\/a><figcaption>Das war einmal ein \u00f6ffentlicher Fu\u00dfweg: Die rot gestrichelte Linie in der Mitte zwischen dem Ende des Gartenwegs und der Sorpestra\u00dfe. (Bildausschnitt Openstreetmap vom 23.07 2022)<\/figcaption><\/figure>\n<\/div>\n\n\n<p><strong>Als ich gestern Nachmittag einen meiner \u00fcblichen Spazierg\u00e4nge durch den Ort machte, kam ich pl\u00f6tzlich am Ende des Gartenwegs nicht mehr weiter. Wo noch auf meinem letzten Spaziergang ein Fu\u00dfweg hoch zur Sorpestra\u00dfe gewesen war, sah ich nur noch Mauern und Privatgrundst\u00fccke. Keine Spur eines Weges. <\/strong><br><br>Ich schaute ein wenig ungl\u00e4ubig links und rechts an der Stelle, an der ich immer hinauf gegangen war. Ja, der Weg sei nicht mehr da, die Anlieger h\u00e4tten ihn von der Stadt gepachtet und in ihr Grundst\u00fcck eingef\u00fcgt, sagten mir ein paar Nachbarn.<br><br>Das ist erstaunlich, dachte ich bei mir, einfach so verschwunden &#8222;mein&#8220; alter Weg. Wie verwandelt sich ein St\u00fcck Gemeingut in Privateigentum?<br><br>So einfach kann das ja auch nicht gehen, habe ich heute Morgen gedacht. Irgendwo muss der Vorgang Spuren in den st\u00e4dtischen Gremien hinterlassen haben.<br><br>Aus den Unterlagen der Stadt im Ratsinformationssystem konnte ich die Geschichte, zumindest ihr Skelett, rekonstruieren.<br><br>Ich erz\u00e4hle sie freihand, damit es nicht zu b\u00fcrokratisch klingt.<br><br>Im April letzten Jahres stellten die Grundst\u00fccksnachbarn den Antrag an die Stadt den Bebauungsplan f\u00fcr das Weggrundst\u00fcck zu \u00e4ndern, damit sie den an ihr Grundst\u00fcck grenzenden Weg erwerben k\u00f6nnten. Dieser Fu\u00dfweg w\u00fcrde ja nicht ben\u00f6tigt. Die anderen Stra\u00dfennachbarn h\u00e4tten nichts gegen das Vorhaben, was mit einer Unterschriftenliste belegt wurde.<br><br>Der Antrag durchlief dann die Gremien des Rates der Stadt Winterberg vom Bau- und Planungsausschuss bis zum Rat. Dieser stimmte am 24. Juni vergangenen Jahres dem Antrag zu, einstimmig und ohne Enthaltungen.<br><br>Als ich das letzte Mal den Weg genutzt habe, war die ganze Sache also schon lange gelaufen und ich wusste es nicht, sonst h\u00e4tte ich mir schon fr\u00fcher ein paar Gedanken gemacht.<br><br>Auf der einen Seite g\u00f6nne ich den Grundst\u00fccksbesitzer:innen den Weg als Eigentumszuwachs, auf der anderen Seite bedauere ich jedes Verschwinden von \u00f6ffentlichem Raum.<br><br>Vielleicht war ich ja wirklich der einzige, der diesen Weg genutzt hat. Dann bin ich jetzt auch der einzige, der traurig ist.<br><br><br><br><\/p>\n","protected":false},"excerpt":{"rendered":"<p>Als ich gestern Nachmittag einen meiner \u00fcblichen Spazierg\u00e4nge durch den Ort machte, kam ich pl\u00f6tzlich am Ende des Gartenwegs nicht mehr weiter. Wo noch auf meinem letzten Spaziergang ein Fu\u00dfweg &hellip; <a href=\"https:\/\/www.schiebener.net\/wordpress\/so-verschwindet-oeffentlicher-raum-fussweg-weg\/\" class=\"more-link\"><span class=\"screen-reader-text\">\u201eSo verschwindet \u00f6ffentlicher Raum: Fu\u00dfweg weg\u201c <\/span>weiterlesen<\/a><\/p>\n","protected":false},"author":3,"featured_media":0,"comment_status":"open","ping_status":"open","sticky":false,"template":"","format":"standard","meta":{"footnotes":""},"categories":[80,618],"tags":[9022,9021,8097],"class_list":["post-52747","post","type-post","status-publish","format-standard","hentry","category-lokales","category-verkehr","tag-fussweg","tag-gartenweg","tag-sorpestrasse"],"_links":{"self":[{"href":"https:\/\/www.schiebener.net\/wordpress\/wp-json\/wp\/v2\/posts\/52747","targetHints":{"allow":["GET"]}}],"collection":[{"href":"https:\/\/www.schiebener.net\/wordpress\/wp-json\/wp\/v2\/posts"}],"about":[{"href":"https:\/\/www.schiebener.net\/wordpress\/wp-json\/wp\/v2\/types\/post"}],"author":[{"embeddable":true,"href":"https:\/\/www.schiebener.net\/wordpress\/wp-json\/wp\/v2\/users\/3"}],"replies":[{"embeddable":true,"href":"https:\/\/www.schiebener.net\/wordpress\/wp-json\/wp\/v2\/comments?post=52747"}],"version-history":[{"count":0,"href":"https:\/\/www.schiebener.net\/wordpress\/wp-json\/wp\/v2\/posts\/52747\/revisions"}],"wp:attachment":[{"href":"https:\/\/www.schiebener.net\/wordpress\/wp-json\/wp\/v2\/media?parent=52747"}],"wp:term":[{"taxonomy":"category","embeddable":true,"href":"https:\/\/www.schiebener.net\/wordpress\/wp-json\/wp\/v2\/categories?post=52747"},{"taxonomy":"post_tag","embeddable":true,"href":"https:\/\/www.schiebener.net\/wordpress\/wp-json\/wp\/v2\/tags?post=52747"}],"curies":[{"name":"wp","href":"https:\/\/api.w.org\/{rel}","templated":true}]}}