{"id":52723,"date":"2022-07-18T23:55:35","date_gmt":"2022-07-18T21:55:35","guid":{"rendered":"https:\/\/www.schiebener.net\/wordpress\/?p=52723"},"modified":"2022-07-19T11:03:06","modified_gmt":"2022-07-19T09:03:06","slug":"hummeln-und-assoziationen","status":"publish","type":"post","link":"https:\/\/www.schiebener.net\/wordpress\/hummeln-und-assoziationen\/","title":{"rendered":"Hummeln und Assoziationen"},"content":{"rendered":"<div class=\"wp-block-image\">\n<figure class=\"aligncenter size-large is-resized\"><a href=\"https:\/\/www.schiebener.net\/wordpress\/wp-content\/uploads\/2022\/07\/2022071701Hummel.jpg\" target=\"_blank\" rel=\"noreferrer noopener\"><img decoding=\"async\" src=\"https:\/\/www.schiebener.net\/wordpress\/wp-content\/uploads\/2022\/07\/2022071701Hummel-1024x683.jpg\" alt=\"\" class=\"wp-image-52724\" width=\"700\" srcset=\"https:\/\/www.schiebener.net\/wordpress\/wp-content\/uploads\/2022\/07\/2022071701Hummel-1024x683.jpg 1024w, https:\/\/www.schiebener.net\/wordpress\/wp-content\/uploads\/2022\/07\/2022071701Hummel-300x200.jpg 300w, https:\/\/www.schiebener.net\/wordpress\/wp-content\/uploads\/2022\/07\/2022071701Hummel-768x512.jpg 768w, https:\/\/www.schiebener.net\/wordpress\/wp-content\/uploads\/2022\/07\/2022071701Hummel-1536x1024.jpg 1536w, https:\/\/www.schiebener.net\/wordpress\/wp-content\/uploads\/2022\/07\/2022071701Hummel-1200x800.jpg 1200w, https:\/\/www.schiebener.net\/wordpress\/wp-content\/uploads\/2022\/07\/2022071701Hummel.jpg 2048w\" sizes=\"(max-width: 709px) 85vw, (max-width: 909px) 67vw, (max-width: 1362px) 62vw, 840px\" \/><\/a><figcaption>Abendspaziergang: Hummel im Klee (foto: zoom)<\/figcaption><\/figure>\n<\/div>\n\n\n<p><strong>Nach einer Woche Abwesenheit habe ich mich im Ort umgesehen. Viel hat sich nicht ver\u00e4ndert, eigentlich gar nichts. <\/strong><br><br>Die Hummeln gehen weiterhin auf Nahrungssuche. Sie sind leichter zu fotografieren als beispielsweise die flatterhaften Schmetterlinge, die sehr sensibel auf St\u00f6rungen reagieren und ihre Bl\u00fcten bei Ann\u00e4herung blitzschnell verlassen k\u00f6nnen.<br><br>Was ich in der gro\u00dfen Stadt im Norden in sieben Tagen angestellt habe, bekomme ich noch nicht sortiert und bewertet, also vorerst kein Blogbeitrag.<br><br>Stichworte<br><br>F\u00fcr den Kopf: Medizinhistorisches Museum<br><br>F\u00fcr den K\u00f6rper: alle Wege mit dem Rad<br><br>Zur Zerstreuung: Flugzeuge starten und landen sehen<br><br>Zur Entspannung: G\u00e4rten in den Parks besuchen<br><br>F\u00fcr den Genu\u00df: Caf\u00e9s und Restaurants<br><br>F\u00fcr das Soziale: mit der Familie im Kleingarten<br><br>F\u00fcr die Vielfalt: den Sprachen im Stadtpark lauschen<br><br>F\u00fcr die politsche Bildung: in eine Hafenarbeiter-Demo geraten<br><br>F\u00fcr den &#8222;Sozialneid&#8220;: die Sch\u00f6nen, die Reichen, die Botox-Lippen am See<\/p>\n\n\n\n<p>F\u00fcr das andere Ende: am Samstag Abend bei Penny einkaufen<br><br>F\u00fcr das &#8222;Wei\u00dft du noch?&#8220;: Berufsverboteausstellung im Rathaus<br><br>Das Verbindende: die alten Radwege entlang der Gew\u00e4sser<br><br>F\u00fcr die Ausnahme (Auto): ein Tag an der Ostsee<br><br>F\u00fcr den Bezug zum Bild: Hummeln im Hintern<br><br>F\u00fcr das Ende: offen<\/p>\n","protected":false},"excerpt":{"rendered":"<p>Nach einer Woche Abwesenheit habe ich mich im Ort umgesehen. Viel hat sich nicht ver\u00e4ndert, eigentlich gar nichts. Die Hummeln gehen weiterhin auf Nahrungssuche. Sie sind leichter zu fotografieren als &hellip; <a href=\"https:\/\/www.schiebener.net\/wordpress\/hummeln-und-assoziationen\/\" class=\"more-link\"><span class=\"screen-reader-text\">\u201eHummeln und Assoziationen\u201c <\/span>weiterlesen<\/a><\/p>\n","protected":false},"author":3,"featured_media":0,"comment_status":"open","ping_status":"open","sticky":false,"template":"","format":"standard","meta":{"footnotes":""},"categories":[174,83,2489,2729],"tags":[7438,3782],"class_list":["post-52723","post","type-post","status-publish","format-standard","hentry","category-dit-und-dat","category-hamburg-allgemein","category-in-eigener-sache","category-reisen","tag-hummeln","tag-radfahren"],"_links":{"self":[{"href":"https:\/\/www.schiebener.net\/wordpress\/wp-json\/wp\/v2\/posts\/52723","targetHints":{"allow":["GET"]}}],"collection":[{"href":"https:\/\/www.schiebener.net\/wordpress\/wp-json\/wp\/v2\/posts"}],"about":[{"href":"https:\/\/www.schiebener.net\/wordpress\/wp-json\/wp\/v2\/types\/post"}],"author":[{"embeddable":true,"href":"https:\/\/www.schiebener.net\/wordpress\/wp-json\/wp\/v2\/users\/3"}],"replies":[{"embeddable":true,"href":"https:\/\/www.schiebener.net\/wordpress\/wp-json\/wp\/v2\/comments?post=52723"}],"version-history":[{"count":0,"href":"https:\/\/www.schiebener.net\/wordpress\/wp-json\/wp\/v2\/posts\/52723\/revisions"}],"wp:attachment":[{"href":"https:\/\/www.schiebener.net\/wordpress\/wp-json\/wp\/v2\/media?parent=52723"}],"wp:term":[{"taxonomy":"category","embeddable":true,"href":"https:\/\/www.schiebener.net\/wordpress\/wp-json\/wp\/v2\/categories?post=52723"},{"taxonomy":"post_tag","embeddable":true,"href":"https:\/\/www.schiebener.net\/wordpress\/wp-json\/wp\/v2\/tags?post=52723"}],"curies":[{"name":"wp","href":"https:\/\/api.w.org\/{rel}","templated":true}]}}