{"id":52660,"date":"2022-07-08T10:00:41","date_gmt":"2022-07-08T08:00:41","guid":{"rendered":"https:\/\/www.schiebener.net\/wordpress\/?p=52660"},"modified":"2022-07-08T10:00:41","modified_gmt":"2022-07-08T08:00:41","slug":"streifzug-durch-kassel","status":"publish","type":"post","link":"https:\/\/www.schiebener.net\/wordpress\/streifzug-durch-kassel\/","title":{"rendered":"Streifzug durch Kassel"},"content":{"rendered":"<div class=\"wp-block-image\">\n<figure class=\"aligncenter size-large is-resized\"><a href=\"https:\/\/www.schiebener.net\/wordpress\/wp-content\/uploads\/2022\/07\/2022070602Kassel.jpg\" target=\"_blank\" rel=\"noreferrer noopener\"><img decoding=\"async\" src=\"https:\/\/www.schiebener.net\/wordpress\/wp-content\/uploads\/2022\/07\/2022070602Kassel-1024x683.jpg\" alt=\"\" class=\"wp-image-52661\" width=\"700\" srcset=\"https:\/\/www.schiebener.net\/wordpress\/wp-content\/uploads\/2022\/07\/2022070602Kassel-1024x683.jpg 1024w, https:\/\/www.schiebener.net\/wordpress\/wp-content\/uploads\/2022\/07\/2022070602Kassel-300x200.jpg 300w, https:\/\/www.schiebener.net\/wordpress\/wp-content\/uploads\/2022\/07\/2022070602Kassel-768x512.jpg 768w, https:\/\/www.schiebener.net\/wordpress\/wp-content\/uploads\/2022\/07\/2022070602Kassel-1536x1024.jpg 1536w, https:\/\/www.schiebener.net\/wordpress\/wp-content\/uploads\/2022\/07\/2022070602Kassel-1200x800.jpg 1200w, https:\/\/www.schiebener.net\/wordpress\/wp-content\/uploads\/2022\/07\/2022070602Kassel.jpg 2048w\" sizes=\"(max-width: 709px) 85vw, (max-width: 909px) 67vw, (max-width: 1362px) 62vw, 840px\" \/><\/a><figcaption>Stadtpanorama (foto: zoom)<\/figcaption><\/figure>\n<\/div>\n\n\n<p><strong>Die wichtigsten Dinge, die ich in Kassel tue, tauchen auf meine Bildern nicht auf. Erstens nette Menschen treffen, zweitens im Freibad Wilhelmsh\u00f6he ein paar Bahnen schwimmen, drittens mit der Tram fahren, viertens die Murhardsche Bibliothek besuchen und f\u00fcnftens im Caf\u00e9 sitzen, konsumieren und kommunizieren.<\/strong><\/p>\n\n\n\n<p>Wenn sich sechstens Spazierg\u00e4nge anschlie\u00dfen, mache ich einige Fotos, wobei die Documenta lediglich en passant auftaucht. Sie ist zur Zeit kein Ziel und dr\u00e4ngt sich mir auch nicht auf.<\/p>\n\n\n<div class=\"wp-block-image\">\n<figure class=\"aligncenter size-large is-resized\"><a href=\"https:\/\/www.schiebener.net\/wordpress\/wp-content\/uploads\/2022\/07\/2022070604Kassel.jpg\" target=\"_blank\" rel=\"noreferrer noopener\"><img decoding=\"async\" src=\"https:\/\/www.schiebener.net\/wordpress\/wp-content\/uploads\/2022\/07\/2022070604Kassel-1024x665.jpg\" alt=\"\" class=\"wp-image-52662\" width=\"700\" srcset=\"https:\/\/www.schiebener.net\/wordpress\/wp-content\/uploads\/2022\/07\/2022070604Kassel-1024x665.jpg 1024w, https:\/\/www.schiebener.net\/wordpress\/wp-content\/uploads\/2022\/07\/2022070604Kassel-300x195.jpg 300w, https:\/\/www.schiebener.net\/wordpress\/wp-content\/uploads\/2022\/07\/2022070604Kassel-768x499.jpg 768w, https:\/\/www.schiebener.net\/wordpress\/wp-content\/uploads\/2022\/07\/2022070604Kassel-1536x998.jpg 1536w, https:\/\/www.schiebener.net\/wordpress\/wp-content\/uploads\/2022\/07\/2022070604Kassel-1200x779.jpg 1200w, https:\/\/www.schiebener.net\/wordpress\/wp-content\/uploads\/2022\/07\/2022070604Kassel.jpg 2048w\" sizes=\"(max-width: 709px) 85vw, (max-width: 909px) 67vw, (max-width: 1362px) 62vw, 840px\" \/><\/a><figcaption>Was haben die Wandalen mit dem Vandalismus zu tun? (foto: zoom)<\/figcaption><\/figure>\n<\/div>\n\n\n<p>H\u00e4ufig bleibe ich vor W\u00e4nden stehen und \u00fcberlege, ob irgendwann Zeiten kommen werden, in denen die Graffiti verschwunden sein wird. Alles sauber, nackte Fassaden, leere Mauern, niemand mehr da, der oder die sich ausdr\u00fccken will, wenigstens nicht durch Urban Art oder deren Vorstufe. BTW: wo ist die Grenze?<\/p>\n\n\n<div class=\"wp-block-image\">\n<figure class=\"aligncenter size-large is-resized\"><a href=\"https:\/\/www.schiebener.net\/wordpress\/wp-content\/uploads\/2022\/07\/2022070606Kassel.jpg\" target=\"_blank\" rel=\"noreferrer noopener\"><img decoding=\"async\" src=\"https:\/\/www.schiebener.net\/wordpress\/wp-content\/uploads\/2022\/07\/2022070606Kassel-1024x683.jpg\" alt=\"\" class=\"wp-image-52663\" width=\"700\" srcset=\"https:\/\/www.schiebener.net\/wordpress\/wp-content\/uploads\/2022\/07\/2022070606Kassel-1024x683.jpg 1024w, https:\/\/www.schiebener.net\/wordpress\/wp-content\/uploads\/2022\/07\/2022070606Kassel-300x200.jpg 300w, https:\/\/www.schiebener.net\/wordpress\/wp-content\/uploads\/2022\/07\/2022070606Kassel-768x512.jpg 768w, https:\/\/www.schiebener.net\/wordpress\/wp-content\/uploads\/2022\/07\/2022070606Kassel-1536x1024.jpg 1536w, https:\/\/www.schiebener.net\/wordpress\/wp-content\/uploads\/2022\/07\/2022070606Kassel-1200x800.jpg 1200w, https:\/\/www.schiebener.net\/wordpress\/wp-content\/uploads\/2022\/07\/2022070606Kassel.jpg 2048w\" sizes=\"(max-width: 709px) 85vw, (max-width: 909px) 67vw, (max-width: 1362px) 62vw, 840px\" \/><\/a><figcaption>Documenta? Bauwagen? Toi toi! (foto: zoom)<\/figcaption><\/figure>\n<\/div>\n\n\n<p>Der <em>Ritt auf dem Tiger <\/em>ist vielleicht Teil der \u00f6ffentlichen Documenta, aber mit Bestimmtheit wei\u00df ich es nicht. Gen\u00fcgend Metaphorik ist jedenfalls auf dem Bauwagen vorhanden.<\/p>\n\n\n<div class=\"wp-block-image\">\n<figure class=\"aligncenter size-large is-resized\"><a href=\"https:\/\/www.schiebener.net\/wordpress\/wp-content\/uploads\/2022\/07\/2022070603Kassel.jpg\" target=\"_blank\" rel=\"noreferrer noopener\"><img decoding=\"async\" src=\"https:\/\/www.schiebener.net\/wordpress\/wp-content\/uploads\/2022\/07\/2022070603Kassel-1024x630.jpg\" alt=\"\" class=\"wp-image-52664\" width=\"700\" srcset=\"https:\/\/www.schiebener.net\/wordpress\/wp-content\/uploads\/2022\/07\/2022070603Kassel-1024x630.jpg 1024w, https:\/\/www.schiebener.net\/wordpress\/wp-content\/uploads\/2022\/07\/2022070603Kassel-300x184.jpg 300w, https:\/\/www.schiebener.net\/wordpress\/wp-content\/uploads\/2022\/07\/2022070603Kassel-768x472.jpg 768w, https:\/\/www.schiebener.net\/wordpress\/wp-content\/uploads\/2022\/07\/2022070603Kassel-1536x944.jpg 1536w, https:\/\/www.schiebener.net\/wordpress\/wp-content\/uploads\/2022\/07\/2022070603Kassel-1200x738.jpg 1200w, https:\/\/www.schiebener.net\/wordpress\/wp-content\/uploads\/2022\/07\/2022070603Kassel.jpg 2048w\" sizes=\"(max-width: 709px) 85vw, (max-width: 909px) 67vw, (max-width: 1362px) 62vw, 840px\" \/><\/a><figcaption>Ist das ein Gewaltaufruf? (No 1) (foto: zoom)<\/figcaption><\/figure>\n<\/div>\n\n\n<p>Macht Olaf Scholz den Eindruck, dass man ihn schubsen k\u00f6nne? Beim G20-Gipfel in Hamburg ging die Gewalt sprichw\u00f6rtlich vom Staate aus. Bei Aussagen von Scholz zum CumEx-Skandal f\u00fchrten Versuche ihn zur Aussage zu schubsen zu Ged\u00e4chtnisverlusten. Schubsen scheint mir ein frommer Wunsch und keine realistische Handlungsalternative (zu was eigentlich?) zu sein.<\/p>\n\n\n\n<figure class=\"wp-block-image size-large\"><a href=\"https:\/\/www.schiebener.net\/wordpress\/wp-content\/uploads\/2022\/07\/2022070607Kassel.jpg\" target=\"_blank\" rel=\"noreferrer noopener\"><img loading=\"lazy\" decoding=\"async\" width=\"683\" height=\"1024\" src=\"https:\/\/www.schiebener.net\/wordpress\/wp-content\/uploads\/2022\/07\/2022070607Kassel-683x1024.jpg\" alt=\"\" class=\"wp-image-52665\" srcset=\"https:\/\/www.schiebener.net\/wordpress\/wp-content\/uploads\/2022\/07\/2022070607Kassel-683x1024.jpg 683w, https:\/\/www.schiebener.net\/wordpress\/wp-content\/uploads\/2022\/07\/2022070607Kassel-200x300.jpg 200w, https:\/\/www.schiebener.net\/wordpress\/wp-content\/uploads\/2022\/07\/2022070607Kassel-768x1152.jpg 768w, https:\/\/www.schiebener.net\/wordpress\/wp-content\/uploads\/2022\/07\/2022070607Kassel-1024x1536.jpg 1024w, https:\/\/www.schiebener.net\/wordpress\/wp-content\/uploads\/2022\/07\/2022070607Kassel-1200x1800.jpg 1200w, https:\/\/www.schiebener.net\/wordpress\/wp-content\/uploads\/2022\/07\/2022070607Kassel.jpg 1365w\" sizes=\"auto, (max-width: 709px) 85vw, (max-width: 909px) 67vw, (max-width: 984px) 61vw, (max-width: 1362px) 45vw, 600px\" \/><\/a><figcaption>Absturz, Angriff oder Gewalt? (foto: zoom)<\/figcaption><\/figure>\n\n\n\n<p>Rug Bombs ist nun aber wirklich ein Kunstprojekt an der Br\u00fcderkirche. &#8222;Tanks, fighter jets, bombed-out cities, people fleeing. The subjects in RUG BOMBS are a savage depiction of the world\u2019s current situation.&#8220; <\/p>\n\n\n\n<p>Hier kann man sich weiter informieren: <a href=\"https:\/\/www.rug-bombs.com\/\" target=\"_blank\" rel=\"noreferrer noopener\">https:\/\/www.rug-bombs.com\/<\/a><\/p>\n\n\n<div class=\"wp-block-image\">\n<figure class=\"aligncenter size-large is-resized\"><a href=\"https:\/\/www.schiebener.net\/wordpress\/wp-content\/uploads\/2022\/07\/2022070601Kassel.jpg\" target=\"_blank\" rel=\"noreferrer noopener\"><img decoding=\"async\" src=\"https:\/\/www.schiebener.net\/wordpress\/wp-content\/uploads\/2022\/07\/2022070601Kassel-1024x683.jpg\" alt=\"\" class=\"wp-image-52666\" width=\"700\" srcset=\"https:\/\/www.schiebener.net\/wordpress\/wp-content\/uploads\/2022\/07\/2022070601Kassel-1024x683.jpg 1024w, https:\/\/www.schiebener.net\/wordpress\/wp-content\/uploads\/2022\/07\/2022070601Kassel-300x200.jpg 300w, https:\/\/www.schiebener.net\/wordpress\/wp-content\/uploads\/2022\/07\/2022070601Kassel-768x512.jpg 768w, https:\/\/www.schiebener.net\/wordpress\/wp-content\/uploads\/2022\/07\/2022070601Kassel-1536x1024.jpg 1536w, https:\/\/www.schiebener.net\/wordpress\/wp-content\/uploads\/2022\/07\/2022070601Kassel-1200x800.jpg 1200w, https:\/\/www.schiebener.net\/wordpress\/wp-content\/uploads\/2022\/07\/2022070601Kassel.jpg 2048w\" sizes=\"(max-width: 709px) 85vw, (max-width: 909px) 67vw, (max-width: 1362px) 62vw, 840px\" \/><\/a><figcaption>Ist das ein Gewaltaufruf? (No 2) (foto: zoom)<\/figcaption><\/figure>\n<\/div>\n\n\n<p>Das <em>Antifa-Mural<\/em> scheint mir kein Teil der Documenta zu sein. Es ist auch von der gegen\u00fcberliegenden Seite der Fulda weithin sichtbar. Sehr plakativ, keine tiefere Bedeutung.<\/p>\n\n\n<div class=\"wp-block-image\">\n<figure class=\"aligncenter size-large is-resized\"><a href=\"https:\/\/www.schiebener.net\/wordpress\/wp-content\/uploads\/2022\/07\/2022070605Kassel.jpg\" target=\"_blank\" rel=\"noreferrer noopener\"><img decoding=\"async\" src=\"https:\/\/www.schiebener.net\/wordpress\/wp-content\/uploads\/2022\/07\/2022070605Kassel-1024x683.jpg\" alt=\"\" class=\"wp-image-52667\" width=\"700\" srcset=\"https:\/\/www.schiebener.net\/wordpress\/wp-content\/uploads\/2022\/07\/2022070605Kassel-1024x683.jpg 1024w, https:\/\/www.schiebener.net\/wordpress\/wp-content\/uploads\/2022\/07\/2022070605Kassel-300x200.jpg 300w, https:\/\/www.schiebener.net\/wordpress\/wp-content\/uploads\/2022\/07\/2022070605Kassel-768x512.jpg 768w, https:\/\/www.schiebener.net\/wordpress\/wp-content\/uploads\/2022\/07\/2022070605Kassel-1536x1024.jpg 1536w, https:\/\/www.schiebener.net\/wordpress\/wp-content\/uploads\/2022\/07\/2022070605Kassel-1200x800.jpg 1200w, https:\/\/www.schiebener.net\/wordpress\/wp-content\/uploads\/2022\/07\/2022070605Kassel.jpg 2048w\" sizes=\"(max-width: 709px) 85vw, (max-width: 909px) 67vw, (max-width: 1362px) 62vw, 840px\" \/><\/a><figcaption>Wir finden dich! Polizeihubschrauber \u00fcber der Fulda (foto: zoom)<\/figcaption><\/figure>\n<\/div>\n\n\n<p>W\u00e4hrend ich das Antifa-Graffito auf der anderen Seite der Fulda betrachtete, kreiste sehr lange ein Polizeihubschrauber \u00fcber uns. Um mich herum taten alle das Gleiche wie ich, n\u00e4mlich den Hubschrauber fotografieren und filmen.<br><br>Noch in Echtzeit tauchte bei <em>Kassel-Memes<\/em> die Vermutung &#8211; nat\u00fcrlich als Meme &#8211;  auf, dass der <em>&#8222;Gott-kommt-Mann&#8220;<\/em> gesucht w\u00fcrde. Verbl\u00fcffend schnell, noch bevor die Polizei schlussendlich abzog.<br><br>Wer in den letzten Monaten in Kassel am K\u00f6nigsplatz einkaufen war, ist ihm bestimmt schon begegnet, dem <em>&#8222;Gott-kommt-Mann&#8220;<\/em>. Unerm\u00fcdlich geht er die Stra\u00dfe auf und ab und ruft dabei in regelm\u00e4\u00dfigen Abst\u00e4nden:<\/p>\n\n\n\n<figure class=\"wp-block-audio\"><audio controls src=\"https:\/\/www.schiebener.net\/wordpress\/wp-content\/uploads\/2022\/07\/20220227GottKommt.mp3\"><\/audio><figcaption>Beim letzten Mal habe ich ihn nicht mehr geh\u00f6rt oder gesehen.<\/figcaption><\/figure>\n\n\n\n<p>Bei meinen letzten Besuchen habe ich ihn nicht mehr geh\u00f6rt oder gesehen. War ich zur falschen Zeit am falschen Ort? Vielleicht enth\u00e4lt das Meme ein K\u00f6rnchen Wahrheit. <br><br>Wer wei\u00df mehr?<br><br><br><br><\/p>\n","protected":false},"excerpt":{"rendered":"<p>Die wichtigsten Dinge, die ich in Kassel tue, tauchen auf meine Bildern nicht auf. Erstens nette Menschen treffen, zweitens im Freibad Wilhelmsh\u00f6he ein paar Bahnen schwimmen, drittens mit der Tram &hellip; <a href=\"https:\/\/www.schiebener.net\/wordpress\/streifzug-durch-kassel\/\" class=\"more-link\"><span class=\"screen-reader-text\">\u201eStreifzug durch Kassel\u201c <\/span>weiterlesen<\/a><\/p>\n","protected":false},"author":3,"featured_media":0,"comment_status":"open","ping_status":"open","sticky":false,"template":"","format":"standard","meta":{"footnotes":""},"categories":[174,2729],"tags":[2270],"class_list":["post-52660","post","type-post","status-publish","format-standard","hentry","category-dit-und-dat","category-reisen","tag-kassel"],"_links":{"self":[{"href":"https:\/\/www.schiebener.net\/wordpress\/wp-json\/wp\/v2\/posts\/52660","targetHints":{"allow":["GET"]}}],"collection":[{"href":"https:\/\/www.schiebener.net\/wordpress\/wp-json\/wp\/v2\/posts"}],"about":[{"href":"https:\/\/www.schiebener.net\/wordpress\/wp-json\/wp\/v2\/types\/post"}],"author":[{"embeddable":true,"href":"https:\/\/www.schiebener.net\/wordpress\/wp-json\/wp\/v2\/users\/3"}],"replies":[{"embeddable":true,"href":"https:\/\/www.schiebener.net\/wordpress\/wp-json\/wp\/v2\/comments?post=52660"}],"version-history":[{"count":0,"href":"https:\/\/www.schiebener.net\/wordpress\/wp-json\/wp\/v2\/posts\/52660\/revisions"}],"wp:attachment":[{"href":"https:\/\/www.schiebener.net\/wordpress\/wp-json\/wp\/v2\/media?parent=52660"}],"wp:term":[{"taxonomy":"category","embeddable":true,"href":"https:\/\/www.schiebener.net\/wordpress\/wp-json\/wp\/v2\/categories?post=52660"},{"taxonomy":"post_tag","embeddable":true,"href":"https:\/\/www.schiebener.net\/wordpress\/wp-json\/wp\/v2\/tags?post=52660"}],"curies":[{"name":"wp","href":"https:\/\/api.w.org\/{rel}","templated":true}]}}