{"id":52558,"date":"2022-06-24T10:22:29","date_gmt":"2022-06-24T08:22:29","guid":{"rendered":"https:\/\/www.schiebener.net\/wordpress\/?p=52558"},"modified":"2022-06-24T10:26:05","modified_gmt":"2022-06-24T08:26:05","slug":"moin-ihr-bremsscheiben-und-hygienefilter-haha-hatschi","status":"publish","type":"post","link":"https:\/\/www.schiebener.net\/wordpress\/moin-ihr-bremsscheiben-und-hygienefilter-haha-hatschi\/","title":{"rendered":"Moin, ihr Bremsscheiben und Hygienefilter: Haha, Hatschi!"},"content":{"rendered":"<div class=\"wp-block-image\">\n<figure class=\"aligncenter size-large is-resized\"><a href=\"https:\/\/www.schiebener.net\/wordpress\/wp-content\/uploads\/2022\/06\/20220624SiebenTageInzidenzen.jpg\" target=\"_blank\" rel=\"noreferrer noopener\"><img decoding=\"async\" src=\"https:\/\/www.schiebener.net\/wordpress\/wp-content\/uploads\/2022\/06\/20220624SiebenTageInzidenzen-1024x491.jpg\" alt=\"\" class=\"wp-image-52559\" width=\"700\" srcset=\"https:\/\/www.schiebener.net\/wordpress\/wp-content\/uploads\/2022\/06\/20220624SiebenTageInzidenzen-1024x491.jpg 1024w, https:\/\/www.schiebener.net\/wordpress\/wp-content\/uploads\/2022\/06\/20220624SiebenTageInzidenzen-300x144.jpg 300w, https:\/\/www.schiebener.net\/wordpress\/wp-content\/uploads\/2022\/06\/20220624SiebenTageInzidenzen-768x369.jpg 768w, https:\/\/www.schiebener.net\/wordpress\/wp-content\/uploads\/2022\/06\/20220624SiebenTageInzidenzen-1536x737.jpg 1536w, https:\/\/www.schiebener.net\/wordpress\/wp-content\/uploads\/2022\/06\/20220624SiebenTageInzidenzen-1200x576.jpg 1200w, https:\/\/www.schiebener.net\/wordpress\/wp-content\/uploads\/2022\/06\/20220624SiebenTageInzidenzen.jpg 1865w\" sizes=\"(max-width: 709px) 85vw, (max-width: 909px) 67vw, (max-width: 1362px) 62vw, 840px\" \/><\/a><figcaption>Die Entwicklung der 7-Tage-Inzidenz (RKI) im Hochsauerlandkreis seit dem 10. Juni 2022 (Quelle: Corona-Dashboard HSK)<\/figcaption><\/figure>\n<\/div>\n\n\n<p><strong>Am letzten Schultag hat der Hochsauerland noch einmal alles gegeben und eine 7-Tage-Inzidenz von 1203,3 hingelegt.<\/strong><br><br>Gut, dass die Infektionen nicht mehr transparent kommuniziert werden und allerlei widerspr\u00fcchliches Zeug (Maske, keine Maske, Long Covid, nur ein Schnupfen) diskutiert wird.<br><br>So bin ich leider auf die Ger\u00fcchtek\u00fcche, das H\u00f6ren und Sagen angewiesen. Die Abi-Feiern und Sportfeste scheinen in den Erziehungsanstalten Wirkung zu zeigen.<br><br>Viel Spa\u00df auf den Flugh\u00e4fen. Jede und jeder sollte ja die M\u00f6glichkeit haben, das Virus jetzt im Sommer kennenzulernen.<br><br>Ist nur ein Schnupfen.<br><br>Dummheit trifft Pandemiem\u00fcdigkeit, Profitgier trifft Schei\u00dfegal.<br><br>&#8212;&#8212;&#8212;&#8212;-<br><br><strong><em>Zahlen gibt es u.a. hier:<\/em><\/strong><br><br>Hochsauerland:<br><br><a rel=\"noreferrer noopener\" href=\"https:\/\/geoservice.maps.arcgis.com\/apps\/dashboards\/2feec67440fe4e00bb3abf678a9f503a\" target=\"_blank\">https:\/\/geoservice.maps.arcgis.com\/apps\/dashboards\/2feec67440fe4e00bb3abf678a9f503a<\/a><br><br>Deutschland, Bundesl\u00e4nder und Kreise (RKI):<br><br><a rel=\"noreferrer noopener\" href=\"https:\/\/experience.arcgis.com\/experience\/478220a4c454480e823b17327b2bf1d4\" target=\"_blank\">https:\/\/experience.arcgis.com\/experience\/478220a4c454480e823b17327b2bf1d4<\/a><br><br><\/p>\n","protected":false},"excerpt":{"rendered":"<p>Am letzten Schultag hat der Hochsauerland noch einmal alles gegeben und eine 7-Tage-Inzidenz von 1203,3 hingelegt. Gut, dass die Infektionen nicht mehr transparent kommuniziert werden und allerlei widerspr\u00fcchliches Zeug (Maske, &hellip; <a href=\"https:\/\/www.schiebener.net\/wordpress\/moin-ihr-bremsscheiben-und-hygienefilter-haha-hatschi\/\" class=\"more-link\"><span class=\"screen-reader-text\">\u201eMoin, ihr Bremsscheiben und Hygienefilter: Haha, Hatschi!\u201c <\/span>weiterlesen<\/a><\/p>\n","protected":false},"author":3,"featured_media":0,"comment_status":"open","ping_status":"open","sticky":false,"template":"","format":"standard","meta":{"footnotes":""},"categories":[7088],"tags":[8645,8609,8821,8926,8610],"class_list":["post-52558","post","type-post","status-publish","format-standard","hentry","category-gesundheit","tag-corona-krise","tag-covid19","tag-impfungen","tag-omikron","tag-pandemie"],"_links":{"self":[{"href":"https:\/\/www.schiebener.net\/wordpress\/wp-json\/wp\/v2\/posts\/52558","targetHints":{"allow":["GET"]}}],"collection":[{"href":"https:\/\/www.schiebener.net\/wordpress\/wp-json\/wp\/v2\/posts"}],"about":[{"href":"https:\/\/www.schiebener.net\/wordpress\/wp-json\/wp\/v2\/types\/post"}],"author":[{"embeddable":true,"href":"https:\/\/www.schiebener.net\/wordpress\/wp-json\/wp\/v2\/users\/3"}],"replies":[{"embeddable":true,"href":"https:\/\/www.schiebener.net\/wordpress\/wp-json\/wp\/v2\/comments?post=52558"}],"version-history":[{"count":0,"href":"https:\/\/www.schiebener.net\/wordpress\/wp-json\/wp\/v2\/posts\/52558\/revisions"}],"wp:attachment":[{"href":"https:\/\/www.schiebener.net\/wordpress\/wp-json\/wp\/v2\/media?parent=52558"}],"wp:term":[{"taxonomy":"category","embeddable":true,"href":"https:\/\/www.schiebener.net\/wordpress\/wp-json\/wp\/v2\/categories?post=52558"},{"taxonomy":"post_tag","embeddable":true,"href":"https:\/\/www.schiebener.net\/wordpress\/wp-json\/wp\/v2\/tags?post=52558"}],"curies":[{"name":"wp","href":"https:\/\/api.w.org\/{rel}","templated":true}]}}