{"id":52469,"date":"2022-06-14T14:14:54","date_gmt":"2022-06-14T12:14:54","guid":{"rendered":"https:\/\/www.schiebener.net\/wordpress\/?p=52469"},"modified":"2022-06-14T14:14:54","modified_gmt":"2022-06-14T12:14:54","slug":"hsk-die-naechste-corona-welle-nimmt-fahrt-auf-mobile-impfangebote-im-zeitraum-vom-20-bis-26-juni","status":"publish","type":"post","link":"https:\/\/www.schiebener.net\/wordpress\/hsk-die-naechste-corona-welle-nimmt-fahrt-auf-mobile-impfangebote-im-zeitraum-vom-20-bis-26-juni\/","title":{"rendered":"HSK: Die n\u00e4chste Corona-Welle nimmt Fahrt auf. Mobile Impfangebote im Zeitraum vom 20. bis 26. Juni"},"content":{"rendered":"<div class=\"wp-block-image\">\n<figure class=\"aligncenter size-large is-resized\"><a href=\"https:\/\/www.schiebener.net\/wordpress\/wp-content\/uploads\/2022\/06\/20220614SiebenTageInzidenzen.jpg\" target=\"_blank\" rel=\"noreferrer noopener\"><img decoding=\"async\" src=\"https:\/\/www.schiebener.net\/wordpress\/wp-content\/uploads\/2022\/06\/20220614SiebenTageInzidenzen-1024x494.jpg\" alt=\"\" class=\"wp-image-52470\" width=\"700\" srcset=\"https:\/\/www.schiebener.net\/wordpress\/wp-content\/uploads\/2022\/06\/20220614SiebenTageInzidenzen-1024x494.jpg 1024w, https:\/\/www.schiebener.net\/wordpress\/wp-content\/uploads\/2022\/06\/20220614SiebenTageInzidenzen-300x145.jpg 300w, https:\/\/www.schiebener.net\/wordpress\/wp-content\/uploads\/2022\/06\/20220614SiebenTageInzidenzen-768x371.jpg 768w, https:\/\/www.schiebener.net\/wordpress\/wp-content\/uploads\/2022\/06\/20220614SiebenTageInzidenzen-1536x741.jpg 1536w, https:\/\/www.schiebener.net\/wordpress\/wp-content\/uploads\/2022\/06\/20220614SiebenTageInzidenzen-1200x579.jpg 1200w, https:\/\/www.schiebener.net\/wordpress\/wp-content\/uploads\/2022\/06\/20220614SiebenTageInzidenzen.jpg 1849w\" sizes=\"(max-width: 709px) 85vw, (max-width: 909px) 67vw, (max-width: 1362px) 62vw, 840px\" \/><\/a><figcaption>Die Entwicklung der 7-Tage-Inzidenz (RKI) im Hochsauerlandkreis seit dem 24. Mai 2022 (Quelle: Corona-Dashboard HSK)<\/figcaption><\/figure>\n<\/div>\n\n\n<p><strong>Hochsauerlandkreis. Die Koordinierende COVID-Impfeinheit bietet in der kommenden Woche in Schmallenberg, Meschede und Medebach mobiles Impfen an.<\/strong><\/p>\n\n\n\n<p>Sehr gut, denn die Corona-Sommerwelle nimmt anscheinend wieder an Fahrt auf (siehe Abbildung oben).<\/p>\n\n\n\n<p>Falls ihr noch keinen vollst\u00e4ndigen Impfschutz habt, nutzt die Gelegenheit. Die Impfung sch\u00fctzt zwar nicht vor einer Infektion, aber vor einem schweren Verlauf. <\/p>\n\n\n\n<ul class=\"wp-block-list\"><li>20.06.2022\u00a0\u00a0\u00a0\u00a0\u00a0 <strong>Schmallenberg, <\/strong>Alexanderhaus, Kirchplatz 1, 14-18 Uhr<\/li><li>24.06.2022\u00a0\u00a0\u00a0\u00a0\u00a0 <strong>Meschede-Hennesee, <\/strong>Live am See, Auf der Dammkrone an der Himmelstreppe, 17-22 Uhr (Impfbus)<\/li><li>26.06.2022\u00a0\u00a0\u00a0\u00a0\u00a0 <strong>Medebach, <\/strong>Stra\u00dfenmalerfestival, Hinterstra\u00dfe\/Ecke Martinstra\u00dfe, 11-16 Uhr (Impfbus) \u00a0\u00a0\u00a0\u00a0\u00a0\u00a0\u00a0\u00a0\u00a0\u00a0\u00a0<\/li><\/ul>\n\n\n\n<p>Das Angebot richtet sich an alle Impfwilligen ab 5 Jahren. Auch ukrainische Fl\u00fcchtlinge sind herzlich willkommen. <br><br>Es werden alle Impfungen gem\u00e4\u00df Stiko-Empfehlung von der Erst- bis zur 2. Auffrischungsimpfung angeboten. <br><br>Als Impfstoffe sind BionTech, Moderna und Novavax vorr\u00e4tig. Mitzubringen sind Personalausweis, Impfausweis bzw. die Impfmappe mit den Unterlagen der bisherigen Impfungen.<br><br>Weitere Informationen finden Interessierte unter <a rel=\"noreferrer noopener\" href=\"http:\/\/www.hochsauerlandkreis.de\" target=\"_blank\">www.hochsauerlandkreis.de<\/a>.<\/p>\n","protected":false},"excerpt":{"rendered":"<p>Hochsauerlandkreis. Die Koordinierende COVID-Impfeinheit bietet in der kommenden Woche in Schmallenberg, Meschede und Medebach mobiles Impfen an. Sehr gut, denn die Corona-Sommerwelle nimmt anscheinend wieder an Fahrt auf (siehe Abbildung &hellip; <a href=\"https:\/\/www.schiebener.net\/wordpress\/hsk-die-naechste-corona-welle-nimmt-fahrt-auf-mobile-impfangebote-im-zeitraum-vom-20-bis-26-juni\/\" class=\"more-link\"><span class=\"screen-reader-text\">\u201eHSK: Die n\u00e4chste Corona-Welle nimmt Fahrt auf. Mobile Impfangebote im Zeitraum vom 20. bis 26. Juni\u201c <\/span>weiterlesen<\/a><\/p>\n","protected":false},"author":3,"featured_media":0,"comment_status":"open","ping_status":"open","sticky":false,"template":"","format":"standard","meta":{"footnotes":""},"categories":[7088,303,80,1043],"tags":[8645,8609,8821,8926,8610],"class_list":["post-52469","post","type-post","status-publish","format-standard","hentry","category-gesundheit","category-in-unserem-briefkasten","category-lokales","category-pressemitteilungen","tag-corona-krise","tag-covid19","tag-impfungen","tag-omikron","tag-pandemie"],"_links":{"self":[{"href":"https:\/\/www.schiebener.net\/wordpress\/wp-json\/wp\/v2\/posts\/52469","targetHints":{"allow":["GET"]}}],"collection":[{"href":"https:\/\/www.schiebener.net\/wordpress\/wp-json\/wp\/v2\/posts"}],"about":[{"href":"https:\/\/www.schiebener.net\/wordpress\/wp-json\/wp\/v2\/types\/post"}],"author":[{"embeddable":true,"href":"https:\/\/www.schiebener.net\/wordpress\/wp-json\/wp\/v2\/users\/3"}],"replies":[{"embeddable":true,"href":"https:\/\/www.schiebener.net\/wordpress\/wp-json\/wp\/v2\/comments?post=52469"}],"version-history":[{"count":0,"href":"https:\/\/www.schiebener.net\/wordpress\/wp-json\/wp\/v2\/posts\/52469\/revisions"}],"wp:attachment":[{"href":"https:\/\/www.schiebener.net\/wordpress\/wp-json\/wp\/v2\/media?parent=52469"}],"wp:term":[{"taxonomy":"category","embeddable":true,"href":"https:\/\/www.schiebener.net\/wordpress\/wp-json\/wp\/v2\/categories?post=52469"},{"taxonomy":"post_tag","embeddable":true,"href":"https:\/\/www.schiebener.net\/wordpress\/wp-json\/wp\/v2\/tags?post=52469"}],"curies":[{"name":"wp","href":"https:\/\/api.w.org\/{rel}","templated":true}]}}