{"id":52260,"date":"2022-05-12T20:43:18","date_gmt":"2022-05-12T18:43:18","guid":{"rendered":"https:\/\/www.schiebener.net\/wordpress\/?p=52260"},"modified":"2022-05-12T20:43:18","modified_gmt":"2022-05-12T18:43:18","slug":"sbl-fraktion-beantragt-den-naturschutzpreistraeger-norbert-panek-als-sachverstaendigen-in-den-umweltausschuss-einzuladen","status":"publish","type":"post","link":"https:\/\/www.schiebener.net\/wordpress\/sbl-fraktion-beantragt-den-naturschutzpreistraeger-norbert-panek-als-sachverstaendigen-in-den-umweltausschuss-einzuladen\/","title":{"rendered":"SBL-Fraktion beantragt, den Naturschutzpreistr\u00e4ger Norbert Panek als Sachverst\u00e4ndigen in den Umweltausschuss einzuladen."},"content":{"rendered":"\n<div class=\"wp-block-image is-style-rounded\"><figure class=\"aligncenter size-full is-resized\"><img decoding=\"async\" src=\"https:\/\/www.schiebener.net\/wordpress\/wp-content\/uploads\/2022\/05\/20220512Umweltausschuss.jpg\" alt=\"\" class=\"wp-image-52263\" width=\"700\" srcset=\"https:\/\/www.schiebener.net\/wordpress\/wp-content\/uploads\/2022\/05\/20220512Umweltausschuss.jpg 1024w, https:\/\/www.schiebener.net\/wordpress\/wp-content\/uploads\/2022\/05\/20220512Umweltausschuss-300x225.jpg 300w, https:\/\/www.schiebener.net\/wordpress\/wp-content\/uploads\/2022\/05\/20220512Umweltausschuss-768x576.jpg 768w\" sizes=\"(max-width: 709px) 85vw, (max-width: 909px) 67vw, (max-width: 1362px) 62vw, 840px\" \/><\/figure><\/div>\n\n\n\n<p><strong>Monokulturen, Waldb\u00f6den<\/strong><br>Sp\u00e4testens seit der Flutkatastrophe im Sommer 2021 lassen sich auch f\u00fcr unsere Region die verheerenden Auswirkungen des Klimawandels nicht mehr leugnen. Aus kleinen B\u00e4chen und Fl\u00fcssen wurden durch den Starkregen in k\u00fcrzester Zeit rei\u00dfende Fl\u00fcsse mit zerst\u00f6rerischer Gewalt. Greenpeace und etliche andere Umweltverb\u00e4nde gehen davon aus, dass die fehlende Schutzfunktion der Mittelgebirgsw\u00e4lder zu diesem Desaster beigetragen hat. Denn Monokulturen und die starke Bewirtschaftung der W\u00e4lder bewirkten eine Verdichtung der Waldb\u00f6den und verringerten somit dessen F\u00e4higkeit, Wasser zu speichern.<\/p>\n\n\n\n<p><em>(Der Artikel ist zuerst <a href=\"http:\/\/sbl-fraktion.de\/?p=10580\" target=\"_blank\" rel=\"noreferrer noopener\">auf der Website der Sauerl\u00e4nder B\u00fcrgerliste<\/a> erschienen.)<\/em><\/p>\n\n\n\n<p><strong>Hier im Sauerland<\/strong><br>Wie wir allerorten im Sauerland sehen k\u00f6nnen, kommen auch in unseren von St\u00fcrmen gesch\u00e4digten W\u00e4ldern vermehrt schwere Forstmaschinen zum Einsatz. Die brachialen Ger\u00e4te verdichten die B\u00f6den bekanntlich sehr stark. Dadurch k\u00f6nnen sich die f\u00fcr Waldb\u00f6den und eine gesunde Natur so wichtigen Pilze und Bakterien nur schlecht entwickeln. Das beeintr\u00e4chtigt wiederum das Baumwachstum und f\u00fchrt letztendlich, neben diversen anderen sch\u00e4dlichen Auswirkungen, wieder zu der bereits oben erw\u00e4hnten reduzierten Wasserspeicherf\u00e4higkeit der Waldb\u00f6den.<\/p>\n\n\n\n<p><strong>Antrag der Fraktion Sauerl\u00e4nder B\u00fcrgerliste (SBL)<\/strong><br>Um die Art und Weise der Waldbewirtschaftung im Sauerland besser beurteilen zu k\u00f6nnen beantragte die SBL-Fraktion am 29.04.2022, den Waldsch\u00fctzer Norbert Panek als Referenten in den Umweltausschuss einzuladen. Der Ausschuss f\u00fcr Umwelt, Landwirtschaft und Forsten tagt voraussichtlich am 18.05.2022.<br><br><strong>Herr Panek m\u00f6chte bitte darstellen:<\/strong><\/p>\n\n\n\n<ul class=\"wp-block-list\"><li>Wie sich kurz- und langfristig eine nicht naturschonende und wenig sachgem\u00e4\u00dfe Waldbewirtschaftung (mit Harvestern und anderem schweren Ger\u00e4t) in unseren W\u00e4ldern und unseren Waldb\u00f6den auswirken wird,<\/li><li>wie sich diese Form der Waldbewirtschaftung bei Extremwetter-Ereignissen auswirken kann,<\/li><li>wie elementar wichtig ein nat\u00fcrlich gewachsener und gesunder Lebensraum Wald f\u00fcr Mensch, Tier und Umwelt jetzt und in Zukunft ist.<\/li><\/ul>\n\n\n\n<p>PS: Die Sitzung des Ausschusses f\u00fcr Umwelt, Landwirtschaft und Forsten ist \u00f6ffentlich.<\/p>\n","protected":false},"excerpt":{"rendered":"<p>Monokulturen, Waldb\u00f6denSp\u00e4testens seit der Flutkatastrophe im Sommer 2021 lassen sich auch f\u00fcr unsere Region die verheerenden Auswirkungen des Klimawandels nicht mehr leugnen. Aus kleinen B\u00e4chen und Fl\u00fcssen wurden durch den &hellip; <a href=\"https:\/\/www.schiebener.net\/wordpress\/sbl-fraktion-beantragt-den-naturschutzpreistraeger-norbert-panek-als-sachverstaendigen-in-den-umweltausschuss-einzuladen\/\" class=\"more-link\"><span class=\"screen-reader-text\">\u201eSBL-Fraktion beantragt, den Naturschutzpreistr\u00e4ger Norbert Panek als Sachverst\u00e4ndigen in den Umweltausschuss einzuladen.\u201c <\/span>weiterlesen<\/a><\/p>\n","protected":false},"author":17,"featured_media":0,"comment_status":"open","ping_status":"open","sticky":false,"template":"","format":"standard","meta":{"footnotes":""},"categories":[8406,80,549],"tags":[494,6854,3209],"class_list":["post-52260","post","type-post","status-publish","format-standard","hentry","category-klimakrise","category-lokales","category-umwelt","tag-kreistag-meschede","tag-sauerlaender-buergerliste-sblfw","tag-umweltausschuss"],"_links":{"self":[{"href":"https:\/\/www.schiebener.net\/wordpress\/wp-json\/wp\/v2\/posts\/52260","targetHints":{"allow":["GET"]}}],"collection":[{"href":"https:\/\/www.schiebener.net\/wordpress\/wp-json\/wp\/v2\/posts"}],"about":[{"href":"https:\/\/www.schiebener.net\/wordpress\/wp-json\/wp\/v2\/types\/post"}],"author":[{"embeddable":true,"href":"https:\/\/www.schiebener.net\/wordpress\/wp-json\/wp\/v2\/users\/17"}],"replies":[{"embeddable":true,"href":"https:\/\/www.schiebener.net\/wordpress\/wp-json\/wp\/v2\/comments?post=52260"}],"version-history":[{"count":0,"href":"https:\/\/www.schiebener.net\/wordpress\/wp-json\/wp\/v2\/posts\/52260\/revisions"}],"wp:attachment":[{"href":"https:\/\/www.schiebener.net\/wordpress\/wp-json\/wp\/v2\/media?parent=52260"}],"wp:term":[{"taxonomy":"category","embeddable":true,"href":"https:\/\/www.schiebener.net\/wordpress\/wp-json\/wp\/v2\/categories?post=52260"},{"taxonomy":"post_tag","embeddable":true,"href":"https:\/\/www.schiebener.net\/wordpress\/wp-json\/wp\/v2\/tags?post=52260"}],"curies":[{"name":"wp","href":"https:\/\/api.w.org\/{rel}","templated":true}]}}