{"id":52145,"date":"2022-05-01T23:34:12","date_gmt":"2022-05-01T21:34:12","guid":{"rendered":"https:\/\/www.schiebener.net\/wordpress\/?p=52145"},"modified":"2022-05-02T19:47:30","modified_gmt":"2022-05-02T17:47:30","slug":"hafencity-hamburg-wer-hat-der-gibt","status":"publish","type":"post","link":"https:\/\/www.schiebener.net\/wordpress\/hafencity-hamburg-wer-hat-der-gibt\/","title":{"rendered":"Hafencity Hamburg: Wer hat, der gibt&#8230;"},"content":{"rendered":"\n<div class=\"wp-block-image\"><figure class=\"aligncenter size-large is-resized\"><a href=\"https:\/\/www.schiebener.net\/wordpress\/wp-content\/uploads\/2022\/05\/2022050101Hamburg.jpg\" target=\"_blank\" rel=\"noopener\"><img decoding=\"async\" src=\"https:\/\/www.schiebener.net\/wordpress\/wp-content\/uploads\/2022\/05\/2022050101Hamburg-1024x683.jpg\" alt=\"\" class=\"wp-image-52146\" width=\"700\" srcset=\"https:\/\/www.schiebener.net\/wordpress\/wp-content\/uploads\/2022\/05\/2022050101Hamburg-1024x683.jpg 1024w, https:\/\/www.schiebener.net\/wordpress\/wp-content\/uploads\/2022\/05\/2022050101Hamburg-300x200.jpg 300w, https:\/\/www.schiebener.net\/wordpress\/wp-content\/uploads\/2022\/05\/2022050101Hamburg-768x512.jpg 768w, https:\/\/www.schiebener.net\/wordpress\/wp-content\/uploads\/2022\/05\/2022050101Hamburg-1536x1024.jpg 1536w, https:\/\/www.schiebener.net\/wordpress\/wp-content\/uploads\/2022\/05\/2022050101Hamburg-1200x800.jpg 1200w, https:\/\/www.schiebener.net\/wordpress\/wp-content\/uploads\/2022\/05\/2022050101Hamburg.jpg 2048w\" sizes=\"(max-width: 709px) 85vw, (max-width: 909px) 67vw, (max-width: 1362px) 62vw, 840px\" \/><\/a><figcaption>Touristenblick mit Elbphilharmonie (foto: zoom)<\/figcaption><\/figure><\/div>\n\n\n\n<p><strong>Die offiziele DGB-Maikundgebung hatte ich am Morgen geschw\u00e4nzt und stattdessen die Freibadsaison im Holthusenbad er\u00f6ffnet.<\/strong><br><br>Als wir sp\u00e4ter im Touri-Modus durch die Hafencity, diesem teuren Wohn- und Lebenstraum in Beton, schlenderten, hat mich doch noch eine der heute zahlreichen Demos zum 1. Mai erwischt.<\/p>\n\n\n\n<div class=\"wp-block-image\"><figure class=\"aligncenter size-large is-resized\"><a href=\"https:\/\/www.schiebener.net\/wordpress\/wp-content\/uploads\/2022\/05\/2022050103Hamburg.jpg\" target=\"_blank\" rel=\"noopener\"><img decoding=\"async\" src=\"https:\/\/www.schiebener.net\/wordpress\/wp-content\/uploads\/2022\/05\/2022050103Hamburg-1024x683.jpg\" alt=\"\" class=\"wp-image-52147\" width=\"700\" srcset=\"https:\/\/www.schiebener.net\/wordpress\/wp-content\/uploads\/2022\/05\/2022050103Hamburg-1024x683.jpg 1024w, https:\/\/www.schiebener.net\/wordpress\/wp-content\/uploads\/2022\/05\/2022050103Hamburg-300x200.jpg 300w, https:\/\/www.schiebener.net\/wordpress\/wp-content\/uploads\/2022\/05\/2022050103Hamburg-768x512.jpg 768w, https:\/\/www.schiebener.net\/wordpress\/wp-content\/uploads\/2022\/05\/2022050103Hamburg-1536x1024.jpg 1536w, https:\/\/www.schiebener.net\/wordpress\/wp-content\/uploads\/2022\/05\/2022050103Hamburg-1200x800.jpg 1200w, https:\/\/www.schiebener.net\/wordpress\/wp-content\/uploads\/2022\/05\/2022050103Hamburg.jpg 2048w\" sizes=\"(max-width: 709px) 85vw, (max-width: 909px) 67vw, (max-width: 1362px) 62vw, 840px\" \/><\/a><figcaption>Demonstrationswagen kurz vor dem Start des Demonstrationszugs. (foto: zoom)<\/figcaption><\/figure><\/div>\n\n\n\n<p>&#8222;Tausende Menschen sind am heutigen Sonntag den Aufrufen linker und linksextremer Gruppen zu drei gr\u00f6\u00dferen Demonstrationen in Hamburg gefolgt&#8220;, beschreibt <a rel=\"noreferrer noopener\" href=\"https:\/\/www.ndr.de\/nachrichten\/hamburg\/Tausende-bei-linken-Demos-am-1-Mai-in-Hamburg,tagderarbeit174.html\" target=\"_blank\">der NDR<\/a>. <\/p>\n\n\n\n<p>Am fr\u00fchen Nachmittag zogen rund 2000 Menschen unter dem Motto &#8222;Wer hat, der gibt&#8220; von der Elbphilharmonie zur Warburg Bank an der Binnenalster.  Die Demonstrant:innen forderten soziale Gerechtigkeit auch in Krisenzeiten. <\/p>\n\n\n\n<div class=\"wp-block-image\"><figure class=\"aligncenter size-large is-resized\"><a href=\"https:\/\/www.schiebener.net\/wordpress\/wp-content\/uploads\/2022\/05\/2022050102Hamburg.jpg\" target=\"_blank\" rel=\"noopener\"><img decoding=\"async\" src=\"https:\/\/www.schiebener.net\/wordpress\/wp-content\/uploads\/2022\/05\/2022050102Hamburg-1024x683.jpg\" alt=\"\" class=\"wp-image-52148\" width=\"700\" srcset=\"https:\/\/www.schiebener.net\/wordpress\/wp-content\/uploads\/2022\/05\/2022050102Hamburg-1024x683.jpg 1024w, https:\/\/www.schiebener.net\/wordpress\/wp-content\/uploads\/2022\/05\/2022050102Hamburg-300x200.jpg 300w, https:\/\/www.schiebener.net\/wordpress\/wp-content\/uploads\/2022\/05\/2022050102Hamburg-768x512.jpg 768w, https:\/\/www.schiebener.net\/wordpress\/wp-content\/uploads\/2022\/05\/2022050102Hamburg-1536x1024.jpg 1536w, https:\/\/www.schiebener.net\/wordpress\/wp-content\/uploads\/2022\/05\/2022050102Hamburg-1200x800.jpg 1200w, https:\/\/www.schiebener.net\/wordpress\/wp-content\/uploads\/2022\/05\/2022050102Hamburg.jpg 2048w\" sizes=\"(max-width: 709px) 85vw, (max-width: 909px) 67vw, (max-width: 1362px) 62vw, 840px\" \/><\/a><figcaption>Das Thema &#8222;Wohnen&#8220; spiele eine gro\u00dfe Rolle. (foto: zoom)<\/figcaption><\/figure><\/div>\n\n\n\n<p>Nicht erst seit Corona und dem Krieg in der Ukraine w\u00fcrden die Reichen immer reicher und die Armen immer \u00e4rmer. Viele Menschen litten unter den steigenden Lebenshaltungskosten und hohen Mieten. Wohnraum in der Stadt w\u00e4re f\u00fcr normale B\u00fcrger:innen fast unbezahlbar. Quadratmetermieten von 15\/16 Euro seien nicht selten.<\/p>\n\n\n\n<div class=\"wp-block-image\"><figure class=\"aligncenter size-large\"><img loading=\"lazy\" decoding=\"async\" width=\"683\" height=\"1024\" src=\"https:\/\/www.schiebener.net\/wordpress\/wp-content\/uploads\/2022\/05\/2022050105Hamburg-683x1024.jpg\" alt=\"\" class=\"wp-image-52150\" srcset=\"https:\/\/www.schiebener.net\/wordpress\/wp-content\/uploads\/2022\/05\/2022050105Hamburg-683x1024.jpg 683w, https:\/\/www.schiebener.net\/wordpress\/wp-content\/uploads\/2022\/05\/2022050105Hamburg-200x300.jpg 200w, https:\/\/www.schiebener.net\/wordpress\/wp-content\/uploads\/2022\/05\/2022050105Hamburg-768x1152.jpg 768w, https:\/\/www.schiebener.net\/wordpress\/wp-content\/uploads\/2022\/05\/2022050105Hamburg-1024x1536.jpg 1024w, https:\/\/www.schiebener.net\/wordpress\/wp-content\/uploads\/2022\/05\/2022050105Hamburg-1200x1800.jpg 1200w, https:\/\/www.schiebener.net\/wordpress\/wp-content\/uploads\/2022\/05\/2022050105Hamburg.jpg 1365w\" sizes=\"auto, (max-width: 709px) 85vw, (max-width: 909px) 67vw, (max-width: 984px) 61vw, (max-width: 1362px) 45vw, 600px\" \/><figcaption>Ironische Aktion: In der Hafencity konnte man heute nicht nur teuren Wohnraum, sondern gleich auch den Protest dagegen mieten. (foto: zoom)<\/figcaption><\/figure><\/div>\n\n\n\n<p>Die Verm\u00f6genden des Landes sollten f\u00fcr die Kosten der Krisen bezahlen. In Sprechch\u00f6ren wurde &#8222;Wer hat, der gibt. Wer nicht gibt, wird enteignet&#8220; skandiert.<\/p>\n\n\n\n<div class=\"wp-block-image\"><figure class=\"aligncenter size-large is-resized\"><a href=\"https:\/\/www.schiebener.net\/wordpress\/wp-content\/uploads\/2022\/05\/2022050104Hamburg.jpg\" target=\"_blank\" rel=\"noopener\"><img decoding=\"async\" src=\"https:\/\/www.schiebener.net\/wordpress\/wp-content\/uploads\/2022\/05\/2022050104Hamburg-1024x677.jpg\" alt=\"\" class=\"wp-image-52149\" width=\"700\" srcset=\"https:\/\/www.schiebener.net\/wordpress\/wp-content\/uploads\/2022\/05\/2022050104Hamburg-1024x677.jpg 1024w, https:\/\/www.schiebener.net\/wordpress\/wp-content\/uploads\/2022\/05\/2022050104Hamburg-300x198.jpg 300w, https:\/\/www.schiebener.net\/wordpress\/wp-content\/uploads\/2022\/05\/2022050104Hamburg-768x508.jpg 768w, https:\/\/www.schiebener.net\/wordpress\/wp-content\/uploads\/2022\/05\/2022050104Hamburg-1536x1016.jpg 1536w, https:\/\/www.schiebener.net\/wordpress\/wp-content\/uploads\/2022\/05\/2022050104Hamburg-1200x793.jpg 1200w, https:\/\/www.schiebener.net\/wordpress\/wp-content\/uploads\/2022\/05\/2022050104Hamburg.jpg 2048w\" sizes=\"(max-width: 709px) 85vw, (max-width: 909px) 67vw, (max-width: 1362px) 62vw, 840px\" \/><\/a><figcaption>Die Kulisse einiger Geb\u00e4ude der Hafencity (foto: zoom)<\/figcaption><\/figure><\/div>\n\n\n\n<p>Wohnen sei ein Grundbed\u00fcrfnis und keine Ware, meinten die Aktivisten und Aktivistinnen. <\/p>\n\n\n\n<div class=\"wp-block-image\"><figure class=\"aligncenter size-large is-resized\"><img decoding=\"async\" src=\"https:\/\/www.schiebener.net\/wordpress\/wp-content\/uploads\/2022\/05\/2022050106Hamburg-1024x469.jpg\" alt=\"\" class=\"wp-image-52151\" width=\"700\" srcset=\"https:\/\/www.schiebener.net\/wordpress\/wp-content\/uploads\/2022\/05\/2022050106Hamburg-1024x469.jpg 1024w, https:\/\/www.schiebener.net\/wordpress\/wp-content\/uploads\/2022\/05\/2022050106Hamburg-300x137.jpg 300w, https:\/\/www.schiebener.net\/wordpress\/wp-content\/uploads\/2022\/05\/2022050106Hamburg-768x351.jpg 768w, https:\/\/www.schiebener.net\/wordpress\/wp-content\/uploads\/2022\/05\/2022050106Hamburg-1536x703.jpg 1536w, https:\/\/www.schiebener.net\/wordpress\/wp-content\/uploads\/2022\/05\/2022050106Hamburg-1200x549.jpg 1200w, https:\/\/www.schiebener.net\/wordpress\/wp-content\/uploads\/2022\/05\/2022050106Hamburg.jpg 2048w\" sizes=\"(max-width: 709px) 85vw, (max-width: 909px) 67vw, (max-width: 1362px) 62vw, 840px\" \/><figcaption>Ob das die &#8222;starken Polizeikr\u00e4fte&#8220; sind? (foto: zoom)<\/figcaption><\/figure><\/div>\n\n\n\n<p>Der Demonstrationszug wurde von &#8222;starken Polizeikr\u00e4ften begleitet&#8220;, hie\u00df es in den Medien. Zwischenf\u00e4lle gab es nicht.<br><br><\/p>\n","protected":false},"excerpt":{"rendered":"<p>Die offiziele DGB-Maikundgebung hatte ich am Morgen geschw\u00e4nzt und stattdessen die Freibadsaison im Holthusenbad er\u00f6ffnet. Als wir sp\u00e4ter im Touri-Modus durch die Hafencity, diesem teuren Wohn- und Lebenstraum in Beton, &hellip; <a href=\"https:\/\/www.schiebener.net\/wordpress\/hafencity-hamburg-wer-hat-der-gibt\/\" class=\"more-link\"><span class=\"screen-reader-text\">\u201eHafencity Hamburg: Wer hat, der gibt&#8230;\u201c <\/span>weiterlesen<\/a><\/p>\n","protected":false},"author":3,"featured_media":0,"comment_status":"open","ping_status":"open","sticky":false,"template":"","format":"standard","meta":{"footnotes":""},"categories":[83,24,2729,4761,1208],"tags":[395,8987,3471,61,7266],"class_list":["post-52145","post","type-post","status-publish","format-standard","hentry","category-hamburg-allgemein","category-politik","category-reisen","category-soziales","category-wirtschaft","tag-demonstration","tag-gerechtigkeit","tag-hafencity","tag-hamburg","tag-mieten"],"_links":{"self":[{"href":"https:\/\/www.schiebener.net\/wordpress\/wp-json\/wp\/v2\/posts\/52145","targetHints":{"allow":["GET"]}}],"collection":[{"href":"https:\/\/www.schiebener.net\/wordpress\/wp-json\/wp\/v2\/posts"}],"about":[{"href":"https:\/\/www.schiebener.net\/wordpress\/wp-json\/wp\/v2\/types\/post"}],"author":[{"embeddable":true,"href":"https:\/\/www.schiebener.net\/wordpress\/wp-json\/wp\/v2\/users\/3"}],"replies":[{"embeddable":true,"href":"https:\/\/www.schiebener.net\/wordpress\/wp-json\/wp\/v2\/comments?post=52145"}],"version-history":[{"count":0,"href":"https:\/\/www.schiebener.net\/wordpress\/wp-json\/wp\/v2\/posts\/52145\/revisions"}],"wp:attachment":[{"href":"https:\/\/www.schiebener.net\/wordpress\/wp-json\/wp\/v2\/media?parent=52145"}],"wp:term":[{"taxonomy":"category","embeddable":true,"href":"https:\/\/www.schiebener.net\/wordpress\/wp-json\/wp\/v2\/categories?post=52145"},{"taxonomy":"post_tag","embeddable":true,"href":"https:\/\/www.schiebener.net\/wordpress\/wp-json\/wp\/v2\/tags?post=52145"}],"curies":[{"name":"wp","href":"https:\/\/api.w.org\/{rel}","templated":true}]}}