{"id":52096,"date":"2022-04-25T11:53:59","date_gmt":"2022-04-25T09:53:59","guid":{"rendered":"https:\/\/www.schiebener.net\/wordpress\/?p=52096"},"modified":"2022-04-25T11:54:01","modified_gmt":"2022-04-25T09:54:01","slug":"nestbeschmutzung-kahler-asten-jetzt-neu-mit-pollern-und-ohne-rustikale-sitzbaenke-am-cafe","status":"publish","type":"post","link":"https:\/\/www.schiebener.net\/wordpress\/nestbeschmutzung-kahler-asten-jetzt-neu-mit-pollern-und-ohne-rustikale-sitzbaenke-am-cafe\/","title":{"rendered":"Nestbeschmutzung: Kahler Asten &#8211; jetzt neu mit Pollern und ohne rustikale Sitzb\u00e4nke am Caf\u00e9"},"content":{"rendered":"\n<div class=\"wp-block-image\"><figure class=\"aligncenter size-large is-resized\"><img decoding=\"async\" src=\"https:\/\/www.schiebener.net\/wordpress\/wp-content\/uploads\/2022\/04\/2022042402KahlerAsten-1024x683.jpg\" alt=\"\" class=\"wp-image-52097\" width=\"700\" srcset=\"https:\/\/www.schiebener.net\/wordpress\/wp-content\/uploads\/2022\/04\/2022042402KahlerAsten-1024x683.jpg 1024w, https:\/\/www.schiebener.net\/wordpress\/wp-content\/uploads\/2022\/04\/2022042402KahlerAsten-300x200.jpg 300w, https:\/\/www.schiebener.net\/wordpress\/wp-content\/uploads\/2022\/04\/2022042402KahlerAsten-768x512.jpg 768w, https:\/\/www.schiebener.net\/wordpress\/wp-content\/uploads\/2022\/04\/2022042402KahlerAsten-1536x1024.jpg 1536w, https:\/\/www.schiebener.net\/wordpress\/wp-content\/uploads\/2022\/04\/2022042402KahlerAsten-1200x800.jpg 1200w, https:\/\/www.schiebener.net\/wordpress\/wp-content\/uploads\/2022\/04\/2022042402KahlerAsten.jpg 2048w\" sizes=\"(max-width: 709px) 85vw, (max-width: 909px) 67vw, (max-width: 1362px) 62vw, 840px\" \/><figcaption>Poller auf dem Parkplatz (foto: zoom)<\/figcaption><\/figure><\/div>\n\n\n\n<p><strong>Nachdem ich am Samstag den <a href=\"https:\/\/www.schiebener.net\/wordpress\/kleine-fluchten-der-odenberg\/\" target=\"_blank\" rel=\"noreferrer noopener\">Fr\u00fchlingswald auf dem Odenberg<\/a> bewundert hatte, bin ich gestern zu einem kleinen Abendspaziergang auf den Kahlen Asten gefahren.<\/strong><\/p>\n\n\n\n<p>Neu waren mir die Poller auf dem Parkplatz. Wird vielleicht etwas mit Parkraumdisziplinierung und Auffahrunfallverhinderung zu tun haben, aber etwas genaues wei\u00df ich nicht. Nichts gelesen, nichts geh\u00f6rt.<br><br>Verschwunden sind die rustikalen Sitzb\u00e4nke und die geschwungenen h\u00f6lzernen Ruhesessel vor dem Caf\u00e9. Die habe ich immer sehr gemocht, aber nun sind sie einer 08-15-Gartenm\u00f6belgarnitur gewichen.<\/p>\n\n\n\n<div class=\"wp-block-image\"><figure class=\"aligncenter size-large is-resized\"><img decoding=\"async\" src=\"https:\/\/www.schiebener.net\/wordpress\/wp-content\/uploads\/2022\/04\/2022042401KahlerAsten-1024x683.jpg\" alt=\"\" class=\"wp-image-52098\" width=\"700\" srcset=\"https:\/\/www.schiebener.net\/wordpress\/wp-content\/uploads\/2022\/04\/2022042401KahlerAsten-1024x683.jpg 1024w, https:\/\/www.schiebener.net\/wordpress\/wp-content\/uploads\/2022\/04\/2022042401KahlerAsten-300x200.jpg 300w, https:\/\/www.schiebener.net\/wordpress\/wp-content\/uploads\/2022\/04\/2022042401KahlerAsten-768x512.jpg 768w, https:\/\/www.schiebener.net\/wordpress\/wp-content\/uploads\/2022\/04\/2022042401KahlerAsten-1536x1024.jpg 1536w, https:\/\/www.schiebener.net\/wordpress\/wp-content\/uploads\/2022\/04\/2022042401KahlerAsten-1200x800.jpg 1200w, https:\/\/www.schiebener.net\/wordpress\/wp-content\/uploads\/2022\/04\/2022042401KahlerAsten.jpg 2048w\" sizes=\"(max-width: 709px) 85vw, (max-width: 909px) 67vw, (max-width: 1362px) 62vw, 840px\" \/><figcaption>Die rustikalen bequemen Sitzgelegenheiten sind verschwunden. Wohin? (foto: zoom)<\/figcaption><\/figure><\/div>\n\n\n\n<p>Kurz und schlecht: Der Kahle Asten hat mich entt\u00e4uscht.  Na ja, fast. Was immer klappt ist ein Bild mit kahlem Baum vor leerer Landschaft mit Weitsicht.<\/p>\n\n\n\n<div class=\"wp-block-image\"><figure class=\"aligncenter size-large is-resized\"><img decoding=\"async\" src=\"https:\/\/www.schiebener.net\/wordpress\/wp-content\/uploads\/2022\/04\/2022042403KahlerAsten-1024x683.jpg\" alt=\"\" class=\"wp-image-52101\" width=\"700\" srcset=\"https:\/\/www.schiebener.net\/wordpress\/wp-content\/uploads\/2022\/04\/2022042403KahlerAsten-1024x683.jpg 1024w, https:\/\/www.schiebener.net\/wordpress\/wp-content\/uploads\/2022\/04\/2022042403KahlerAsten-300x200.jpg 300w, https:\/\/www.schiebener.net\/wordpress\/wp-content\/uploads\/2022\/04\/2022042403KahlerAsten-768x512.jpg 768w, https:\/\/www.schiebener.net\/wordpress\/wp-content\/uploads\/2022\/04\/2022042403KahlerAsten-1536x1024.jpg 1536w, https:\/\/www.schiebener.net\/wordpress\/wp-content\/uploads\/2022\/04\/2022042403KahlerAsten-1200x800.jpg 1200w, https:\/\/www.schiebener.net\/wordpress\/wp-content\/uploads\/2022\/04\/2022042403KahlerAsten.jpg 2048w\" sizes=\"(max-width: 709px) 85vw, (max-width: 909px) 67vw, (max-width: 1362px) 62vw, 840px\" \/><figcaption>Die kahlen Solit\u00e4re haben immer noch Charme. (foto: zoom)<\/figcaption><\/figure><\/div>\n\n\n\n<p>Vielleicht hatte ich gestern Abend auch nur meine Negativ-Brille auf. Wer wei\u00df. Es war kalt und ungem\u00fctlich.  Und wie wir alle gelernt haben: Das Sein bestimmt das Bewusstsein. Und manchmal auch umgekehrt oder wild durcheinander.<br><br><\/p>\n","protected":false},"excerpt":{"rendered":"<p>Nachdem ich am Samstag den Fr\u00fchlingswald auf dem Odenberg bewundert hatte, bin ich gestern zu einem kleinen Abendspaziergang auf den Kahlen Asten gefahren. Neu waren mir die Poller auf dem &hellip; <a href=\"https:\/\/www.schiebener.net\/wordpress\/nestbeschmutzung-kahler-asten-jetzt-neu-mit-pollern-und-ohne-rustikale-sitzbaenke-am-cafe\/\" class=\"more-link\"><span class=\"screen-reader-text\">\u201eNestbeschmutzung: Kahler Asten &#8211; jetzt neu mit Pollern und ohne rustikale Sitzb\u00e4nke am Caf\u00e9\u201c <\/span>weiterlesen<\/a><\/p>\n","protected":false},"author":3,"featured_media":0,"comment_status":"open","ping_status":"open","sticky":false,"template":"","format":"standard","meta":{"footnotes":""},"categories":[174,1732,2489,80,549],"tags":[1058],"class_list":["post-52096","post","type-post","status-publish","format-standard","hentry","category-dit-und-dat","category-freizeit","category-in-eigener-sache","category-lokales","category-umwelt","tag-kahler-asten"],"_links":{"self":[{"href":"https:\/\/www.schiebener.net\/wordpress\/wp-json\/wp\/v2\/posts\/52096","targetHints":{"allow":["GET"]}}],"collection":[{"href":"https:\/\/www.schiebener.net\/wordpress\/wp-json\/wp\/v2\/posts"}],"about":[{"href":"https:\/\/www.schiebener.net\/wordpress\/wp-json\/wp\/v2\/types\/post"}],"author":[{"embeddable":true,"href":"https:\/\/www.schiebener.net\/wordpress\/wp-json\/wp\/v2\/users\/3"}],"replies":[{"embeddable":true,"href":"https:\/\/www.schiebener.net\/wordpress\/wp-json\/wp\/v2\/comments?post=52096"}],"version-history":[{"count":0,"href":"https:\/\/www.schiebener.net\/wordpress\/wp-json\/wp\/v2\/posts\/52096\/revisions"}],"wp:attachment":[{"href":"https:\/\/www.schiebener.net\/wordpress\/wp-json\/wp\/v2\/media?parent=52096"}],"wp:term":[{"taxonomy":"category","embeddable":true,"href":"https:\/\/www.schiebener.net\/wordpress\/wp-json\/wp\/v2\/categories?post=52096"},{"taxonomy":"post_tag","embeddable":true,"href":"https:\/\/www.schiebener.net\/wordpress\/wp-json\/wp\/v2\/tags?post=52096"}],"curies":[{"name":"wp","href":"https:\/\/api.w.org\/{rel}","templated":true}]}}