{"id":52055,"date":"2022-04-20T17:05:38","date_gmt":"2022-04-20T15:05:38","guid":{"rendered":"https:\/\/www.schiebener.net\/wordpress\/?p=52055"},"modified":"2022-04-20T17:05:40","modified_gmt":"2022-04-20T15:05:40","slug":"ueberraschung-zum-hundertsten-landrat-ueberreicht-dr-adalbert-muellmann-sonderpublikation-des-kreises","status":"publish","type":"post","link":"https:\/\/www.schiebener.net\/wordpress\/ueberraschung-zum-hundertsten-landrat-ueberreicht-dr-adalbert-muellmann-sonderpublikation-des-kreises\/","title":{"rendered":"\u00dcberraschung zum Hundertsten: Landrat \u00fcberreicht Dr. Adalbert M\u00fcllmann Sonderpublikation des Kreises"},"content":{"rendered":"\n<div class=\"wp-block-image\"><figure class=\"aligncenter size-large is-resized\"><a href=\"https:\/\/www.schiebener.net\/wordpress\/wp-content\/uploads\/2022\/04\/2022042002AdalbertMuellmann.jpg\" target=\"_blank\" rel=\"noopener\"><img decoding=\"async\" src=\"https:\/\/www.schiebener.net\/wordpress\/wp-content\/uploads\/2022\/04\/2022042002AdalbertMuellmann-1024x850.jpg\" alt=\"\" class=\"wp-image-52056\" width=\"698\" srcset=\"https:\/\/www.schiebener.net\/wordpress\/wp-content\/uploads\/2022\/04\/2022042002AdalbertMuellmann-1024x850.jpg 1024w, https:\/\/www.schiebener.net\/wordpress\/wp-content\/uploads\/2022\/04\/2022042002AdalbertMuellmann-300x249.jpg 300w, https:\/\/www.schiebener.net\/wordpress\/wp-content\/uploads\/2022\/04\/2022042002AdalbertMuellmann-768x637.jpg 768w, https:\/\/www.schiebener.net\/wordpress\/wp-content\/uploads\/2022\/04\/2022042002AdalbertMuellmann-1536x1274.jpg 1536w, https:\/\/www.schiebener.net\/wordpress\/wp-content\/uploads\/2022\/04\/2022042002AdalbertMuellmann-1200x996.jpg 1200w, https:\/\/www.schiebener.net\/wordpress\/wp-content\/uploads\/2022\/04\/2022042002AdalbertMuellmann.jpg 2048w\" sizes=\"(max-width: 709px) 85vw, (max-width: 909px) 67vw, (max-width: 1362px) 62vw, 840px\" \/><\/a><figcaption>&#8222;100 Jahre Dr. Adalbert M\u00fcllmann&#8220;: Bei seinem Besuch im Beisein der Angeh\u00f6rigen in Brilon beim ehemaligen Oberkreisdirektor des HSK \u00fcbergab Landrat Dr. Karl Schneider als Herausgeber ihm eine Sonderpublikation, die den Altersjubilar in besonderer Weise w\u00fcrdigt. (Pressefoto HSK)<\/figcaption><\/figure><\/div>\n\n\n\n<p><strong>Landrat Dr. Karl Schneider gelang am heutigen Mittwoch bei seinem Besuch des fr\u00fcheren Oberkreisdirektors des Hochsauerlandkreises Dr. Adalbert M\u00fcllmann in Brilon eine besondere \u00dcberraschung:<\/strong> <br><br>Dr. M\u00fcllmann, der am 13. April 100 Jahre alt geworden war, konnte von Dr. Schneider als Herausgeber eine Sonderpublikation des Hochsauerlandkreises pers\u00f6nlich entgegennehmen. Diese widmet sich unter dem Titel <em>\u201eDr. Adalbert M\u00fcllmann \u2013 Ann\u00e4herung an ein Jahrhundert-Leben\u201c<\/em> den vielen Verdiensten des Jubilars f\u00fcr das Sauerland.<\/p>\n\n\n\n<p>Auf 65 Seiten in drei Kapiteln erfahren interessierte Leserinnen und Leser aus vielerlei Perspektiven Wissenswertes \u00fcber den 1922 in Papenburg an der Ems geborenen Kapit\u00e4nssohn und Juristen, der ab 1958 als Oberkreisdirektor des ehemaligen Kreises Brilon und sp\u00e4ter als erster Oberkreisdirektor des neugegr\u00fcndeten Hochsauerlandkreises f\u00fcr viele \u00fcberragende Leistungen in Verwaltung, Politik und Gesellschaft verantwortlich zeichnen konnte. Sie sind bis heute f\u00fcr das b\u00fcrgerschaftliche Leben im Sauerland pr\u00e4gend.<\/p>\n\n\n\n<p><strong>\u201eErfolgreiches Zusammenf\u00fchren dreier ehemaliger Kreisverwaltungen zum HSK\u201c<\/strong><\/p>\n\n\n\n<p>\u201eMit Dr. M\u00fcllmann untrennbar verbunden sind die erfolgreiche kommunale Neugliederung 1975, der Aufbau und das Zusammenf\u00fchren dreier ehemaliger Kreisverwaltungen zum HSK sowie die Schaffung eines Kreisbewusstseins bei den B\u00fcrgerinnen und B\u00fcrgern. Vorbildlich ist sein Einsatz f\u00fcr Bildung und Kultur und zur F\u00f6rderung der Heimatpflege. Sein Dr\u00e4ngen auf den Einklang zwischen Naturschutz, dem Erholungsbed\u00fcrfnis der Menschen und den Erfordernissen der Wirtschaft wirken bis in die Gegenwart\u201c, ist sich Dr. Schneider sicher.<\/p>\n\n\n\n<p>Dr. Adalbert M\u00fcllmann selbst sieht sich mit 100 Jahren l\u00e4ngst fest im Sauerland verankert: \u201eHeimat ist keine nostalgische Scheinidylle, sondern eigene und pers\u00f6nliche Entscheidung dazu, was eigentlich Aufgabe allen Politischen ist, n\u00e4mlich das Leben menschlicher zu machen und in der Gemeinschaft Kr\u00e4fte zu b\u00fcndeln.\u201c<\/p>\n\n\n\n<p>Zitate von Dr. M\u00fcllmann wie dieses oder gar auch Anekdoten und Pers\u00f6nliches finden sich an vielen Stellen der Geburtstags-Schrift. Auch Wegbegleiter kommen zu Wort. Die Publikation, an der die Pressestelle des HSK, J\u00fcrgen Uhl sowie das Kreisarchiv, Susi Frank beteiligt waren und die auf die Idee des Landrates sowie des Fachbereichsleiters Zentrale Dienste und Kultur, Ulrich Bork zur\u00fcckgeht, ist auf 250 Exemplare limitiert. Das Buch ist aber fortw\u00e4hrend im Pr\u00e4senzbestand des Kreisarchivs in Meschede vorhanden.<\/p>\n","protected":false},"excerpt":{"rendered":"<p>Landrat Dr. Karl Schneider gelang am heutigen Mittwoch bei seinem Besuch des fr\u00fcheren Oberkreisdirektors des Hochsauerlandkreises Dr. Adalbert M\u00fcllmann in Brilon eine besondere \u00dcberraschung: Dr. M\u00fcllmann, der am 13. April &hellip; <a href=\"https:\/\/www.schiebener.net\/wordpress\/ueberraschung-zum-hundertsten-landrat-ueberreicht-dr-adalbert-muellmann-sonderpublikation-des-kreises\/\" class=\"more-link\"><span class=\"screen-reader-text\">\u201e\u00dcberraschung zum Hundertsten: Landrat \u00fcberreicht Dr. Adalbert M\u00fcllmann Sonderpublikation des Kreises\u201c <\/span>weiterlesen<\/a><\/p>\n","protected":false},"author":17,"featured_media":0,"comment_status":"open","ping_status":"open","sticky":false,"template":"","format":"standard","meta":{"footnotes":""},"categories":[218,319,303,6,80,24,1043],"tags":[8984,196],"class_list":["post-52055","post","type-post","status-publish","format-standard","hentry","category-bucher","category-geschichte","category-in-unserem-briefkasten","category-kalenderblatt","category-lokales","category-politik","category-pressemitteilungen","tag-dr-adalbert-muellmann","tag-geburtstag"],"_links":{"self":[{"href":"https:\/\/www.schiebener.net\/wordpress\/wp-json\/wp\/v2\/posts\/52055","targetHints":{"allow":["GET"]}}],"collection":[{"href":"https:\/\/www.schiebener.net\/wordpress\/wp-json\/wp\/v2\/posts"}],"about":[{"href":"https:\/\/www.schiebener.net\/wordpress\/wp-json\/wp\/v2\/types\/post"}],"author":[{"embeddable":true,"href":"https:\/\/www.schiebener.net\/wordpress\/wp-json\/wp\/v2\/users\/17"}],"replies":[{"embeddable":true,"href":"https:\/\/www.schiebener.net\/wordpress\/wp-json\/wp\/v2\/comments?post=52055"}],"version-history":[{"count":0,"href":"https:\/\/www.schiebener.net\/wordpress\/wp-json\/wp\/v2\/posts\/52055\/revisions"}],"wp:attachment":[{"href":"https:\/\/www.schiebener.net\/wordpress\/wp-json\/wp\/v2\/media?parent=52055"}],"wp:term":[{"taxonomy":"category","embeddable":true,"href":"https:\/\/www.schiebener.net\/wordpress\/wp-json\/wp\/v2\/categories?post=52055"},{"taxonomy":"post_tag","embeddable":true,"href":"https:\/\/www.schiebener.net\/wordpress\/wp-json\/wp\/v2\/tags?post=52055"}],"curies":[{"name":"wp","href":"https:\/\/api.w.org\/{rel}","templated":true}]}}