{"id":51899,"date":"2022-04-01T22:10:40","date_gmt":"2022-04-01T21:10:40","guid":{"rendered":"https:\/\/www.schiebener.net\/wordpress\/?p=51899"},"modified":"2022-05-15T19:57:02","modified_gmt":"2022-05-15T17:57:02","slug":"vernetzung-im-kunst-werk-am-kaiserhaus-in-arnsberg-neheim-gute-arbeit-kreativer-standort-was-braucht-es-dafuer","status":"publish","type":"post","link":"https:\/\/www.schiebener.net\/wordpress\/vernetzung-im-kunst-werk-am-kaiserhaus-in-arnsberg-neheim-gute-arbeit-kreativer-standort-was-braucht-es-dafuer\/","title":{"rendered":"Vernetzung im Kunst-Werk am Kaiserhaus in Arnsberg-Neheim: &#8222;Gute Arbeit, kreativer Standort \u2013 was braucht es daf\u00fcr?&#8220;"},"content":{"rendered":"\n<figure class=\"wp-block-image size-large is-resized\"><a href=\"https:\/\/www.schiebener.net\/wordpress\/wp-content\/uploads\/2022\/04\/2022032507NeheimKreativ.jpg\" target=\"_blank\" rel=\"noopener\"><img decoding=\"async\" src=\"https:\/\/www.schiebener.net\/wordpress\/wp-content\/uploads\/2022\/04\/2022032507NeheimKreativ-1024x683.jpg\" alt=\"\" class=\"wp-image-51900\" width=\"700\" srcset=\"https:\/\/www.schiebener.net\/wordpress\/wp-content\/uploads\/2022\/04\/2022032507NeheimKreativ-1024x683.jpg 1024w, https:\/\/www.schiebener.net\/wordpress\/wp-content\/uploads\/2022\/04\/2022032507NeheimKreativ-300x200.jpg 300w, https:\/\/www.schiebener.net\/wordpress\/wp-content\/uploads\/2022\/04\/2022032507NeheimKreativ-768x512.jpg 768w, https:\/\/www.schiebener.net\/wordpress\/wp-content\/uploads\/2022\/04\/2022032507NeheimKreativ-1536x1024.jpg 1536w, https:\/\/www.schiebener.net\/wordpress\/wp-content\/uploads\/2022\/04\/2022032507NeheimKreativ-1200x800.jpg 1200w, https:\/\/www.schiebener.net\/wordpress\/wp-content\/uploads\/2022\/04\/2022032507NeheimKreativ.jpg 2048w\" sizes=\"(max-width: 709px) 85vw, (max-width: 909px) 67vw, (max-width: 1362px) 62vw, 840px\" \/><\/a><figcaption>W\u00e4hrend sich Tobias B\u00e4cker (rechts) auf die Moderation vorbereitet, versucht die Technik (links) den CDU-Politiker Klaus Kaiser auf den Monitor zu bekommen. (foto: zoom)<\/figcaption><\/figure>\n\n\n\n<p><strong>F\u00fcr das <a href=\"https:\/\/medialab.nrw\/\">MediaLAB.NRW<\/a> habe ich am vergangenen Freitag den letzten Stopp der Roadshow \u201e<a rel=\"noreferrer noopener\" href=\"https:\/\/www.creative.nrw.de\/news\/artikel\/gute-arbeit-kreativer-standort-was-braucht-es-dafuer.html\" target=\"_blank\">CREATIVE.Spaces exploring Good Work<\/a>\u201c in Neheim besucht. Oder ohne kreatives Denglish: Ich hatte als Blogger eine Einladung, wusste nicht, was auf mich zukommen sollte, kannte weder Kaiserhaus noch das Kunst-Werk und hatte Zeit. Wenn es sein musste, auch zur Vernetzung.<\/strong><\/p>\n\n\n\n<p>Das <a rel=\"noreferrer noopener\" href=\"https:\/\/www.kunst-werk-arnsberg.de\/\" target=\"_blank\">KUNST-WERK am Kaiserhaus<\/a> in Arnsberg hatte alle Interessierten eingeladen, gemeinsam zu diskutieren, wie die Kultur- und Kreativwirtschaft die Standortattraktivit\u00e4t steigern und Unternehmen bei der Gewinnung von Fachkr\u00e4ften unterst\u00fctzen k\u00f6nne.<br><br><strong>Die Problemstellung f\u00fcr Arnsberg\/Neheim<\/strong><\/p>\n\n\n\n<p>Den Mangel an Fach- und F\u00fchrungskr\u00e4ften aufgrund des demografischen Wandels in Deutschland bek\u00e4men vor allem mittelst\u00e4ndische Unternehmen zu sp\u00fcren, die nicht in so attraktiven Metropolen wie beispielsweise Hamburg, Berlin, K\u00f6ln, D\u00fcsseldorf, Frankfurt oder M\u00fcnchen s\u00e4\u00dfen. <br><br>S\u00fcdwestfalen z\u00e4hle allerdings zu den st\u00e4rksten Industrieregionen Deutschlands. Dabei litten viele der in Arnsberg ans\u00e4ssigen Unternehmen unter dem Fachkr\u00e4ftemangel und seien dankbar, wenn lokale kreative Netzwerke wie das KUNST-WERK am Kaiserhaus mit seinem vielf\u00e4ltigen Programm zur Attraktivit\u00e4t des Standortes beitragen. <\/p>\n\n\n\n<figure class=\"wp-block-image size-large is-resized\"><a href=\"https:\/\/www.schiebener.net\/wordpress\/wp-content\/uploads\/2022\/04\/2022032501NeheimKreativ.jpg\" target=\"_blank\" rel=\"noopener\"><img decoding=\"async\" src=\"https:\/\/www.schiebener.net\/wordpress\/wp-content\/uploads\/2022\/04\/2022032501NeheimKreativ-1024x683.jpg\" alt=\"\" class=\"wp-image-51902\" width=\"700\" srcset=\"https:\/\/www.schiebener.net\/wordpress\/wp-content\/uploads\/2022\/04\/2022032501NeheimKreativ-1024x683.jpg 1024w, https:\/\/www.schiebener.net\/wordpress\/wp-content\/uploads\/2022\/04\/2022032501NeheimKreativ-300x200.jpg 300w, https:\/\/www.schiebener.net\/wordpress\/wp-content\/uploads\/2022\/04\/2022032501NeheimKreativ-768x512.jpg 768w, https:\/\/www.schiebener.net\/wordpress\/wp-content\/uploads\/2022\/04\/2022032501NeheimKreativ-1536x1024.jpg 1536w, https:\/\/www.schiebener.net\/wordpress\/wp-content\/uploads\/2022\/04\/2022032501NeheimKreativ-1200x800.jpg 1200w, https:\/\/www.schiebener.net\/wordpress\/wp-content\/uploads\/2022\/04\/2022032501NeheimKreativ.jpg 2048w\" sizes=\"(max-width: 709px) 85vw, (max-width: 909px) 67vw, (max-width: 1362px) 62vw, 840px\" \/><\/a><figcaption>F\u00fchrung durch die R\u00e4ume der alten Leuchten-Fabrik (foto: zoom)<\/figcaption><\/figure>\n\n\n\n<p>In den alten Industriehallen der Kaiser-Leuchten angesiedelt, kooperieren Kreative unterschiedlicher Disziplinen unter einem Dach. Die KUNST-WERKer:innen \u00f6ffnen ihre Atelier-, B\u00fcro- und Studiot\u00fcren f\u00fcr verschiedene Anl\u00e4sse und laden zu Workshops, Ausstellungen, Theaterauff\u00fchrungen, Konzerten und Lesungen ein. So wird ein wichtiger Begegnungsort nicht nur f\u00fcr Arnsberger:innen geschaffen.<\/p>\n\n\n\n<p><strong>Welche Fragen stellen sich?<\/strong><\/p>\n\n\n\n<div class=\"wp-block-image\"><figure class=\"aligncenter size-large is-resized\"><img decoding=\"async\" src=\"https:\/\/www.schiebener.net\/wordpress\/wp-content\/uploads\/2022\/04\/2022032506NeheimKreativ-1024x683.jpg\" alt=\"\" class=\"wp-image-51901\" width=\"700\" srcset=\"https:\/\/www.schiebener.net\/wordpress\/wp-content\/uploads\/2022\/04\/2022032506NeheimKreativ-1024x683.jpg 1024w, https:\/\/www.schiebener.net\/wordpress\/wp-content\/uploads\/2022\/04\/2022032506NeheimKreativ-300x200.jpg 300w, https:\/\/www.schiebener.net\/wordpress\/wp-content\/uploads\/2022\/04\/2022032506NeheimKreativ-768x512.jpg 768w, https:\/\/www.schiebener.net\/wordpress\/wp-content\/uploads\/2022\/04\/2022032506NeheimKreativ-1536x1024.jpg 1536w, https:\/\/www.schiebener.net\/wordpress\/wp-content\/uploads\/2022\/04\/2022032506NeheimKreativ-1200x800.jpg 1200w, https:\/\/www.schiebener.net\/wordpress\/wp-content\/uploads\/2022\/04\/2022032506NeheimKreativ.jpg 2048w\" sizes=\"(max-width: 709px) 85vw, (max-width: 909px) 67vw, (max-width: 1362px) 62vw, 840px\" \/><figcaption>Vor der Diskussion, die St\u00fchle im Corona-Abstand (foto: zoom)<\/figcaption><\/figure><\/div>\n\n\n\n<p>Doch was hat sich durch die Corona-Pandemie f\u00fcr die Arbeit im KUNST-WERK ver\u00e4ndert? Welche neuen Konzepte braucht es, um auch zuk\u00fcnftig mit der lokalen Wirtschaft zu kooperieren und sie dabei zu unterst\u00fctzen, Fachkr\u00e4fte an den Standort zu binden? Was macht ein attraktives Umfeld aus, und wie kann die Kultur- und Kreativwirtschaft dazu beitragen, es zu st\u00e4rken? <\/p>\n\n\n\n<p><strong>Wer war dabei?<\/strong><br><br>\u00dcber diese Fragen haben unter der Moderation von Tobias B\u00e4cker (startklar a+b GmbH) Klaus Kaiser (Parlamentarischer Staatssekret\u00e4r im Ministerium f\u00fcr Kultur und Wissenschaft des Landes Nordrhein-Westfalen), Kirsten Minkel (Kulturb\u00fcro Arnsberg), Christoph Meinsch\u00e4fer (KUNST-WERK), Petra Ohlmeyer (Wesco), Dirk Pietz (Trilux) und&nbsp;Lars Morgenbrot (Smart City Arnsberg)&nbsp;in einer offenen Diskussion mit dem Publikum gesprochen. Klaus Kaiser befand sich in Quarant\u00e4ne und wurde per Livestream hinzugeschaltet.<\/p>\n\n\n\n<div class=\"wp-block-image\"><figure class=\"aligncenter size-full is-resized\"><a href=\"https:\/\/www.schiebener.net\/wordpress\/wp-content\/uploads\/2022\/04\/20220325CollageBabik.jpg\" target=\"_blank\" rel=\"noopener\"><img decoding=\"async\" src=\"https:\/\/www.schiebener.net\/wordpress\/wp-content\/uploads\/2022\/04\/20220325CollageBabik.jpg\" alt=\"\" class=\"wp-image-51904\" width=\"700\" srcset=\"https:\/\/www.schiebener.net\/wordpress\/wp-content\/uploads\/2022\/04\/20220325CollageBabik.jpg 1024w, https:\/\/www.schiebener.net\/wordpress\/wp-content\/uploads\/2022\/04\/20220325CollageBabik-300x100.jpg 300w, https:\/\/www.schiebener.net\/wordpress\/wp-content\/uploads\/2022\/04\/20220325CollageBabik-768x256.jpg 768w\" sizes=\"(max-width: 709px) 85vw, (max-width: 909px) 67vw, (max-width: 1362px) 62vw, 840px\" \/><\/a><figcaption>Roman Babik am Klavier (foto: zoom)<\/figcaption><\/figure><\/div>\n\n\n\n<figure class=\"wp-block-audio\"><audio controls src=\"https:\/\/www.schiebener.net\/wordpress\/wp-content\/uploads\/2022\/04\/20220325NeheimKreativSound.mp3\"><\/audio><\/figure>\n\n\n\n<p><br>Im Anschluss gab es noch ein kleines Konzert vom Musiker Roman Babik, dazu bei Snacks und Drinks Gelegenheit zu pers\u00f6nlichen Gespr\u00e4chen und zum Austausch.&nbsp;<\/p>\n\n\n\n<p><strong>Das Fazit<\/strong><\/p>\n\n\n\n<p>Die K\u00fcnstler:innen, Kreativen und Unternehmen, die sich im Kunst-Werk angesiedelt haben k\u00f6nnen nicht von Luft und Liebe leben. Ihre Dienstleistung ist das kulturelle Angebot: Ausstellungen, Konzerte, Workshops, R\u00e4ume f\u00fcr und Zusammenarbeit mit Schulklassen, Firmenevents. Sie erhoffen sich Unterst\u00fctzung von Politik (Land NRW, Stadt Arnsberg) und auch von den gro\u00dfen Wirtschaftsunternehmen in der Stadt. Ohne attraktive Kultur k\u00f6nne man gerade die hochqualifizierten Mitarbeiter:innen nur schwer halten. Die Stadt will den F\u00f6rderrahmen weiter ausbauen. Im Grunde genommen waren sich an diesem Samstag alle einig, dass es nur so ginge. <br><br>Ob die Diskussion, die Gespr\u00e4che und Vernetzungen eine positive materielle Wirkung haben, wird man ernsthaft erst nach einigen Jahren sehen. <\/p>\n\n\n\n<div class=\"wp-block-image\"><figure class=\"aligncenter size-large is-resized\"><a href=\"https:\/\/www.schiebener.net\/wordpress\/wp-content\/uploads\/2022\/04\/2022032509NeheimKreativ.jpg\" target=\"_blank\" rel=\"noopener\"><img decoding=\"async\" src=\"https:\/\/www.schiebener.net\/wordpress\/wp-content\/uploads\/2022\/04\/2022032509NeheimKreativ-1024x683.jpg\" alt=\"\" class=\"wp-image-51907\" width=\"700\" srcset=\"https:\/\/www.schiebener.net\/wordpress\/wp-content\/uploads\/2022\/04\/2022032509NeheimKreativ-1024x683.jpg 1024w, https:\/\/www.schiebener.net\/wordpress\/wp-content\/uploads\/2022\/04\/2022032509NeheimKreativ-300x200.jpg 300w, https:\/\/www.schiebener.net\/wordpress\/wp-content\/uploads\/2022\/04\/2022032509NeheimKreativ-768x512.jpg 768w, https:\/\/www.schiebener.net\/wordpress\/wp-content\/uploads\/2022\/04\/2022032509NeheimKreativ-1536x1024.jpg 1536w, https:\/\/www.schiebener.net\/wordpress\/wp-content\/uploads\/2022\/04\/2022032509NeheimKreativ-1200x800.jpg 1200w, https:\/\/www.schiebener.net\/wordpress\/wp-content\/uploads\/2022\/04\/2022032509NeheimKreativ.jpg 2048w\" sizes=\"(max-width: 709px) 85vw, (max-width: 909px) 67vw, (max-width: 1362px) 62vw, 840px\" \/><\/a><figcaption>Was man zum Leben braucht oder was will uns das Bild sagen?  (foto: zoom)<\/figcaption><\/figure><\/div>\n\n\n\n<p><strong>Mein kleines per\u00f6nliches Fazit<\/strong><br><br>Pers\u00f6nlich habe ich ein \u00e4u\u00dferst interessantes Geb\u00e4ude mit gro\u00dfartigen Projekten kennengelernt. Allein, um die Galerie BOGEN gr\u00fcndlicher zu erforschen, h\u00e4tte ich den ganzen Nachmittag gebraucht. Andauernd musste ich kleine Gespr\u00e4che abbrechen und dem n\u00e4chsten Punkt nachzueilen, um doch wiederum das n\u00e4chste Referat zu verpassen. <br><br><strong>Ich werde sicher wiederkommen. <\/strong><br><br>Vielleicht am <strong>21. Mai zur Kunstausstellung Granate von Rebekka Schulte<\/strong> im BOGEN oder, falls es die Pandemie erlaubt, zum <strong><a rel=\"noreferrer noopener\" href=\"https:\/\/www.kunst-werk-arnsberg.de\/bobby-sparks\" target=\"_blank\">Konzert von Bobby Sparks am 14. Mai<\/a>.<\/strong><br><\/p>\n\n\n\n<div class=\"wp-block-image\"><figure class=\"aligncenter size-large is-resized\"><a href=\"https:\/\/www.schiebener.net\/wordpress\/wp-content\/uploads\/2022\/04\/2022032503NeheimKreativ.jpg\" target=\"_blank\" rel=\"noopener\"><img decoding=\"async\" src=\"https:\/\/www.schiebener.net\/wordpress\/wp-content\/uploads\/2022\/04\/2022032503NeheimKreativ-1024x683.jpg\" alt=\"\" class=\"wp-image-51906\" width=\"700\" srcset=\"https:\/\/www.schiebener.net\/wordpress\/wp-content\/uploads\/2022\/04\/2022032503NeheimKreativ-1024x683.jpg 1024w, https:\/\/www.schiebener.net\/wordpress\/wp-content\/uploads\/2022\/04\/2022032503NeheimKreativ-300x200.jpg 300w, https:\/\/www.schiebener.net\/wordpress\/wp-content\/uploads\/2022\/04\/2022032503NeheimKreativ-768x512.jpg 768w, https:\/\/www.schiebener.net\/wordpress\/wp-content\/uploads\/2022\/04\/2022032503NeheimKreativ-1536x1025.jpg 1536w, https:\/\/www.schiebener.net\/wordpress\/wp-content\/uploads\/2022\/04\/2022032503NeheimKreativ-1200x800.jpg 1200w, https:\/\/www.schiebener.net\/wordpress\/wp-content\/uploads\/2022\/04\/2022032503NeheimKreativ.jpg 2048w\" sizes=\"(max-width: 709px) 85vw, (max-width: 909px) 67vw, (max-width: 1362px) 62vw, 840px\" \/><\/a><figcaption>Singer-Songwriter, Soundt\u00fcftler Martin Meinsch\u00e4fer an seinem &#8222;Arbeitsplatz&#8220;. Ich m\u00fcsse unbedingt zum Konzert von Bobby Sparks kommen. (foto: zoom)<\/figcaption><\/figure><\/div>\n\n\n\n<p>Der Mann sei ein Hammer, meint Martin Meinsch\u00e4fer, der am Samstag hinter seinem riesigen Mischpult sa\u00df und ansonsten selbst als Musiker und Songriter unterwegs ist.<\/p>\n\n\n\n<p>Der Name des mehrfachen Grammy-Gewinners Bobby Sparks, Gr\u00fcndungs-Mitglied bei der Kultband \u201eSnarky Puppy\u201c, sei vielleicht nicht jedem sofort gel\u00e4ufig, aber das werde sich bald \u00e4ndern. <\/p>\n\n\n\n<p>Bobby spielte live und im Studio mit vielen Weltstars:&nbsp;<\/p>\n\n\n\n<p>Prince, Herbie Hancock, Stanley Clarke, George Duke, Tower of Power, Marcus Miller, D\u2019Angelo, Lauryn Hill, Ray Charles, George Benson, Dave Koz, Lalah Hathaway, Roy Hargrove, Al Jarreau, Les McCann, Rahsaan Patterson, Poogie Bell, Dean Brown, Snarky Puppy, Kirk Whalum, David Sanborn, Nicolas Payton, usw.<\/p>\n\n\n\n<p>Seine Alben vereinigten eine Vielzahl verschiedener Musikstile. Die Einfl\u00fcsse von Bernie Worrell, P-Funk, George Duke, Stevie Wonder, D\u2019Angelo, Dizzy Gillespie und anderen wichtigen Wegbegleitern auf Sparks langer musikalischer Reise kann man in seinen Projekten deutlich erkennen.<\/p>\n\n\n\n<p>Also auf zum Kunst-Werk in Neheim. Zum Appetit anregen, durch die Website bl\u00e4ttern:<br><br><a rel=\"noreferrer noopener\" href=\"https:\/\/www.kunst-werk-arnsberg.de\/\" target=\"_blank\">https:\/\/www.kunst-werk-arnsberg.de\/<\/a><\/p>\n","protected":false},"excerpt":{"rendered":"<p>F\u00fcr das MediaLAB.NRW habe ich am vergangenen Freitag den letzten Stopp der Roadshow \u201eCREATIVE.Spaces exploring Good Work\u201c in Neheim besucht. Oder ohne kreatives Denglish: Ich hatte als Blogger eine Einladung, &hellip; <a href=\"https:\/\/www.schiebener.net\/wordpress\/vernetzung-im-kunst-werk-am-kaiserhaus-in-arnsberg-neheim-gute-arbeit-kreativer-standort-was-braucht-es-dafuer\/\" class=\"more-link\"><span class=\"screen-reader-text\">\u201eVernetzung im Kunst-Werk am Kaiserhaus in Arnsberg-Neheim: &#8222;Gute Arbeit, kreativer Standort \u2013 was braucht es daf\u00fcr?&#8220;\u201c <\/span>weiterlesen<\/a><\/p>\n","protected":false},"author":3,"featured_media":0,"comment_status":"open","ping_status":"open","sticky":false,"template":"","format":"standard","meta":{"footnotes":""},"categories":[674,854,80,32,27,24,3096,1208],"tags":[6126,8975,2450],"class_list":["post-51899","post","type-post","status-publish","format-standard","hentry","category-kultur","category-kunst","category-lokales","category-medien","category-musik","category-politik","category-urbanes-wohnen","category-wirtschaft","tag-der-bogen","tag-medialab-nrw","tag-neheim"],"_links":{"self":[{"href":"https:\/\/www.schiebener.net\/wordpress\/wp-json\/wp\/v2\/posts\/51899","targetHints":{"allow":["GET"]}}],"collection":[{"href":"https:\/\/www.schiebener.net\/wordpress\/wp-json\/wp\/v2\/posts"}],"about":[{"href":"https:\/\/www.schiebener.net\/wordpress\/wp-json\/wp\/v2\/types\/post"}],"author":[{"embeddable":true,"href":"https:\/\/www.schiebener.net\/wordpress\/wp-json\/wp\/v2\/users\/3"}],"replies":[{"embeddable":true,"href":"https:\/\/www.schiebener.net\/wordpress\/wp-json\/wp\/v2\/comments?post=51899"}],"version-history":[{"count":0,"href":"https:\/\/www.schiebener.net\/wordpress\/wp-json\/wp\/v2\/posts\/51899\/revisions"}],"wp:attachment":[{"href":"https:\/\/www.schiebener.net\/wordpress\/wp-json\/wp\/v2\/media?parent=51899"}],"wp:term":[{"taxonomy":"category","embeddable":true,"href":"https:\/\/www.schiebener.net\/wordpress\/wp-json\/wp\/v2\/categories?post=51899"},{"taxonomy":"post_tag","embeddable":true,"href":"https:\/\/www.schiebener.net\/wordpress\/wp-json\/wp\/v2\/tags?post=51899"}],"curies":[{"name":"wp","href":"https:\/\/api.w.org\/{rel}","templated":true}]}}